{"id":7494,"date":"2026-09-02T10:06:28","date_gmt":"2026-09-02T13:06:28","guid":{"rendered":"https:\/\/ciudaddelapunta.gob.ar\/01\/?p=7494"},"modified":"2026-09-02T10:56:26","modified_gmt":"2026-09-02T13:56:26","slug":"el-municipio-inauguro-las-obras-de-ampliacion-del-laboratorio-de-control-de-calidad-municipal-en-la-planta-de-agua-potabilizadora-i","status":"publish","type":"post","link":"https:\/\/ciudaddelapunta.gob.ar\/01\/el-municipio-inauguro-las-obras-de-ampliacion-del-laboratorio-de-control-de-calidad-municipal-en-la-planta-de-agua-potabilizadora-i\/","title":{"rendered":"EL MUNICIPIO INAUGUR\u00d3 LAS OBRAS DE AMPLIACI\u00d3N DEL LABORATORIO DE CONTROL DE CALIDAD MUNICIPAL EN LA PLANTA DE AGUA POTABILIZADORA I"},"content":{"rendered":"\n<p class=\"wp-block-paragraph\">La ampliaci\u00f3n de espacio de monitoreo y an\u00e1lisis microbiol\u00f3gico fortalecer\u00e1 la vigilancia del agua y los alimentos, garantizando est\u00e1ndares de salud p\u00fablica de vanguardia para todos los vecinos de nuestra ciudad.<\/p>\n\n\n\n<figure class=\"wp-block-image size-large\"><a href=\"https:\/\/ciudaddelapunta.gob.ar\/01\/wp-content\/uploads\/2026\/09\/1000353290-scaled.jpg\"><img fetchpriority=\"high\" decoding=\"async\" width=\"1024\" height=\"576\" src=\"https:\/\/ciudaddelapunta.gob.ar\/01\/wp-content\/uploads\/2026\/09\/1000353290-1024x576.jpg\" alt=\"\" class=\"wp-image-7495\" srcset=\"https:\/\/ciudaddelapunta.gob.ar\/01\/wp-content\/uploads\/2026\/09\/1000353290-1024x576.jpg 1024w, https:\/\/ciudaddelapunta.gob.ar\/01\/wp-content\/uploads\/2026\/09\/1000353290-300x169.jpg 300w, https:\/\/ciudaddelapunta.gob.ar\/01\/wp-content\/uploads\/2026\/09\/1000353290-768x432.jpg 768w, https:\/\/ciudaddelapunta.gob.ar\/01\/wp-content\/uploads\/2026\/09\/1000353290-1536x864.jpg 1536w, https:\/\/ciudaddelapunta.gob.ar\/01\/wp-content\/uploads\/2026\/09\/1000353290-2048x1152.jpg 2048w\" sizes=\"(max-width: 1024px) 100vw, 1024px\" \/><\/a><\/figure>\n\n\n\n<p class=\"wp-block-paragraph\">El acto estuvo encabezado por el Intendente Luciano Ayala,\u00a0 la Presidenta\u00a0 del Honorable Concejo Deliberante de la Punta, Roxana Oros, los concejales Clara Vinuesa, y Marcos Barzola.<\/p>\n\n\n\n<p class=\"wp-block-paragraph\">Este hito representa un avance estrat\u00e9gico y trascendental para La Punta, ya que dotar\u00e1 a la ciudad de herramientas propias de \u00faltima tecnolog\u00eda para cuidar la salud y el bienestar de los vecinos.<\/p>\n\n\n\n<figure class=\"wp-block-image size-large\"><a href=\"https:\/\/ciudaddelapunta.gob.ar\/01\/wp-content\/uploads\/2026\/09\/1000353283-scaled.jpg\"><img decoding=\"async\" width=\"1024\" height=\"576\" src=\"https:\/\/ciudaddelapunta.gob.ar\/01\/wp-content\/uploads\/2026\/09\/1000353283-1024x576.jpg\" alt=\"\" class=\"wp-image-7496\" srcset=\"https:\/\/ciudaddelapunta.gob.ar\/01\/wp-content\/uploads\/2026\/09\/1000353283-1024x576.jpg 1024w, https:\/\/ciudaddelapunta.gob.ar\/01\/wp-content\/uploads\/2026\/09\/1000353283-300x169.jpg 300w, https:\/\/ciudaddelapunta.gob.ar\/01\/wp-content\/uploads\/2026\/09\/1000353283-768x432.jpg 768w, https:\/\/ciudaddelapunta.gob.ar\/01\/wp-content\/uploads\/2026\/09\/1000353283-1536x864.jpg 1536w, https:\/\/ciudaddelapunta.gob.ar\/01\/wp-content\/uploads\/2026\/09\/1000353283-2048x1152.jpg 2048w\" sizes=\"(max-width: 1024px) 100vw, 1024px\" \/><\/a><\/figure>\n\n\n\n<p class=\"wp-block-paragraph\">El proyecto, impulsado en conjunto con la Secretar\u00eda de Servicios P\u00fablicos e impulsado bajo la labor t\u00e9cnica del Director de Control de Calidad, Daniel Mondino, consiste en la puesta en valor la ampliaci\u00f3n del Laboratorio Municipal de Microbiolog\u00eda para Agua, que inaugurado durante la gesti\u00f3n de Mart\u00edn Olivero, dot\u00e1ndolo ahora tambien con nuevos ex\u00e1menes no solo de agua, sino tambien de calidad alimentaria. La iniciativa busca realizar un monitoreo continuo, r\u00e1pido y preciso de pat\u00f3genos y par\u00e1metros de calidad tanto en la red de agua potable como en los alimentos. Con este laboratorio, equipado con \u00e1reas espec\u00edficas de preparaci\u00f3n, incubaci\u00f3n y an\u00e1lisis microbiol\u00f3gico, el municipio suma capacidades para prevenir enfermedades transmitidas por agua o alimentos, cumplir normativas rigurosas y dar respuesta inmediata ante cualquier eventualidad sanitaria.<\/p>\n\n\n\n<figure class=\"wp-block-image size-large\"><a href=\"https:\/\/ciudaddelapunta.gob.ar\/01\/wp-content\/uploads\/2026\/09\/1000353284-scaled.jpg\"><img decoding=\"async\" width=\"1024\" height=\"576\" src=\"https:\/\/ciudaddelapunta.gob.ar\/01\/wp-content\/uploads\/2026\/09\/1000353284-1024x576.jpg\" alt=\"\" class=\"wp-image-7499\" srcset=\"https:\/\/ciudaddelapunta.gob.ar\/01\/wp-content\/uploads\/2026\/09\/1000353284-1024x576.jpg 1024w, https:\/\/ciudaddelapunta.gob.ar\/01\/wp-content\/uploads\/2026\/09\/1000353284-300x169.jpg 300w, https:\/\/ciudaddelapunta.gob.ar\/01\/wp-content\/uploads\/2026\/09\/1000353284-768x432.jpg 768w, https:\/\/ciudaddelapunta.gob.ar\/01\/wp-content\/uploads\/2026\/09\/1000353284-1536x864.jpg 1536w, https:\/\/ciudaddelapunta.gob.ar\/01\/wp-content\/uploads\/2026\/09\/1000353284-2048x1152.jpg 2048w\" sizes=\"(max-width: 1024px) 100vw, 1024px\" \/><\/a><\/figure>\n\n\n\n<p class=\"wp-block-paragraph\">Durante la ceremonia de apertura, el intendente Luciano Ayala destac\u00f3 el valor de la concreci\u00f3n de este proyecto para la comunidad:<\/p>\n\n\n\n<p class=\"wp-block-paragraph\">\u00abLa creaci\u00f3n de este laboratorio municipal no es solo una gran inversi\u00f3n en infraestructura y tecnolog\u00eda, sino fundamentalmente un compromiso directo con la salud, la seguridad y la calidad de vida de cada vecino de La Punta. Contar con un control estricto y con sello propio sobre el agua que consumimos nos da la tranquilidad de que estamos protegiendo lo m\u00e1s valioso que tenemos, que es nuestra familia y nuestro futuro\u00bb.<\/p>\n\n\n\n<figure class=\"wp-block-image size-large\"><a href=\"https:\/\/ciudaddelapunta.gob.ar\/01\/wp-content\/uploads\/2026\/09\/1000353282-scaled.jpg\"><img loading=\"lazy\" decoding=\"async\" width=\"1024\" height=\"576\" src=\"https:\/\/ciudaddelapunta.gob.ar\/01\/wp-content\/uploads\/2026\/09\/1000353282-1024x576.jpg\" alt=\"\" class=\"wp-image-7498\" srcset=\"https:\/\/ciudaddelapunta.gob.ar\/01\/wp-content\/uploads\/2026\/09\/1000353282-1024x576.jpg 1024w, https:\/\/ciudaddelapunta.gob.ar\/01\/wp-content\/uploads\/2026\/09\/1000353282-300x169.jpg 300w, https:\/\/ciudaddelapunta.gob.ar\/01\/wp-content\/uploads\/2026\/09\/1000353282-768x432.jpg 768w, https:\/\/ciudaddelapunta.gob.ar\/01\/wp-content\/uploads\/2026\/09\/1000353282-1536x864.jpg 1536w, https:\/\/ciudaddelapunta.gob.ar\/01\/wp-content\/uploads\/2026\/09\/1000353282-2048x1152.jpg 2048w\" sizes=\"(max-width: 1024px) 100vw, 1024px\" \/><\/a><\/figure>\n\n\n\n<p class=\"wp-block-paragraph\">De esta manera, La Punta refuerza su soberan\u00eda e independencia t\u00e9cnica en materia de control sanitario ambiental. La puesta en marcha de estas mejoras consolida un modelo de gesti\u00f3n p\u00fablica enfocado en la prevenci\u00f3n y el desarrollo sostenible en la prestaci\u00f3n de los servicios esenciales para toda la ciudad.<\/p>\n\n\n\n<p class=\"wp-block-paragraph\">#GestionLucianoAyala<\/p>\n\n\n\n<p class=\"wp-block-paragraph\">&#x1f4f8; PH: Direcci\u00f3n de Prensa y Comunicaci\u00f3n<br>SEGUINOS EN NUESTRAS REDES OFICIALES: Facebook: Municipalidad de La Punta Instagram: @municipalidad_de_la_punta YouTube: @municipalidaddelapunta Sitio Web Oficial: ciudaddelapunta.gob.ar<br>\u00a1Sumate a nuestra comunidad digital y enterate de todo antes que nadie!<\/p>\n","protected":false},"excerpt":{"rendered":"<p>La ampliaci\u00f3n de espacio de monitoreo y an\u00e1lisis microbiol\u00f3gico fortalecer\u00e1 la vigilancia del agua y los alimentos, garantizando est\u00e1ndares de salud p\u00fablica de vanguardia para todos los vecinos de nuestra &#8230;<\/p>\n","protected":false},"author":37,"featured_media":7495,"comment_status":"closed","ping_status":"closed","sticky":false,"template":"","format":"standard","meta":{"footnotes":""},"categories":[19],"tags":[22,54,30,1059,116,73,1060],"class_list":["post-7494","post","type-post","status-publish","format-standard","has-post-thumbnail","hentry","category-noticias","tag-avanza-la-punta","tag-gobierno-de-san-luis","tag-la-punta","tag-laboratorio","tag-martin-olivero","tag-municipalidad-de-la-punta","tag-planta-de-agua-potabilizadora-i"],"_links":{"self":[{"href":"https:\/\/ciudaddelapunta.gob.ar\/01\/wp-json\/wp\/v2\/posts\/7494","targetHints":{"allow":["GET"]}}],"collection":[{"href":"https:\/\/ciudaddelapunta.gob.ar\/01\/wp-json\/wp\/v2\/posts"}],"about":[{"href":"https:\/\/ciudaddelapunta.gob.ar\/01\/wp-json\/wp\/v2\/types\/post"}],"author":[{"embeddable":true,"href":"https:\/\/ciudaddelapunta.gob.ar\/01\/wp-json\/wp\/v2\/users\/37"}],"replies":[{"embeddable":true,"href":"https:\/\/ciudaddelapunta.gob.ar\/01\/wp-json\/wp\/v2\/comments?post=7494"}],"version-history":[{"count":3,"href":"https:\/\/ciudaddelapunta.gob.ar\/01\/wp-json\/wp\/v2\/posts\/7494\/revisions"}],"predecessor-version":[{"id":7502,"href":"https:\/\/ciudaddelapunta.gob.ar\/01\/wp-json\/wp\/v2\/posts\/7494\/revisions\/7502"}],"wp:featuredmedia":[{"embeddable":true,"href":"https:\/\/ciudaddelapunta.gob.ar\/01\/wp-json\/wp\/v2\/media\/7495"}],"wp:attachment":[{"href":"https:\/\/ciudaddelapunta.gob.ar\/01\/wp-json\/wp\/v2\/media?parent=7494"}],"wp:term":[{"taxonomy":"category","embeddable":true,"href":"https:\/\/ciudaddelapunta.gob.ar\/01\/wp-json\/wp\/v2\/categories?post=7494"},{"taxonomy":"post_tag","embeddable":true,"href":"https:\/\/ciudaddelapunta.gob.ar\/01\/wp-json\/wp\/v2\/tags?post=7494"}],"curies":[{"name":"wp","href":"https:\/\/api.w.org\/{rel}","templated":true}]}}