{"id":7488,"date":"2026-09-01T09:22:15","date_gmt":"2026-09-01T12:22:15","guid":{"rendered":"https:\/\/ciudaddelapunta.gob.ar\/01\/?p=7488"},"modified":"2026-09-01T09:22:15","modified_gmt":"2026-09-01T12:22:15","slug":"jornada-de-asesoramiento-para-nuestros-adultos-mayores","status":"publish","type":"post","link":"https:\/\/ciudaddelapunta.gob.ar\/01\/jornada-de-asesoramiento-para-nuestros-adultos-mayores\/","title":{"rendered":"JORNADA DE ASESORAMIENTO PARA NUESTROS ADULTOS MAYORES"},"content":{"rendered":"\n<p class=\"wp-block-paragraph\"> Con gran concurrencia y entusiasmo, se llev\u00f3 a cabo una jornada pensada especialmente para el bienestar y la tranquilidad de los adultos mayores de nuestra comunidad. Recibimos la visita especial de San Luis +, junto a una abogada especialista en temas previsionales, quienes brindaron un valioso asesoramiento personalizado para responder cada una de las consultas planteadas.<\/p>\n\n\n\n<figure class=\"wp-block-image size-large\"><a href=\"https:\/\/ciudaddelapunta.gob.ar\/01\/wp-content\/uploads\/2026\/09\/1000350321.jpg\"><img fetchpriority=\"high\" decoding=\"async\" width=\"1024\" height=\"682\" src=\"https:\/\/ciudaddelapunta.gob.ar\/01\/wp-content\/uploads\/2026\/09\/1000350321-1024x682.jpg\" alt=\"\" class=\"wp-image-7489\" srcset=\"https:\/\/ciudaddelapunta.gob.ar\/01\/wp-content\/uploads\/2026\/09\/1000350321-1024x682.jpg 1024w, https:\/\/ciudaddelapunta.gob.ar\/01\/wp-content\/uploads\/2026\/09\/1000350321-300x200.jpg 300w, https:\/\/ciudaddelapunta.gob.ar\/01\/wp-content\/uploads\/2026\/09\/1000350321-767x511.jpg 767w, https:\/\/ciudaddelapunta.gob.ar\/01\/wp-content\/uploads\/2026\/09\/1000350321-1536x1023.jpg 1536w, https:\/\/ciudaddelapunta.gob.ar\/01\/wp-content\/uploads\/2026\/09\/1000350321.jpg 1600w\" sizes=\"(max-width: 1024px) 100vw, 1024px\" \/><\/a><\/figure>\n\n\n\n<p class=\"wp-block-paragraph\"> Natalia Funes, directora de Participaci\u00f3n Ciudadana, sector que impuls\u00f3 con la iniciativa, destac\u00f3 tras el encuentro:<\/p>\n\n\n\n<p class=\"wp-block-paragraph\">\u00abRealizamos un arduo trabajo constantemente y nos brinda una gran satisfacci\u00f3n haber podido ofrecer un espacio cercano y accesible donde nuestros adultos mayores pudieron resolver sus dudas acompa\u00f1ados por profesionales. Nuestro objetivo siempre es generar herramientas \u00fatiles que los respalden y les permitan sentirse contenidos y valorados.\u00bb<\/p>\n\n\n\n<figure class=\"wp-block-image size-large\"><a href=\"https:\/\/ciudaddelapunta.gob.ar\/01\/wp-content\/uploads\/2026\/09\/1000350329.jpg\"><img decoding=\"async\" width=\"1024\" height=\"682\" src=\"https:\/\/ciudaddelapunta.gob.ar\/01\/wp-content\/uploads\/2026\/09\/1000350329-1024x682.jpg\" alt=\"\" class=\"wp-image-7490\" srcset=\"https:\/\/ciudaddelapunta.gob.ar\/01\/wp-content\/uploads\/2026\/09\/1000350329-1024x682.jpg 1024w, https:\/\/ciudaddelapunta.gob.ar\/01\/wp-content\/uploads\/2026\/09\/1000350329-300x200.jpg 300w, https:\/\/ciudaddelapunta.gob.ar\/01\/wp-content\/uploads\/2026\/09\/1000350329-767x511.jpg 767w, https:\/\/ciudaddelapunta.gob.ar\/01\/wp-content\/uploads\/2026\/09\/1000350329-1536x1023.jpg 1536w, https:\/\/ciudaddelapunta.gob.ar\/01\/wp-content\/uploads\/2026\/09\/1000350329.jpg 1600w\" sizes=\"(max-width: 1024px) 100vw, 1024px\" \/><\/a><\/figure>\n\n\n\n<p class=\"wp-block-paragraph\"> Durante el encuentro, los vecinos pudieron resolver inquietudes sobre diversos tr\u00e1mites clave, tales como jubilaciones, pensiones, cambio de obra social, gestiones bancarias, apoderados y otros asuntos previsionales de inter\u00e9s. Esta oportunidad signific\u00f3 un importante beneficio para la comunidad, facilitando el acceso a la informaci\u00f3n de manera clara, promoviendo su autonom\u00eda y brind\u00e1ndoles mayor seguridad jur\u00eddica en sus tr\u00e1mites diarios.<\/p>\n\n\n\n<p class=\"wp-block-paragraph\"> Asimismo, la jornada cont\u00f3 con un espacio dedicado a las actividades f\u00edsicas y recreativas. Se realizaron din\u00e1micas orientadas a trabajar la parte motriz y el movimiento, brindando m\u00faltiples beneficios para la salud integral, como el fortalecimiento muscular, la mejora de la coordinaci\u00f3n, la agilidad y la prevenci\u00f3n de ca\u00eddas, impulsando adem\u00e1s la integraci\u00f3n social y el esparcimiento entre los participantes.<\/p>\n\n\n\n<figure class=\"wp-block-image size-large\"><a href=\"https:\/\/ciudaddelapunta.gob.ar\/01\/wp-content\/uploads\/2026\/09\/1000350326.jpg\"><img decoding=\"async\" width=\"1024\" height=\"682\" src=\"https:\/\/ciudaddelapunta.gob.ar\/01\/wp-content\/uploads\/2026\/09\/1000350326-1024x682.jpg\" alt=\"\" class=\"wp-image-7491\" srcset=\"https:\/\/ciudaddelapunta.gob.ar\/01\/wp-content\/uploads\/2026\/09\/1000350326-1024x682.jpg 1024w, https:\/\/ciudaddelapunta.gob.ar\/01\/wp-content\/uploads\/2026\/09\/1000350326-300x200.jpg 300w, https:\/\/ciudaddelapunta.gob.ar\/01\/wp-content\/uploads\/2026\/09\/1000350326-767x511.jpg 767w, https:\/\/ciudaddelapunta.gob.ar\/01\/wp-content\/uploads\/2026\/09\/1000350326-1536x1023.jpg 1536w, https:\/\/ciudaddelapunta.gob.ar\/01\/wp-content\/uploads\/2026\/09\/1000350326.jpg 1600w\" sizes=\"(max-width: 1024px) 100vw, 1024px\" \/><\/a><\/figure>\n\n\n\n<p class=\"wp-block-paragraph\"> La jornada concluy\u00f3 en un ambiente c\u00e1lido y festivo compartiendo entre todos los presentes. Agradecemos enormemente a cada vecino que se sum\u00f3 y particip\u00f3 de este espacio dise\u00f1ado para informarnos, acompa\u00f1arnos y disfrutar en conjunto.<\/p>\n\n\n\n<figure class=\"wp-block-image size-large\"><a href=\"https:\/\/ciudaddelapunta.gob.ar\/01\/wp-content\/uploads\/2026\/09\/1000350331.jpg\"><img loading=\"lazy\" decoding=\"async\" width=\"1024\" height=\"682\" src=\"https:\/\/ciudaddelapunta.gob.ar\/01\/wp-content\/uploads\/2026\/09\/1000350331-1024x682.jpg\" alt=\"\" class=\"wp-image-7492\" srcset=\"https:\/\/ciudaddelapunta.gob.ar\/01\/wp-content\/uploads\/2026\/09\/1000350331-1024x682.jpg 1024w, https:\/\/ciudaddelapunta.gob.ar\/01\/wp-content\/uploads\/2026\/09\/1000350331-300x200.jpg 300w, https:\/\/ciudaddelapunta.gob.ar\/01\/wp-content\/uploads\/2026\/09\/1000350331-767x511.jpg 767w, https:\/\/ciudaddelapunta.gob.ar\/01\/wp-content\/uploads\/2026\/09\/1000350331-1536x1023.jpg 1536w, https:\/\/ciudaddelapunta.gob.ar\/01\/wp-content\/uploads\/2026\/09\/1000350331.jpg 1600w\" sizes=\"(max-width: 1024px) 100vw, 1024px\" \/><\/a><\/figure>\n\n\n\n<p class=\"wp-block-paragraph\">&#x1f4f8; PH: Direcci\u00f3n de Prensa y Comunicaci\u00f3n<br>SEGUINOS EN NUESTRAS REDES OFICIALES: Facebook: Municipalidad de La Punta Instagram: @municipalidad_de_la_punta YouTube: @municipalidaddelapunta Sitio Web Oficial: ciudaddelapunta.gob.ar<br>\u00a1Sumate a nuestra comunidad digital y enterate de todo antes que nadie!<\/p>\n","protected":false},"excerpt":{"rendered":"<p>Con gran concurrencia y entusiasmo, se llev\u00f3 a cabo una jornada pensada especialmente para el bienestar y la tranquilidad de los adultos mayores de nuestra comunidad. Recibimos la visita especial &#8230;<\/p>\n","protected":false},"author":37,"featured_media":7490,"comment_status":"closed","ping_status":"","sticky":false,"template":"","format":"standard","meta":{"footnotes":""},"categories":[19],"tags":[22,31,55,54,30,23,116,73,37],"class_list":["post-7488","post","type-post","status-publish","format-standard","has-post-thumbnail","hentry","category-noticias","tag-avanza-la-punta","tag-claudio-poggi","tag-deporte","tag-gobierno-de-san-luis","tag-la-punta","tag-luciano-ayala","tag-martin-olivero","tag-municipalidad-de-la-punta","tag-turismo"],"_links":{"self":[{"href":"https:\/\/ciudaddelapunta.gob.ar\/01\/wp-json\/wp\/v2\/posts\/7488","targetHints":{"allow":["GET"]}}],"collection":[{"href":"https:\/\/ciudaddelapunta.gob.ar\/01\/wp-json\/wp\/v2\/posts"}],"about":[{"href":"https:\/\/ciudaddelapunta.gob.ar\/01\/wp-json\/wp\/v2\/types\/post"}],"author":[{"embeddable":true,"href":"https:\/\/ciudaddelapunta.gob.ar\/01\/wp-json\/wp\/v2\/users\/37"}],"replies":[{"embeddable":true,"href":"https:\/\/ciudaddelapunta.gob.ar\/01\/wp-json\/wp\/v2\/comments?post=7488"}],"version-history":[{"count":1,"href":"https:\/\/ciudaddelapunta.gob.ar\/01\/wp-json\/wp\/v2\/posts\/7488\/revisions"}],"predecessor-version":[{"id":7493,"href":"https:\/\/ciudaddelapunta.gob.ar\/01\/wp-json\/wp\/v2\/posts\/7488\/revisions\/7493"}],"wp:featuredmedia":[{"embeddable":true,"href":"https:\/\/ciudaddelapunta.gob.ar\/01\/wp-json\/wp\/v2\/media\/7490"}],"wp:attachment":[{"href":"https:\/\/ciudaddelapunta.gob.ar\/01\/wp-json\/wp\/v2\/media?parent=7488"}],"wp:term":[{"taxonomy":"category","embeddable":true,"href":"https:\/\/ciudaddelapunta.gob.ar\/01\/wp-json\/wp\/v2\/categories?post=7488"},{"taxonomy":"post_tag","embeddable":true,"href":"https:\/\/ciudaddelapunta.gob.ar\/01\/wp-json\/wp\/v2\/tags?post=7488"}],"curies":[{"name":"wp","href":"https:\/\/api.w.org\/{rel}","templated":true}]}}