{"id":7481,"date":"2026-08-31T15:37:04","date_gmt":"2026-08-31T18:37:04","guid":{"rendered":"https:\/\/ciudaddelapunta.gob.ar\/01\/?p=7481"},"modified":"2026-08-31T15:37:04","modified_gmt":"2026-08-31T18:37:04","slug":"la-punta-se-prepara-para-recibir-a-los-clasicos","status":"publish","type":"post","link":"https:\/\/ciudaddelapunta.gob.ar\/01\/la-punta-se-prepara-para-recibir-a-los-clasicos\/","title":{"rendered":"LA PUNTA SE PREPARA PARA RECIBIR A LOS CL\u00c1SICOS"},"content":{"rendered":"\n<p class=\"wp-block-paragraph\">Se realiz\u00f3 el lanzamiento oficial de Cl\u00e1sicos San Luis, el gran evento que reunir\u00e1 a los fan\u00e1ticos del motor el pr\u00f3ximo 17 de octubre en la Plaza de los Ni\u00f1os.<\/p>\n\n\n\n<figure class=\"wp-block-image size-large\"><a href=\"https:\/\/ciudaddelapunta.gob.ar\/01\/wp-content\/uploads\/2026\/08\/1000349264.jpg\"><img fetchpriority=\"high\" decoding=\"async\" width=\"1024\" height=\"682\" src=\"https:\/\/ciudaddelapunta.gob.ar\/01\/wp-content\/uploads\/2026\/08\/1000349264-1024x682.jpg\" alt=\"\" class=\"wp-image-7482\" srcset=\"https:\/\/ciudaddelapunta.gob.ar\/01\/wp-content\/uploads\/2026\/08\/1000349264-1024x682.jpg 1024w, https:\/\/ciudaddelapunta.gob.ar\/01\/wp-content\/uploads\/2026\/08\/1000349264-300x200.jpg 300w, https:\/\/ciudaddelapunta.gob.ar\/01\/wp-content\/uploads\/2026\/08\/1000349264-767x511.jpg 767w, https:\/\/ciudaddelapunta.gob.ar\/01\/wp-content\/uploads\/2026\/08\/1000349264-1536x1024.jpg 1536w, https:\/\/ciudaddelapunta.gob.ar\/01\/wp-content\/uploads\/2026\/08\/1000349264-2048x1365.jpg 2048w\" sizes=\"(max-width: 1024px) 100vw, 1024px\" \/><\/a><\/figure>\n\n\n\n<p class=\"wp-block-paragraph\"> La ciudad de La Punta se prepara para vivir una jornada inolvidable para los amantes del automovilismo y el motociclismo. En la previa de lo que ser\u00e1 el evento principal, se llev\u00f3 a cabo la presentaci\u00f3n y lanzamiento oficial de &#8220;Cl\u00e1sicos San Luis&#8221;, anticipando la gran fiesta sobre ruedas.<\/p>\n\n\n\n<figure class=\"wp-block-image size-large\"><a href=\"https:\/\/ciudaddelapunta.gob.ar\/01\/wp-content\/uploads\/2026\/08\/1000349270.jpg\"><img decoding=\"async\" width=\"1024\" height=\"682\" src=\"https:\/\/ciudaddelapunta.gob.ar\/01\/wp-content\/uploads\/2026\/08\/1000349270-1024x682.jpg\" alt=\"\" class=\"wp-image-7483\" srcset=\"https:\/\/ciudaddelapunta.gob.ar\/01\/wp-content\/uploads\/2026\/08\/1000349270-1024x682.jpg 1024w, https:\/\/ciudaddelapunta.gob.ar\/01\/wp-content\/uploads\/2026\/08\/1000349270-300x200.jpg 300w, https:\/\/ciudaddelapunta.gob.ar\/01\/wp-content\/uploads\/2026\/08\/1000349270-767x511.jpg 767w, https:\/\/ciudaddelapunta.gob.ar\/01\/wp-content\/uploads\/2026\/08\/1000349270-1536x1023.jpg 1536w, https:\/\/ciudaddelapunta.gob.ar\/01\/wp-content\/uploads\/2026\/08\/1000349270.jpg 1600w\" sizes=\"(max-width: 1024px) 100vw, 1024px\" \/><\/a><\/figure>\n\n\n\n<p class=\"wp-block-paragraph\"> Durante esta jornada de presentaci\u00f3n, alrededor de 30 veh\u00edculos, entre autos y motos antiguas, se hicieron presentes para cautivar a los vecinos. El encuentro sirvi\u00f3 como un destacado adelanto de la cita fijada para el pr\u00f3ximo 17 de octubre en la Plaza de los Ni\u00f1os, donde las m\u00e1quinas confirmadas comenzar\u00e1n a concentrarse a partir de las 15:00 hs, abriendo sus puertas al p\u00fablico general de 16:00 a 19:00 hs.<\/p>\n\n\n\n<figure class=\"wp-block-image size-large\"><a href=\"https:\/\/ciudaddelapunta.gob.ar\/01\/wp-content\/uploads\/2026\/08\/1000349277.jpg\"><img decoding=\"async\" width=\"1024\" height=\"682\" src=\"https:\/\/ciudaddelapunta.gob.ar\/01\/wp-content\/uploads\/2026\/08\/1000349277-1024x682.jpg\" alt=\"\" class=\"wp-image-7484\" srcset=\"https:\/\/ciudaddelapunta.gob.ar\/01\/wp-content\/uploads\/2026\/08\/1000349277-1024x682.jpg 1024w, https:\/\/ciudaddelapunta.gob.ar\/01\/wp-content\/uploads\/2026\/08\/1000349277-300x200.jpg 300w, https:\/\/ciudaddelapunta.gob.ar\/01\/wp-content\/uploads\/2026\/08\/1000349277-767x511.jpg 767w, https:\/\/ciudaddelapunta.gob.ar\/01\/wp-content\/uploads\/2026\/08\/1000349277-1536x1023.jpg 1536w, https:\/\/ciudaddelapunta.gob.ar\/01\/wp-content\/uploads\/2026\/08\/1000349277.jpg 1600w\" sizes=\"(max-width: 1024px) 100vw, 1024px\" \/><\/a><\/figure>\n\n\n\n<p class=\"wp-block-paragraph\"> El evento, de ingreso totalmente libre y gratuito, ofrecer\u00e1 un atractivo abanico de propuestas para disfrutar en familia, incluyendo una amplia muestra est\u00e1tica, espect\u00e1culos y shows en vivo, sorteos y un paseo de feria. Aquellos interesados en participar u obtener mayor informaci\u00f3n e inscripciones pueden comunicarse al n\u00famero 2664685933.<\/p>\n\n\n\n<figure class=\"wp-block-image size-large\"><a href=\"https:\/\/ciudaddelapunta.gob.ar\/01\/wp-content\/uploads\/2026\/08\/1000349276.jpg\"><img loading=\"lazy\" decoding=\"async\" width=\"1024\" height=\"682\" src=\"https:\/\/ciudaddelapunta.gob.ar\/01\/wp-content\/uploads\/2026\/08\/1000349276-1024x682.jpg\" alt=\"\" class=\"wp-image-7485\" srcset=\"https:\/\/ciudaddelapunta.gob.ar\/01\/wp-content\/uploads\/2026\/08\/1000349276-1024x682.jpg 1024w, https:\/\/ciudaddelapunta.gob.ar\/01\/wp-content\/uploads\/2026\/08\/1000349276-300x200.jpg 300w, https:\/\/ciudaddelapunta.gob.ar\/01\/wp-content\/uploads\/2026\/08\/1000349276-767x511.jpg 767w, https:\/\/ciudaddelapunta.gob.ar\/01\/wp-content\/uploads\/2026\/08\/1000349276-1536x1023.jpg 1536w, https:\/\/ciudaddelapunta.gob.ar\/01\/wp-content\/uploads\/2026\/08\/1000349276.jpg 1600w\" sizes=\"(max-width: 1024px) 100vw, 1024px\" \/><\/a><\/figure>\n\n\n\n<p class=\"wp-block-paragraph\"> Al respecto, Hugo Rojos, secretario de Comercio y PyMEs, destac\u00f3 la relevancia de la jornada para la econom\u00eda y el turismo local:<\/p>\n\n\n\n<p class=\"wp-block-paragraph\">\u00abEs un verdadero privilegio para La Punta ser anfitriona de un evento de esta magnitud. No solo nos posiciona como un punto de encuentro cultural y recreativo, sino que genera un impacto sumamente positivo en nuestro comercio local y nuestras PyMEs. Cada vecino y emprendedor se beneficia con el movimiento y la visibilidad que atraen estos Cl\u00e1sicos\u00bb.<\/p>\n\n\n\n<figure class=\"wp-block-image size-large\"><a href=\"https:\/\/ciudaddelapunta.gob.ar\/01\/wp-content\/uploads\/2026\/08\/1000349269.jpg\"><img loading=\"lazy\" decoding=\"async\" width=\"1024\" height=\"682\" src=\"https:\/\/ciudaddelapunta.gob.ar\/01\/wp-content\/uploads\/2026\/08\/1000349269-1024x682.jpg\" alt=\"\" class=\"wp-image-7486\" srcset=\"https:\/\/ciudaddelapunta.gob.ar\/01\/wp-content\/uploads\/2026\/08\/1000349269-1024x682.jpg 1024w, https:\/\/ciudaddelapunta.gob.ar\/01\/wp-content\/uploads\/2026\/08\/1000349269-767x511.jpg 767w, https:\/\/ciudaddelapunta.gob.ar\/01\/wp-content\/uploads\/2026\/08\/1000349269-300x200.jpg 300w, https:\/\/ciudaddelapunta.gob.ar\/01\/wp-content\/uploads\/2026\/08\/1000349269-1536x1024.jpg 1536w, https:\/\/ciudaddelapunta.gob.ar\/01\/wp-content\/uploads\/2026\/08\/1000349269-2048x1365.jpg 2048w\" sizes=\"(max-width: 1024px) 100vw, 1024px\" \/><\/a><\/figure>\n\n\n\n<p class=\"wp-block-paragraph\"> En representaci\u00f3n del municipio, tambi\u00e9n estuvo presente durante el lanzamiento Walter Vi\u00f1as, secretario de Tr\u00e1nsito y Transporte, apoyando esta iniciativa que suma una nueva e importante actividad al calendario de La Punta.<\/p>\n\n\n\n<p class=\"wp-block-paragraph\">&#x1f4f8; PH: Direcci\u00f3n de Prensa y Comunicaci\u00f3n<\/p>\n\n\n\n<p class=\"wp-block-paragraph\">SEGUINOS EN NUESTRAS REDES OFICIALES: Facebook: Municipalidad de La Punta Instagram: @municipalidad_de_la_punta YouTube: @municipalidaddelapunta Sitio Web Oficial: ciudaddelapunta.gob.ar<\/p>\n\n\n\n<p class=\"wp-block-paragraph\">\u00a1Sumate a nuestra comunidad digital y enterate de todo antes que nadie!<\/p>\n\n\n\n<p class=\"wp-block-paragraph\"><\/p>\n","protected":false},"excerpt":{"rendered":"<p>Se realiz\u00f3 el lanzamiento oficial de Cl\u00e1sicos San Luis, el gran evento que reunir\u00e1 a los fan\u00e1ticos del motor el pr\u00f3ximo 17 de octubre en la Plaza de los Ni\u00f1os. &#8230;<\/p>\n","protected":false},"author":37,"featured_media":7483,"comment_status":"closed","ping_status":"","sticky":false,"template":"","format":"standard","meta":{"footnotes":""},"categories":[19],"tags":[22,1058,31,55,54,30,23,73,37],"class_list":["post-7481","post","type-post","status-publish","format-standard","has-post-thumbnail","hentry","category-noticias","tag-avanza-la-punta","tag-clasicos","tag-claudio-poggi","tag-deporte","tag-gobierno-de-san-luis","tag-la-punta","tag-luciano-ayala","tag-municipalidad-de-la-punta","tag-turismo"],"_links":{"self":[{"href":"https:\/\/ciudaddelapunta.gob.ar\/01\/wp-json\/wp\/v2\/posts\/7481","targetHints":{"allow":["GET"]}}],"collection":[{"href":"https:\/\/ciudaddelapunta.gob.ar\/01\/wp-json\/wp\/v2\/posts"}],"about":[{"href":"https:\/\/ciudaddelapunta.gob.ar\/01\/wp-json\/wp\/v2\/types\/post"}],"author":[{"embeddable":true,"href":"https:\/\/ciudaddelapunta.gob.ar\/01\/wp-json\/wp\/v2\/users\/37"}],"replies":[{"embeddable":true,"href":"https:\/\/ciudaddelapunta.gob.ar\/01\/wp-json\/wp\/v2\/comments?post=7481"}],"version-history":[{"count":1,"href":"https:\/\/ciudaddelapunta.gob.ar\/01\/wp-json\/wp\/v2\/posts\/7481\/revisions"}],"predecessor-version":[{"id":7487,"href":"https:\/\/ciudaddelapunta.gob.ar\/01\/wp-json\/wp\/v2\/posts\/7481\/revisions\/7487"}],"wp:featuredmedia":[{"embeddable":true,"href":"https:\/\/ciudaddelapunta.gob.ar\/01\/wp-json\/wp\/v2\/media\/7483"}],"wp:attachment":[{"href":"https:\/\/ciudaddelapunta.gob.ar\/01\/wp-json\/wp\/v2\/media?parent=7481"}],"wp:term":[{"taxonomy":"category","embeddable":true,"href":"https:\/\/ciudaddelapunta.gob.ar\/01\/wp-json\/wp\/v2\/categories?post=7481"},{"taxonomy":"post_tag","embeddable":true,"href":"https:\/\/ciudaddelapunta.gob.ar\/01\/wp-json\/wp\/v2\/tags?post=7481"}],"curies":[{"name":"wp","href":"https:\/\/api.w.org\/{rel}","templated":true}]}}