{"id":6774,"date":"2026-04-28T17:39:06","date_gmt":"2026-04-28T20:39:06","guid":{"rendered":"https:\/\/ciudaddelapunta.gob.ar\/01\/?p=6774"},"modified":"2026-04-28T17:39:06","modified_gmt":"2026-04-28T20:39:06","slug":"avances-en-estrategia-y-gobierno-de-datos-en-san-luis","status":"publish","type":"post","link":"https:\/\/ciudaddelapunta.gob.ar\/01\/avances-en-estrategia-y-gobierno-de-datos-en-san-luis\/","title":{"rendered":"AVANCES EN ESTRATEGIA Y GOBIERNO DE DATOS EN SAN LUIS"},"content":{"rendered":"\n<p> La provincia de San Luis se convirti\u00f3 en el epicentro de la innovaci\u00f3n tecnol\u00f3gica al ser sede del taller \u201cEstrategia y Gobierno de Datos\u201d. Este evento de articulaci\u00f3n institucional de alto nivel reuni\u00f3 a autoridades nacionales, provinciales y municipales con expertos de la Uni\u00f3n Europea para debatir el futuro de la gesti\u00f3n p\u00fablica. La apertura del encuentro estuvo liderada por el gobernador Claudio Poggi, quien subray\u00f3 la importancia de utilizar la informaci\u00f3n como un activo estrat\u00e9gico para dise\u00f1ar pol\u00edticas p\u00fablicas m\u00e1s precisas y eficientes frente a las demandas actuales de la sociedad.<\/p>\n\n\n\n<figure class=\"wp-block-image size-large\"><a href=\"https:\/\/ciudaddelapunta.gob.ar\/01\/wp-content\/uploads\/2026\/04\/1001004461-scaled.jpg\"><img fetchpriority=\"high\" decoding=\"async\" width=\"1024\" height=\"683\" src=\"https:\/\/ciudaddelapunta.gob.ar\/01\/wp-content\/uploads\/2026\/04\/1001004461-1024x683.jpg\" alt=\"\" class=\"wp-image-6775\" srcset=\"https:\/\/ciudaddelapunta.gob.ar\/01\/wp-content\/uploads\/2026\/04\/1001004461-1024x683.jpg 1024w, https:\/\/ciudaddelapunta.gob.ar\/01\/wp-content\/uploads\/2026\/04\/1001004461-300x200.jpg 300w, https:\/\/ciudaddelapunta.gob.ar\/01\/wp-content\/uploads\/2026\/04\/1001004461-768x512.jpg 768w, https:\/\/ciudaddelapunta.gob.ar\/01\/wp-content\/uploads\/2026\/04\/1001004461-1536x1024.jpg 1536w, https:\/\/ciudaddelapunta.gob.ar\/01\/wp-content\/uploads\/2026\/04\/1001004461-2048x1365.jpg 2048w\" sizes=\"(max-width: 1024px) 100vw, 1024px\" \/><\/a><\/figure>\n\n\n\n<p>En representaci\u00f3n de la Municipalidad de La Punta, participaron activamente el Intendente Luciano Ayala, junto al secretario de Modernizaci\u00f3n, Mart\u00edn Fern\u00e1ndez Macri, y la directora de Inform\u00e1tica y Redes, Yamile Oros. Las autoridades locales integraron una mesa de trabajo junto a equipos t\u00e9cnicos de San Luis, Juana Koslay y Balde, reforzando la colaboraci\u00f3n regional. La presencia del Intendente Ayala destaca el firme compromiso de nuestra ciudad por liderar procesos de transformaci\u00f3n digital que pongan la tecnolog\u00eda al servicio de la comunidad y del crecimiento inteligente.<\/p>\n\n\n\n<figure class=\"wp-block-image size-large\"><a href=\"https:\/\/ciudaddelapunta.gob.ar\/01\/wp-content\/uploads\/2026\/04\/1001004462-scaled.jpg\"><img decoding=\"async\" width=\"1024\" height=\"683\" src=\"https:\/\/ciudaddelapunta.gob.ar\/01\/wp-content\/uploads\/2026\/04\/1001004462-1024x683.jpg\" alt=\"\" class=\"wp-image-6776\" srcset=\"https:\/\/ciudaddelapunta.gob.ar\/01\/wp-content\/uploads\/2026\/04\/1001004462-1024x683.jpg 1024w, https:\/\/ciudaddelapunta.gob.ar\/01\/wp-content\/uploads\/2026\/04\/1001004462-300x200.jpg 300w, https:\/\/ciudaddelapunta.gob.ar\/01\/wp-content\/uploads\/2026\/04\/1001004462-768x512.jpg 768w, https:\/\/ciudaddelapunta.gob.ar\/01\/wp-content\/uploads\/2026\/04\/1001004462-1536x1024.jpg 1536w, https:\/\/ciudaddelapunta.gob.ar\/01\/wp-content\/uploads\/2026\/04\/1001004462-2048x1365.jpg 2048w\" sizes=\"(max-width: 1024px) 100vw, 1024px\" \/><\/a><\/figure>\n\n\n\n<p>Durante las jornadas de trabajo, se abord\u00f3 de manera integral la gobernanza de datos a trav\u00e9s de ejes fundamentales como las pol\u00edticas de datos abiertos y el desarrollo de ecosistemas digitales. El foco principal estuvo puesto en la interoperabilidad entre los sistemas de distintos organismos, una herramienta t\u00e9cnica esencial para que la administraci\u00f3n sea m\u00e1s \u00e1gil y transparente. Este intercambio de experiencias permiti\u00f3 a los funcionarios locales nutrirse de est\u00e1ndares internacionales para jerarquizar el trabajo de los equipos inform\u00e1ticos municipales.<\/p>\n\n\n\n<figure class=\"wp-block-image size-large\"><a href=\"https:\/\/ciudaddelapunta.gob.ar\/01\/wp-content\/uploads\/2026\/04\/1001004463-scaled.jpg\"><img decoding=\"async\" width=\"1024\" height=\"683\" src=\"https:\/\/ciudaddelapunta.gob.ar\/01\/wp-content\/uploads\/2026\/04\/1001004463-1024x683.jpg\" alt=\"\" class=\"wp-image-6777\" srcset=\"https:\/\/ciudaddelapunta.gob.ar\/01\/wp-content\/uploads\/2026\/04\/1001004463-1024x683.jpg 1024w, https:\/\/ciudaddelapunta.gob.ar\/01\/wp-content\/uploads\/2026\/04\/1001004463-300x200.jpg 300w, https:\/\/ciudaddelapunta.gob.ar\/01\/wp-content\/uploads\/2026\/04\/1001004463-768x512.jpg 768w, https:\/\/ciudaddelapunta.gob.ar\/01\/wp-content\/uploads\/2026\/04\/1001004463-1536x1024.jpg 1536w, https:\/\/ciudaddelapunta.gob.ar\/01\/wp-content\/uploads\/2026\/04\/1001004463-2048x1365.jpg 2048w\" sizes=\"(max-width: 1024px) 100vw, 1024px\" \/><\/a><\/figure>\n\n\n\n<p>La participaci\u00f3n de los referentes de La Punta en esta capacitaci\u00f3n t\u00e9cnica busca garantizar que la seguridad y la accesibilidad de la informaci\u00f3n sean los pilares de una administraci\u00f3n moderna y conectada. En la mesa municipal, se enfatiz\u00f3 la necesidad de fortalecer el compromiso gubernamental para proteger los datos de los ciudadanos mientras se optimiza el uso de los recursos p\u00fablicos. La meta es clara: implementar metodolog\u00edas de vanguardia que reduzcan la burocracia y mejoren significativamente la calidad de los servicios que se brindan diariamente a los vecinos.<\/p>\n\n\n\n<figure class=\"wp-block-image size-large\"><a href=\"https:\/\/ciudaddelapunta.gob.ar\/01\/wp-content\/uploads\/2026\/04\/1001004464-scaled.jpg\"><img loading=\"lazy\" decoding=\"async\" width=\"1024\" height=\"683\" src=\"https:\/\/ciudaddelapunta.gob.ar\/01\/wp-content\/uploads\/2026\/04\/1001004464-1024x683.jpg\" alt=\"\" class=\"wp-image-6778\" srcset=\"https:\/\/ciudaddelapunta.gob.ar\/01\/wp-content\/uploads\/2026\/04\/1001004464-1024x683.jpg 1024w, https:\/\/ciudaddelapunta.gob.ar\/01\/wp-content\/uploads\/2026\/04\/1001004464-300x200.jpg 300w, https:\/\/ciudaddelapunta.gob.ar\/01\/wp-content\/uploads\/2026\/04\/1001004464-768x512.jpg 768w, https:\/\/ciudaddelapunta.gob.ar\/01\/wp-content\/uploads\/2026\/04\/1001004464-1536x1024.jpg 1536w, https:\/\/ciudaddelapunta.gob.ar\/01\/wp-content\/uploads\/2026\/04\/1001004464-2048x1366.jpg 2048w\" sizes=\"(max-width: 1024px) 100vw, 1024px\" \/><\/a><\/figure>\n\n\n\n<p>Finalmente, este tipo de instancias de formaci\u00f3n consolidan el camino de la provincia y de nuestra ciudad hacia una gesti\u00f3n basada en evidencias y en la innovaci\u00f3n permanente. La integraci\u00f3n de estos nuevos conocimientos asegura una infraestructura s\u00f3lida para el desarrollo sostenido, promoviendo una transformaci\u00f3n digital profunda en todos los niveles del Estado.<\/p>\n\n\n\n<figure class=\"wp-block-image size-large\"><a href=\"https:\/\/ciudaddelapunta.gob.ar\/01\/wp-content\/uploads\/2026\/04\/1001004465-scaled.jpg\"><img loading=\"lazy\" decoding=\"async\" width=\"1024\" height=\"683\" src=\"https:\/\/ciudaddelapunta.gob.ar\/01\/wp-content\/uploads\/2026\/04\/1001004465-1024x683.jpg\" alt=\"\" class=\"wp-image-6779\" srcset=\"https:\/\/ciudaddelapunta.gob.ar\/01\/wp-content\/uploads\/2026\/04\/1001004465-1024x683.jpg 1024w, https:\/\/ciudaddelapunta.gob.ar\/01\/wp-content\/uploads\/2026\/04\/1001004465-300x200.jpg 300w, https:\/\/ciudaddelapunta.gob.ar\/01\/wp-content\/uploads\/2026\/04\/1001004465-768x512.jpg 768w, https:\/\/ciudaddelapunta.gob.ar\/01\/wp-content\/uploads\/2026\/04\/1001004465-1536x1024.jpg 1536w, https:\/\/ciudaddelapunta.gob.ar\/01\/wp-content\/uploads\/2026\/04\/1001004465-2048x1365.jpg 2048w\" sizes=\"(max-width: 1024px) 100vw, 1024px\" \/><\/a><\/figure>\n\n\n\n<figure class=\"wp-block-image size-large\"><a href=\"https:\/\/ciudaddelapunta.gob.ar\/01\/wp-content\/uploads\/2026\/04\/1001004466-scaled.jpg\"><img loading=\"lazy\" decoding=\"async\" width=\"1024\" height=\"683\" src=\"https:\/\/ciudaddelapunta.gob.ar\/01\/wp-content\/uploads\/2026\/04\/1001004466-1024x683.jpg\" alt=\"\" class=\"wp-image-6780\" srcset=\"https:\/\/ciudaddelapunta.gob.ar\/01\/wp-content\/uploads\/2026\/04\/1001004466-1024x683.jpg 1024w, https:\/\/ciudaddelapunta.gob.ar\/01\/wp-content\/uploads\/2026\/04\/1001004466-300x200.jpg 300w, https:\/\/ciudaddelapunta.gob.ar\/01\/wp-content\/uploads\/2026\/04\/1001004466-768x512.jpg 768w, https:\/\/ciudaddelapunta.gob.ar\/01\/wp-content\/uploads\/2026\/04\/1001004466-1536x1024.jpg 1536w, https:\/\/ciudaddelapunta.gob.ar\/01\/wp-content\/uploads\/2026\/04\/1001004466-2048x1365.jpg 2048w\" sizes=\"(max-width: 1024px) 100vw, 1024px\" \/><\/a><\/figure>\n","protected":false},"excerpt":{"rendered":"<p>La provincia de San Luis se convirti\u00f3 en el epicentro de la innovaci\u00f3n tecnol\u00f3gica al ser sede del taller \u201cEstrategia y Gobierno de Datos\u201d. Este evento de articulaci\u00f3n institucional de &#8230;<\/p>\n","protected":false},"author":37,"featured_media":6775,"comment_status":"closed","ping_status":"","sticky":false,"template":"","format":"standard","meta":{"footnotes":""},"categories":[19],"tags":[22,31,1022,30,23,748,73],"class_list":["post-6774","post","type-post","status-publish","format-standard","has-post-thumbnail","hentry","category-noticias","tag-avanza-la-punta","tag-claudio-poggi","tag-datos","tag-la-punta","tag-luciano-ayala","tag-modernizacion","tag-municipalidad-de-la-punta"],"_links":{"self":[{"href":"https:\/\/ciudaddelapunta.gob.ar\/01\/wp-json\/wp\/v2\/posts\/6774","targetHints":{"allow":["GET"]}}],"collection":[{"href":"https:\/\/ciudaddelapunta.gob.ar\/01\/wp-json\/wp\/v2\/posts"}],"about":[{"href":"https:\/\/ciudaddelapunta.gob.ar\/01\/wp-json\/wp\/v2\/types\/post"}],"author":[{"embeddable":true,"href":"https:\/\/ciudaddelapunta.gob.ar\/01\/wp-json\/wp\/v2\/users\/37"}],"replies":[{"embeddable":true,"href":"https:\/\/ciudaddelapunta.gob.ar\/01\/wp-json\/wp\/v2\/comments?post=6774"}],"version-history":[{"count":1,"href":"https:\/\/ciudaddelapunta.gob.ar\/01\/wp-json\/wp\/v2\/posts\/6774\/revisions"}],"predecessor-version":[{"id":6781,"href":"https:\/\/ciudaddelapunta.gob.ar\/01\/wp-json\/wp\/v2\/posts\/6774\/revisions\/6781"}],"wp:featuredmedia":[{"embeddable":true,"href":"https:\/\/ciudaddelapunta.gob.ar\/01\/wp-json\/wp\/v2\/media\/6775"}],"wp:attachment":[{"href":"https:\/\/ciudaddelapunta.gob.ar\/01\/wp-json\/wp\/v2\/media?parent=6774"}],"wp:term":[{"taxonomy":"category","embeddable":true,"href":"https:\/\/ciudaddelapunta.gob.ar\/01\/wp-json\/wp\/v2\/categories?post=6774"},{"taxonomy":"post_tag","embeddable":true,"href":"https:\/\/ciudaddelapunta.gob.ar\/01\/wp-json\/wp\/v2\/tags?post=6774"}],"curies":[{"name":"wp","href":"https:\/\/api.w.org\/{rel}","templated":true}]}}