{"id":6744,"date":"2026-04-27T12:01:26","date_gmt":"2026-04-27T15:01:26","guid":{"rendered":"https:\/\/ciudaddelapunta.gob.ar\/01\/?p=6744"},"modified":"2026-04-27T12:01:26","modified_gmt":"2026-04-27T15:01:26","slug":"el-corazon-de-un-campeon-gonzalo-alamo-y-el-sueno-de-mexico-2026","status":"publish","type":"post","link":"https:\/\/ciudaddelapunta.gob.ar\/01\/el-corazon-de-un-campeon-gonzalo-alamo-y-el-sueno-de-mexico-2026\/","title":{"rendered":"EL CORAZ\u00d3N DE UN CAMPE\u00d3N: GONZALO ALAMO Y EL SUE\u00d1O DE M\u00c9XICO 2026"},"content":{"rendered":"\n<p>Desde la Direcci\u00f3n de Prensa y Comunicaci\u00f3n, nos sentamos a conversar con uno de nuestros talentos m\u00e1s inspiradores. Gonzalo Nicol\u00e1s Alamo, joven promesa de La Punta, acaba de sellar su pasaporte al Performer Cup en M\u00e9xico 2026 tras una actuaci\u00f3n consagratoria en el Campeonato Continental de Artes Esc\u00e9nicas Deportivas en Buenos Aires.<\/p>\n\n\n\n<figure class=\"wp-block-image size-large\"><a href=\"https:\/\/ciudaddelapunta.gob.ar\/01\/wp-content\/uploads\/2026\/04\/1001002581.jpg\"><img fetchpriority=\"high\" decoding=\"async\" width=\"1024\" height=\"697\" src=\"https:\/\/ciudaddelapunta.gob.ar\/01\/wp-content\/uploads\/2026\/04\/1001002581-1024x697.jpg\" alt=\"\" class=\"wp-image-6745\" srcset=\"https:\/\/ciudaddelapunta.gob.ar\/01\/wp-content\/uploads\/2026\/04\/1001002581-1024x697.jpg 1024w, https:\/\/ciudaddelapunta.gob.ar\/01\/wp-content\/uploads\/2026\/04\/1001002581-300x204.jpg 300w, https:\/\/ciudaddelapunta.gob.ar\/01\/wp-content\/uploads\/2026\/04\/1001002581-768x523.jpg 768w, https:\/\/ciudaddelapunta.gob.ar\/01\/wp-content\/uploads\/2026\/04\/1001002581.jpg 1125w\" sizes=\"(max-width: 1024px) 100vw, 1024px\" \/><\/a><\/figure>\n\n\n\n<p>Pero detr\u00e1s de cada paso de baile y cada nota cantada por Gonzalo, hay un sost\u00e9n invisible y poderoso. Hablamos con \u00e9l y con su madre, el pilar fundamental que ha transformado el apoyo familiar en una plataforma de despegue para los sue\u00f1os de su hijo.<\/p>\n\n\n\n<figure class=\"wp-block-image size-large\"><a href=\"https:\/\/ciudaddelapunta.gob.ar\/01\/wp-content\/uploads\/2026\/04\/1001002584.jpg\"><img decoding=\"async\" width=\"1024\" height=\"768\" src=\"https:\/\/ciudaddelapunta.gob.ar\/01\/wp-content\/uploads\/2026\/04\/1001002584-1024x768.jpg\" alt=\"\" class=\"wp-image-6746\" srcset=\"https:\/\/ciudaddelapunta.gob.ar\/01\/wp-content\/uploads\/2026\/04\/1001002584-1024x768.jpg 1024w, https:\/\/ciudaddelapunta.gob.ar\/01\/wp-content\/uploads\/2026\/04\/1001002584-300x225.jpg 300w, https:\/\/ciudaddelapunta.gob.ar\/01\/wp-content\/uploads\/2026\/04\/1001002584-768x576.jpg 768w, https:\/\/ciudaddelapunta.gob.ar\/01\/wp-content\/uploads\/2026\/04\/1001002584.jpg 1280w\" sizes=\"(max-width: 1024px) 100vw, 1024px\" \/><\/a><\/figure>\n\n\n\n<p>Direcci\u00f3n de Prensa y Comunicaci\u00f3n: Gonzalo, \u00a1qu\u00e9 alegr\u00eda verte brillar en el Performer Cup! \u00bfC\u00f3mo te sentiste al estar ah\u00ed arriba mostrando todo lo que sab\u00e9s hacer frente a tantas personas?<br>Gonzalo: Me sent\u00ed muy feliz y muy ilusionado. Estar en ese escenario bailando fue algo m\u00e1gico para m\u00ed. Ver a tanta gente mir\u00e1ndome me dio mucha energ\u00eda; sent\u00ed que ese era mi lugar y que todo el esfuerzo para llegar hasta Buenos Aires val\u00eda la pena.<\/p>\n\n\n\n<p>DPYC: Sabemos que tu familia siempre est\u00e1 con vos. \u00bfQu\u00e9 es lo que m\u00e1s te gusta que te digan mam\u00e1 o tus seres queridos antes de empezar a entrenar o competir?<br>Gonzalo: Mam\u00e1 siempre est\u00e1 ah\u00ed. Antes de salir, ella me mir\u00f3 y me dijo que este era un momento muy importante, pero sobre todo, me record\u00f3 que yo soy capaz de lograr lo que me proponga. Esas palabras me dan la fuerza que necesito para salir a darlo todo.<\/p>\n\n\n\n<figure class=\"wp-block-image size-large\"><a href=\"https:\/\/ciudaddelapunta.gob.ar\/01\/wp-content\/uploads\/2026\/04\/1001002583.jpg\"><img decoding=\"async\" width=\"472\" height=\"1024\" src=\"https:\/\/ciudaddelapunta.gob.ar\/01\/wp-content\/uploads\/2026\/04\/1001002583-472x1024.jpg\" alt=\"\" class=\"wp-image-6747\" srcset=\"https:\/\/ciudaddelapunta.gob.ar\/01\/wp-content\/uploads\/2026\/04\/1001002583-472x1024.jpg 472w, https:\/\/ciudaddelapunta.gob.ar\/01\/wp-content\/uploads\/2026\/04\/1001002583-138x300.jpg 138w, https:\/\/ciudaddelapunta.gob.ar\/01\/wp-content\/uploads\/2026\/04\/1001002583.jpg 590w\" sizes=\"(max-width: 472px) 100vw, 472px\" \/><\/a><\/figure>\n\n\n\n<p>DPYC: (A Adriana Alamo- mam\u00e1 de Gonzalo) Se nota que sos el motor de esta carrera. \u00bfC\u00f3mo se vive desde adentro ese rol de ser el apoyo incondicional para que Gonzalo hoy sea un representante de nuestra ciudad?<br>Madre de Gonzalo: Es un orgullo que no me cabe en el pecho. Mi rol es simplemente estar, asegurar que \u00e9l sepa que tiene una red de contenci\u00f3n. Ser su pilar significa acompa\u00f1arlo en sus clases de comedia musical los lunes, llevarlo a la escuela, el asiste al instituto Suyai, a sus sesiones de psicolog\u00eda, psicopedagog\u00eda y fonoaudiolog\u00eda\u2026 es una agenda compartida. Mi mayor satisfacci\u00f3n es ver que, a pesar de tantas responsabilidades en cuarto a\u00f1o del colegio y sus terapias, \u00e9l nunca pierde la sonrisa ni la responsabilidad. Mi apoyo es total porque su felicidad es la m\u00eda.<\/p>\n\n\n\n<p>DPYC: Gonzalo, para ser un deportista de gran escala hay que esforzarse mucho. \u00bfCu\u00e1ntas veces al d\u00eda practic\u00e1s y qu\u00e9 es lo que m\u00e1s te divierte de tus entrenamientos?<br>Gonzalo: Practico constantemente. Los lunes tengo comedia musical y voy muy entusiasmado. Lo que m\u00e1s me divierte es compartir con todos mis compa\u00f1eros; aprender pasos nuevos junto a mis profesores Daniela Sarom\u00e9 y Yamil Caballero en la Academia Danfer es lo mejor del d\u00eda.<\/p>\n\n\n\n<figure class=\"wp-block-image size-large\"><a href=\"https:\/\/ciudaddelapunta.gob.ar\/01\/wp-content\/uploads\/2026\/04\/1001002582.jpg\"><img loading=\"lazy\" decoding=\"async\" width=\"768\" height=\"1024\" src=\"https:\/\/ciudaddelapunta.gob.ar\/01\/wp-content\/uploads\/2026\/04\/1001002582-768x1024.jpg\" alt=\"\" class=\"wp-image-6748\" srcset=\"https:\/\/ciudaddelapunta.gob.ar\/01\/wp-content\/uploads\/2026\/04\/1001002582-768x1024.jpg 768w, https:\/\/ciudaddelapunta.gob.ar\/01\/wp-content\/uploads\/2026\/04\/1001002582-225x300.jpg 225w, https:\/\/ciudaddelapunta.gob.ar\/01\/wp-content\/uploads\/2026\/04\/1001002582-1152x1536.jpg 1152w, https:\/\/ciudaddelapunta.gob.ar\/01\/wp-content\/uploads\/2026\/04\/1001002582.jpg 1200w\" sizes=\"(max-width: 768px) 100vw, 768px\" \/><\/a><\/figure>\n\n\n\n<p>Direcci\u00f3n de Prensa y Comunicaci\u00f3n: Cuando te dieron tu premio y confirmaron tu clasificaci\u00f3n a M\u00e9xico, \u00bfen qu\u00e9 persona especial pensaste primero para dedicarle este triunfo?<br>Gonzalo: En mam\u00e1. \u00a1En mis compa\u00f1eros y en todo el mundo! Sent\u00ed que este premio no era solo m\u00edo, sino de todos los que me ayudan a entrenar y de la gente que me apoya siempre.<\/p>\n\n\n\n<figure class=\"wp-block-image size-large\"><a href=\"https:\/\/ciudaddelapunta.gob.ar\/01\/wp-content\/uploads\/2026\/04\/1001002580.jpg\"><img loading=\"lazy\" decoding=\"async\" width=\"768\" height=\"1024\" src=\"https:\/\/ciudaddelapunta.gob.ar\/01\/wp-content\/uploads\/2026\/04\/1001002580-768x1024.jpg\" alt=\"\" class=\"wp-image-6749\" srcset=\"https:\/\/ciudaddelapunta.gob.ar\/01\/wp-content\/uploads\/2026\/04\/1001002580-768x1024.jpg 768w, https:\/\/ciudaddelapunta.gob.ar\/01\/wp-content\/uploads\/2026\/04\/1001002580-225x300.jpg 225w, https:\/\/ciudaddelapunta.gob.ar\/01\/wp-content\/uploads\/2026\/04\/1001002580.jpg 960w\" sizes=\"(max-width: 768px) 100vw, 768px\" \/><\/a><\/figure>\n\n\n\n<p>DPYC: (A Adriana Alamo- mam\u00e1 de Gonzalo) Gonzalo es un ejemplo de que el apoyo familiar rompe cualquier barrera. \u00bfQu\u00e9 mensaje le dar\u00eda a otros padres que ven en sus hijos un talento pero quiz\u00e1s temen a la alta competencia?<br>Madre de Gonzalo: Que el amor y la presencia son las herramientas m\u00e1s poderosas. Acompa\u00f1ar no es solo llevarlos a una clase, es creer en ellos cuando el mundo duda. Gonzalo es sumamente activo y responsable; ha brillado en intercolegiales y ahora llega a una instancia internacional porque nunca le dijimos que no pod\u00eda. El apoyo emocional es el que realmente construye a un campe\u00f3n. Me gustar\u00eda agradecer por el apoyo y el acompa\u00f1amiento a la familia, a los amigos, y en especial a la coordinadora Majo Rossi P\u00e9rez de la Escuela de Valeria Lynch sede San Luis lugar en el que tambi\u00e9n los profesores Eva, Nico, Pablo y Adriana, que son de canto, baile y teatro. y a la Academia Danfer, a la directora Daniela Sarome y Yanina Cavalaro que creyeron y acompa\u00f1aron a Gonzalo siempre.<\/p>\n\n\n\n<p>DPYC: Muchos chicos te miran y ven que nada es imposible. \u00bfQu\u00e9 le dir\u00edas a otro ni\u00f1o que tiene ganas de empezar un deporte o el arte pero todav\u00eda no se anima?<br>Gonzalo: \u00a1Que se animen! Que se animen a bailar y a disfrutar. No hay que tener miedo, porque cuando uno disfruta lo que hace, el coraz\u00f3n se pone contento.<\/p>\n\n\n\n<p>DPYC: \u00bfQu\u00e9 sentiste en el coraz\u00f3n cuando escuchaste los aplausos de la gente en el Performer Cup? \u00bfFue como lo hab\u00edas imaginado?<br>Gonzalo: Fue mejor de lo que imagin\u00e9. Sent\u00ed mucha felicidad en el pecho. Los aplausos me hicieron sentir que la gente entend\u00eda cu\u00e1nto me gusta lo que hago. Fue una sensaci\u00f3n hermosa.<\/p>\n\n\n\n<p>DPYC: Despu\u00e9s de esta experiencia tan linda en Buenos Aires, \u00bfcu\u00e1l es el pr\u00f3ximo sue\u00f1o grande que ten\u00e9s ganas de cumplir?<br>Gonzalo: \u00a1Mi gran sue\u00f1o es ir a M\u00e9xico a bailar! Quiero mostrar que puedo llegar muy lejos.<\/p>\n\n\n\n<p>Gonzalo Nicol\u00e1s Alamo no solo es un alumno de cuarto a\u00f1o y un artista de la Academia de Ritmos Danfer; es un embajador de la perseverancia. Desde la gesti\u00f3n municipal, celebramos su clasificaci\u00f3n y destacamos la labor de su madre, cuyo apoyo es el ejemplo m\u00e1s puro de c\u00f3mo se forjan las leyendas locales.<\/p>\n\n\n\n<p>\u00a1Nos vemos en M\u00e9xico 2026, Campe\u00f3n!<\/p>\n\n\n\n<p><\/p>\n","protected":false},"excerpt":{"rendered":"<p>Desde la Direcci\u00f3n de Prensa y Comunicaci\u00f3n, nos sentamos a conversar con uno de nuestros talentos m\u00e1s inspiradores. Gonzalo Nicol\u00e1s Alamo, joven promesa de La Punta, acaba de sellar su &#8230;<\/p>\n","protected":false},"author":37,"featured_media":6748,"comment_status":"closed","ping_status":"","sticky":false,"template":"","format":"standard","meta":{"footnotes":""},"categories":[19],"tags":[22,31,54,30,23,73],"class_list":["post-6744","post","type-post","status-publish","format-standard","has-post-thumbnail","hentry","category-noticias","tag-avanza-la-punta","tag-claudio-poggi","tag-gobierno-de-san-luis","tag-la-punta","tag-luciano-ayala","tag-municipalidad-de-la-punta"],"_links":{"self":[{"href":"https:\/\/ciudaddelapunta.gob.ar\/01\/wp-json\/wp\/v2\/posts\/6744","targetHints":{"allow":["GET"]}}],"collection":[{"href":"https:\/\/ciudaddelapunta.gob.ar\/01\/wp-json\/wp\/v2\/posts"}],"about":[{"href":"https:\/\/ciudaddelapunta.gob.ar\/01\/wp-json\/wp\/v2\/types\/post"}],"author":[{"embeddable":true,"href":"https:\/\/ciudaddelapunta.gob.ar\/01\/wp-json\/wp\/v2\/users\/37"}],"replies":[{"embeddable":true,"href":"https:\/\/ciudaddelapunta.gob.ar\/01\/wp-json\/wp\/v2\/comments?post=6744"}],"version-history":[{"count":1,"href":"https:\/\/ciudaddelapunta.gob.ar\/01\/wp-json\/wp\/v2\/posts\/6744\/revisions"}],"predecessor-version":[{"id":6750,"href":"https:\/\/ciudaddelapunta.gob.ar\/01\/wp-json\/wp\/v2\/posts\/6744\/revisions\/6750"}],"wp:featuredmedia":[{"embeddable":true,"href":"https:\/\/ciudaddelapunta.gob.ar\/01\/wp-json\/wp\/v2\/media\/6748"}],"wp:attachment":[{"href":"https:\/\/ciudaddelapunta.gob.ar\/01\/wp-json\/wp\/v2\/media?parent=6744"}],"wp:term":[{"taxonomy":"category","embeddable":true,"href":"https:\/\/ciudaddelapunta.gob.ar\/01\/wp-json\/wp\/v2\/categories?post=6744"},{"taxonomy":"post_tag","embeddable":true,"href":"https:\/\/ciudaddelapunta.gob.ar\/01\/wp-json\/wp\/v2\/tags?post=6744"}],"curies":[{"name":"wp","href":"https:\/\/api.w.org\/{rel}","templated":true}]}}