{"id":6731,"date":"2026-04-26T13:07:16","date_gmt":"2026-04-26T16:07:16","guid":{"rendered":"https:\/\/ciudaddelapunta.gob.ar\/01\/?p=6731"},"modified":"2026-04-26T13:07:16","modified_gmt":"2026-04-26T16:07:16","slug":"iluminamos-cada-barrio-avanza-la-reconversion-led-en-la-punta","status":"publish","type":"post","link":"https:\/\/ciudaddelapunta.gob.ar\/01\/iluminamos-cada-barrio-avanza-la-reconversion-led-en-la-punta\/","title":{"rendered":"ILUMINAMOS CADA BARRIO: AVANZA LA RECONVERSI\u00d3N LED EN LA PUNTA"},"content":{"rendered":"\n<p>En el marco del programa provincial Construyendo con tu Pueblo III, el Municipio contin\u00faa con la ejecuci\u00f3n del plan de modernizaci\u00f3n del alumbrado p\u00fablico. Esta etapa contempla el recambio de 1.860 luminarias por tecnolog\u00eda LED de \u00faltima generaci\u00f3n, una iniciativa clave para alcanzar el objetivo hist\u00f3rico de cubrir el mayor porcentaje del ejido urbano con iluminaci\u00f3n eficiente y de bajo consumo.<\/p>\n\n\n\n<figure class=\"wp-block-image size-large\"><a href=\"https:\/\/ciudaddelapunta.gob.ar\/01\/wp-content\/uploads\/2026\/04\/1001001442.jpg\"><img fetchpriority=\"high\" decoding=\"async\" width=\"1024\" height=\"682\" src=\"https:\/\/ciudaddelapunta.gob.ar\/01\/wp-content\/uploads\/2026\/04\/1001001442-1024x682.jpg\" alt=\"\" class=\"wp-image-6732\" srcset=\"https:\/\/ciudaddelapunta.gob.ar\/01\/wp-content\/uploads\/2026\/04\/1001001442-1024x682.jpg 1024w, https:\/\/ciudaddelapunta.gob.ar\/01\/wp-content\/uploads\/2026\/04\/1001001442-300x200.jpg 300w, https:\/\/ciudaddelapunta.gob.ar\/01\/wp-content\/uploads\/2026\/04\/1001001442-768x512.jpg 768w, https:\/\/ciudaddelapunta.gob.ar\/01\/wp-content\/uploads\/2026\/04\/1001001442-1536x1023.jpg 1536w, https:\/\/ciudaddelapunta.gob.ar\/01\/wp-content\/uploads\/2026\/04\/1001001442.jpg 1600w\" sizes=\"(max-width: 1024px) 100vw, 1024px\" \/><\/a><\/figure>\n\n\n\n<p>Las nuevas luminarias utilizadas en este recambio son de 50 watts, de 100 watts y 150 watts, dependiendo de la jerarqu\u00eda de la arteria y la necesidad lum\u00ednica del sector, en la \u00faltima semana tambi\u00e9n se trabaj\u00f3 en la instalaci\u00f3n de nuevos postes en el barrio 125 Viviendas y el barrio UOCRA. Este equipamiento no solo mejora la visibilidad de manera sustancial, sino que reduce el consumo energ\u00e9tico del sistema municipal, permitiendo una gesti\u00f3n m\u00e1s sustentable y un ahorro importante en el mantenimiento de las redes el\u00e9ctricas.<\/p>\n\n\n\n<figure class=\"wp-block-image size-large\"><a href=\"https:\/\/ciudaddelapunta.gob.ar\/01\/wp-content\/uploads\/2026\/04\/1001001441.jpg\"><img decoding=\"async\" width=\"1024\" height=\"682\" src=\"https:\/\/ciudaddelapunta.gob.ar\/01\/wp-content\/uploads\/2026\/04\/1001001441-1024x682.jpg\" alt=\"\" class=\"wp-image-6733\" srcset=\"https:\/\/ciudaddelapunta.gob.ar\/01\/wp-content\/uploads\/2026\/04\/1001001441-1024x682.jpg 1024w, https:\/\/ciudaddelapunta.gob.ar\/01\/wp-content\/uploads\/2026\/04\/1001001441-300x200.jpg 300w, https:\/\/ciudaddelapunta.gob.ar\/01\/wp-content\/uploads\/2026\/04\/1001001441-768x512.jpg 768w, https:\/\/ciudaddelapunta.gob.ar\/01\/wp-content\/uploads\/2026\/04\/1001001441-1536x1023.jpg 1536w, https:\/\/ciudaddelapunta.gob.ar\/01\/wp-content\/uploads\/2026\/04\/1001001441.jpg 1600w\" sizes=\"(max-width: 1024px) 100vw, 1024px\" \/><\/a><\/figure>\n\n\n\n<p>El impacto directo para el vecino se traduce en mayor seguridad y calidad de vida. Calles mejor iluminadas significan entornos m\u00e1s protegidos para las familias, facilitando la circulaci\u00f3n nocturna y la prevenci\u00f3n del delito. Los trabajos, que se realizan de forma conjunta entre el equipo de Servicios El\u00e9ctricos y el Gobierno de la Provincia, avanzan prioritariamente sobre las principales avenidas y accesos a los barrios, garantizando una ciudad moderna y segura.<\/p>\n\n\n\n<figure class=\"wp-block-image size-large\"><a href=\"https:\/\/ciudaddelapunta.gob.ar\/01\/wp-content\/uploads\/2026\/04\/1001001440.jpg\"><img decoding=\"async\" width=\"1024\" height=\"682\" src=\"https:\/\/ciudaddelapunta.gob.ar\/01\/wp-content\/uploads\/2026\/04\/1001001440-1024x682.jpg\" alt=\"\" class=\"wp-image-6734\" srcset=\"https:\/\/ciudaddelapunta.gob.ar\/01\/wp-content\/uploads\/2026\/04\/1001001440-1024x682.jpg 1024w, https:\/\/ciudaddelapunta.gob.ar\/01\/wp-content\/uploads\/2026\/04\/1001001440-300x200.jpg 300w, https:\/\/ciudaddelapunta.gob.ar\/01\/wp-content\/uploads\/2026\/04\/1001001440-768x512.jpg 768w, https:\/\/ciudaddelapunta.gob.ar\/01\/wp-content\/uploads\/2026\/04\/1001001440-1536x1023.jpg 1536w, https:\/\/ciudaddelapunta.gob.ar\/01\/wp-content\/uploads\/2026\/04\/1001001440.jpg 1600w\" sizes=\"(max-width: 1024px) 100vw, 1024px\" \/><\/a><\/figure>\n\n\n\n<p>Con estas obras, La Punta se consolida como una ciudad pionera en infraestructura tecnol\u00f3gica. La inversi\u00f3n compartida mediante el esquema de coparticipaci\u00f3n asegura que el crecimiento no se detenga, generando adem\u00e1s empleo local para los trabajadores que llevan adelante la instalaci\u00f3n. Seguimos trabajando para que cada cuadra de nuestra ciudad brille con la fuerza del progreso.<\/p>\n\n\n\n<figure class=\"wp-block-image size-large\"><a href=\"https:\/\/ciudaddelapunta.gob.ar\/01\/wp-content\/uploads\/2026\/04\/1001001439.jpg\"><img loading=\"lazy\" decoding=\"async\" width=\"1024\" height=\"682\" src=\"https:\/\/ciudaddelapunta.gob.ar\/01\/wp-content\/uploads\/2026\/04\/1001001439-1024x682.jpg\" alt=\"\" class=\"wp-image-6735\" srcset=\"https:\/\/ciudaddelapunta.gob.ar\/01\/wp-content\/uploads\/2026\/04\/1001001439-1024x682.jpg 1024w, https:\/\/ciudaddelapunta.gob.ar\/01\/wp-content\/uploads\/2026\/04\/1001001439-300x200.jpg 300w, https:\/\/ciudaddelapunta.gob.ar\/01\/wp-content\/uploads\/2026\/04\/1001001439-768x512.jpg 768w, https:\/\/ciudaddelapunta.gob.ar\/01\/wp-content\/uploads\/2026\/04\/1001001439-1536x1024.jpg 1536w, https:\/\/ciudaddelapunta.gob.ar\/01\/wp-content\/uploads\/2026\/04\/1001001439-2048x1365.jpg 2048w\" sizes=\"(max-width: 1024px) 100vw, 1024px\" \/><\/a><\/figure>\n\n\n\n<h1 class=\"wp-block-heading\"><\/h1>\n","protected":false},"excerpt":{"rendered":"<p>En el marco del programa provincial Construyendo con tu Pueblo III, el Municipio contin\u00faa con la ejecuci\u00f3n del plan de modernizaci\u00f3n del alumbrado p\u00fablico. Esta etapa contempla el recambio de &#8230;<\/p>\n","protected":false},"author":37,"featured_media":6734,"comment_status":"closed","ping_status":"","sticky":false,"template":"","format":"standard","meta":{"footnotes":""},"categories":[19],"tags":[22,54,30,23,1021,73],"class_list":["post-6731","post","type-post","status-publish","format-standard","has-post-thumbnail","hentry","category-noticias","tag-avanza-la-punta","tag-gobierno-de-san-luis","tag-la-punta","tag-luciano-ayala","tag-luminarias","tag-municipalidad-de-la-punta"],"_links":{"self":[{"href":"https:\/\/ciudaddelapunta.gob.ar\/01\/wp-json\/wp\/v2\/posts\/6731","targetHints":{"allow":["GET"]}}],"collection":[{"href":"https:\/\/ciudaddelapunta.gob.ar\/01\/wp-json\/wp\/v2\/posts"}],"about":[{"href":"https:\/\/ciudaddelapunta.gob.ar\/01\/wp-json\/wp\/v2\/types\/post"}],"author":[{"embeddable":true,"href":"https:\/\/ciudaddelapunta.gob.ar\/01\/wp-json\/wp\/v2\/users\/37"}],"replies":[{"embeddable":true,"href":"https:\/\/ciudaddelapunta.gob.ar\/01\/wp-json\/wp\/v2\/comments?post=6731"}],"version-history":[{"count":1,"href":"https:\/\/ciudaddelapunta.gob.ar\/01\/wp-json\/wp\/v2\/posts\/6731\/revisions"}],"predecessor-version":[{"id":6736,"href":"https:\/\/ciudaddelapunta.gob.ar\/01\/wp-json\/wp\/v2\/posts\/6731\/revisions\/6736"}],"wp:featuredmedia":[{"embeddable":true,"href":"https:\/\/ciudaddelapunta.gob.ar\/01\/wp-json\/wp\/v2\/media\/6734"}],"wp:attachment":[{"href":"https:\/\/ciudaddelapunta.gob.ar\/01\/wp-json\/wp\/v2\/media?parent=6731"}],"wp:term":[{"taxonomy":"category","embeddable":true,"href":"https:\/\/ciudaddelapunta.gob.ar\/01\/wp-json\/wp\/v2\/categories?post=6731"},{"taxonomy":"post_tag","embeddable":true,"href":"https:\/\/ciudaddelapunta.gob.ar\/01\/wp-json\/wp\/v2\/tags?post=6731"}],"curies":[{"name":"wp","href":"https:\/\/api.w.org\/{rel}","templated":true}]}}