{"id":6631,"date":"2026-04-10T10:15:30","date_gmt":"2026-04-10T13:15:30","guid":{"rendered":"https:\/\/ciudaddelapunta.gob.ar\/01\/?p=6631"},"modified":"2026-04-10T10:15:30","modified_gmt":"2026-04-10T13:15:30","slug":"el-barrio-los-lapachos-estrena-una-nueva-identidad-con-su-garita-de-ingreso-renovada","status":"publish","type":"post","link":"https:\/\/ciudaddelapunta.gob.ar\/01\/el-barrio-los-lapachos-estrena-una-nueva-identidad-con-su-garita-de-ingreso-renovada\/","title":{"rendered":"EL BARRIO LOS LAPACHOS ESTRENA UNA NUEVA IDENTIDAD CON SU GARITA DE INGRESO RENOVADA"},"content":{"rendered":"\n<p>El intendente Luciano Ayala acompa\u00f1\u00f3 a los vecinos en el acto de presentaci\u00f3n de la nueva garita de ingreso al barrio Los Lapachos, una obra que funciona como un renovado portal de bienvenida para todos los residentes y visitantes. Esta puesta en valor es el resultado directo de una gesti\u00f3n coordinada entre la asociaci\u00f3n vecinal y las distintas \u00e1reas del municipio. A trav\u00e9s del trabajo conjunto con la Secretar\u00eda de Urbanismo y Obras, a cargo de Roc\u00edo Montenegro y la Secretar\u00eda de Medio Ambiente, a cargo de Eugenio Isa\u00eda se logr\u00f3 transformar este punto clave en un s\u00edmbolo de orgullo para la comunidad.<\/p>\n\n\n\n<figure class=\"wp-block-image size-large\"><a href=\"https:\/\/ciudaddelapunta.gob.ar\/01\/wp-content\/uploads\/2026\/04\/1000972322.jpg\"><img fetchpriority=\"high\" decoding=\"async\" width=\"1024\" height=\"682\" src=\"https:\/\/ciudaddelapunta.gob.ar\/01\/wp-content\/uploads\/2026\/04\/1000972322-1024x682.jpg\" alt=\"\" class=\"wp-image-6632\" srcset=\"https:\/\/ciudaddelapunta.gob.ar\/01\/wp-content\/uploads\/2026\/04\/1000972322-1024x682.jpg 1024w, https:\/\/ciudaddelapunta.gob.ar\/01\/wp-content\/uploads\/2026\/04\/1000972322-300x200.jpg 300w, https:\/\/ciudaddelapunta.gob.ar\/01\/wp-content\/uploads\/2026\/04\/1000972322-768x512.jpg 768w, https:\/\/ciudaddelapunta.gob.ar\/01\/wp-content\/uploads\/2026\/04\/1000972322.jpg 1280w\" sizes=\"(max-width: 1024px) 100vw, 1024px\" \/><\/a><\/figure>\n\n\n\n<p>La recuperaci\u00f3n de este espacio no solo embellece el entorno urbano, sino que ofrece beneficios inmediatos para la vida cotidiana de las familias. La nueva estructura mejora la seguridad visual en el acceso principal y aporta un ordenamiento m\u00e1s claro al tr\u00e1nsito peatonal y vehicular. Este tipo de intervenciones permiten que el barrio se sienta m\u00e1s integrado, cuidado y moderno, elevando la calidad del paisaje cotidiano que disfrutan los vecinos cada vez que entran o salen de sus hogares.<\/p>\n\n\n\n<figure class=\"wp-block-image size-large\"><a href=\"https:\/\/ciudaddelapunta.gob.ar\/01\/wp-content\/uploads\/2026\/04\/1000972321.jpg\"><img decoding=\"async\" width=\"1024\" height=\"682\" src=\"https:\/\/ciudaddelapunta.gob.ar\/01\/wp-content\/uploads\/2026\/04\/1000972321-1024x682.jpg\" alt=\"\" class=\"wp-image-6633\" srcset=\"https:\/\/ciudaddelapunta.gob.ar\/01\/wp-content\/uploads\/2026\/04\/1000972321-1024x682.jpg 1024w, https:\/\/ciudaddelapunta.gob.ar\/01\/wp-content\/uploads\/2026\/04\/1000972321-300x200.jpg 300w, https:\/\/ciudaddelapunta.gob.ar\/01\/wp-content\/uploads\/2026\/04\/1000972321-768x512.jpg 768w, https:\/\/ciudaddelapunta.gob.ar\/01\/wp-content\/uploads\/2026\/04\/1000972321.jpg 1280w\" sizes=\"(max-width: 1024px) 100vw, 1024px\" \/><\/a><\/figure>\n\n\n\n<p>La obra se destaca por su dise\u00f1o funcional, pensado para ser un punto de referencia amigable y est\u00e9tico dentro de la infraestructura de La Punta. Gracias a la colaboraci\u00f3n de las secretar\u00edas intervinientes, se logr\u00f3 un equilibrio entre la construcci\u00f3n civil y el cuidado del entorno natural, asegurando que la nueva fachada sea duradera y f\u00e1cil de mantener. Esta transformaci\u00f3n representa un avance significativo en la organizaci\u00f3n del barrio, convirtiendo un lugar de paso en un espacio bien se\u00f1alizado.<\/p>\n\n\n\n<figure class=\"wp-block-image size-large\"><a href=\"https:\/\/ciudaddelapunta.gob.ar\/01\/wp-content\/uploads\/2026\/04\/1000972323.jpg\"><img decoding=\"async\" width=\"1024\" height=\"682\" src=\"https:\/\/ciudaddelapunta.gob.ar\/01\/wp-content\/uploads\/2026\/04\/1000972323-1024x682.jpg\" alt=\"\" class=\"wp-image-6634\" srcset=\"https:\/\/ciudaddelapunta.gob.ar\/01\/wp-content\/uploads\/2026\/04\/1000972323-1024x682.jpg 1024w, https:\/\/ciudaddelapunta.gob.ar\/01\/wp-content\/uploads\/2026\/04\/1000972323-300x200.jpg 300w, https:\/\/ciudaddelapunta.gob.ar\/01\/wp-content\/uploads\/2026\/04\/1000972323-768x512.jpg 768w, https:\/\/ciudaddelapunta.gob.ar\/01\/wp-content\/uploads\/2026\/04\/1000972323.jpg 1280w\" sizes=\"(max-width: 1024px) 100vw, 1024px\" \/><\/a><\/figure>\n\n\n\n<p>Finalmente, esta inauguraci\u00f3n reafirma el compromiso de la gesti\u00f3n municipal de escuchar y trabajar codo a codo con las asociaciones vecinales para concretar proyectos que nazcan de sus propias necesidades. La presencia de las autoridades y la participaci\u00f3n de los ciudadanos durante el evento subrayan la importancia de cuidar los espacios comunes. Con estas acciones, se contin\u00faa construyendo una ciudad m\u00e1s accesible y habitable, donde cada mejora en la infraestructura se traduce en un mayor bienestar y sentido de pertenencia para todos.<\/p>\n\n\n\n<figure class=\"wp-block-image size-large\"><a href=\"https:\/\/ciudaddelapunta.gob.ar\/01\/wp-content\/uploads\/2026\/04\/1000972320.jpg\"><img loading=\"lazy\" decoding=\"async\" width=\"1024\" height=\"682\" src=\"https:\/\/ciudaddelapunta.gob.ar\/01\/wp-content\/uploads\/2026\/04\/1000972320-1024x682.jpg\" alt=\"\" class=\"wp-image-6635\" srcset=\"https:\/\/ciudaddelapunta.gob.ar\/01\/wp-content\/uploads\/2026\/04\/1000972320-1024x682.jpg 1024w, https:\/\/ciudaddelapunta.gob.ar\/01\/wp-content\/uploads\/2026\/04\/1000972320-300x200.jpg 300w, https:\/\/ciudaddelapunta.gob.ar\/01\/wp-content\/uploads\/2026\/04\/1000972320-768x512.jpg 768w, https:\/\/ciudaddelapunta.gob.ar\/01\/wp-content\/uploads\/2026\/04\/1000972320.jpg 1280w\" sizes=\"(max-width: 1024px) 100vw, 1024px\" \/><\/a><\/figure>\n\n\n\n<figure class=\"wp-block-image size-large\"><a href=\"https:\/\/ciudaddelapunta.gob.ar\/01\/wp-content\/uploads\/2026\/04\/1000972315.jpg\"><img loading=\"lazy\" decoding=\"async\" width=\"1024\" height=\"682\" src=\"https:\/\/ciudaddelapunta.gob.ar\/01\/wp-content\/uploads\/2026\/04\/1000972315-1024x682.jpg\" alt=\"\" class=\"wp-image-6636\" srcset=\"https:\/\/ciudaddelapunta.gob.ar\/01\/wp-content\/uploads\/2026\/04\/1000972315-1024x682.jpg 1024w, https:\/\/ciudaddelapunta.gob.ar\/01\/wp-content\/uploads\/2026\/04\/1000972315-300x200.jpg 300w, https:\/\/ciudaddelapunta.gob.ar\/01\/wp-content\/uploads\/2026\/04\/1000972315-768x512.jpg 768w, https:\/\/ciudaddelapunta.gob.ar\/01\/wp-content\/uploads\/2026\/04\/1000972315.jpg 1280w\" sizes=\"(max-width: 1024px) 100vw, 1024px\" \/><\/a><\/figure>\n\n\n\n<figure class=\"wp-block-image size-large\"><a href=\"https:\/\/ciudaddelapunta.gob.ar\/01\/wp-content\/uploads\/2026\/04\/1000972318.jpg\"><img loading=\"lazy\" decoding=\"async\" width=\"1024\" height=\"682\" src=\"https:\/\/ciudaddelapunta.gob.ar\/01\/wp-content\/uploads\/2026\/04\/1000972318-1024x682.jpg\" alt=\"\" class=\"wp-image-6637\" srcset=\"https:\/\/ciudaddelapunta.gob.ar\/01\/wp-content\/uploads\/2026\/04\/1000972318-1024x682.jpg 1024w, https:\/\/ciudaddelapunta.gob.ar\/01\/wp-content\/uploads\/2026\/04\/1000972318-300x200.jpg 300w, https:\/\/ciudaddelapunta.gob.ar\/01\/wp-content\/uploads\/2026\/04\/1000972318-768x512.jpg 768w, https:\/\/ciudaddelapunta.gob.ar\/01\/wp-content\/uploads\/2026\/04\/1000972318.jpg 1280w\" sizes=\"(max-width: 1024px) 100vw, 1024px\" \/><\/a><\/figure>\n\n\n\n<figure class=\"wp-block-image size-large\"><a href=\"https:\/\/ciudaddelapunta.gob.ar\/01\/wp-content\/uploads\/2026\/04\/1000972316.jpg\"><img loading=\"lazy\" decoding=\"async\" width=\"1024\" height=\"682\" src=\"https:\/\/ciudaddelapunta.gob.ar\/01\/wp-content\/uploads\/2026\/04\/1000972316-1024x682.jpg\" alt=\"\" class=\"wp-image-6638\" srcset=\"https:\/\/ciudaddelapunta.gob.ar\/01\/wp-content\/uploads\/2026\/04\/1000972316-1024x682.jpg 1024w, https:\/\/ciudaddelapunta.gob.ar\/01\/wp-content\/uploads\/2026\/04\/1000972316-300x200.jpg 300w, https:\/\/ciudaddelapunta.gob.ar\/01\/wp-content\/uploads\/2026\/04\/1000972316-768x512.jpg 768w, https:\/\/ciudaddelapunta.gob.ar\/01\/wp-content\/uploads\/2026\/04\/1000972316.jpg 1280w\" sizes=\"(max-width: 1024px) 100vw, 1024px\" \/><\/a><\/figure>\n\n\n\n<figure class=\"wp-block-image size-large\"><a href=\"https:\/\/ciudaddelapunta.gob.ar\/01\/wp-content\/uploads\/2026\/04\/1000972317.jpg\"><img loading=\"lazy\" decoding=\"async\" width=\"1024\" height=\"682\" src=\"https:\/\/ciudaddelapunta.gob.ar\/01\/wp-content\/uploads\/2026\/04\/1000972317-1024x682.jpg\" alt=\"\" class=\"wp-image-6639\" srcset=\"https:\/\/ciudaddelapunta.gob.ar\/01\/wp-content\/uploads\/2026\/04\/1000972317-1024x682.jpg 1024w, https:\/\/ciudaddelapunta.gob.ar\/01\/wp-content\/uploads\/2026\/04\/1000972317-300x200.jpg 300w, https:\/\/ciudaddelapunta.gob.ar\/01\/wp-content\/uploads\/2026\/04\/1000972317-768x512.jpg 768w, https:\/\/ciudaddelapunta.gob.ar\/01\/wp-content\/uploads\/2026\/04\/1000972317.jpg 1280w\" sizes=\"(max-width: 1024px) 100vw, 1024px\" \/><\/a><\/figure>\n\n\n\n<figure class=\"wp-block-image size-large\"><a href=\"https:\/\/ciudaddelapunta.gob.ar\/01\/wp-content\/uploads\/2026\/04\/1000972313.jpg\"><img loading=\"lazy\" decoding=\"async\" width=\"1024\" height=\"682\" src=\"https:\/\/ciudaddelapunta.gob.ar\/01\/wp-content\/uploads\/2026\/04\/1000972313-1024x682.jpg\" alt=\"\" class=\"wp-image-6640\" srcset=\"https:\/\/ciudaddelapunta.gob.ar\/01\/wp-content\/uploads\/2026\/04\/1000972313-1024x682.jpg 1024w, https:\/\/ciudaddelapunta.gob.ar\/01\/wp-content\/uploads\/2026\/04\/1000972313-300x200.jpg 300w, https:\/\/ciudaddelapunta.gob.ar\/01\/wp-content\/uploads\/2026\/04\/1000972313-768x512.jpg 768w, https:\/\/ciudaddelapunta.gob.ar\/01\/wp-content\/uploads\/2026\/04\/1000972313.jpg 1280w\" sizes=\"(max-width: 1024px) 100vw, 1024px\" \/><\/a><\/figure>\n\n\n\n<figure class=\"wp-block-image size-large\"><a href=\"https:\/\/ciudaddelapunta.gob.ar\/01\/wp-content\/uploads\/2026\/04\/1000972312-scaled.jpg\"><img loading=\"lazy\" decoding=\"async\" width=\"1024\" height=\"683\" src=\"https:\/\/ciudaddelapunta.gob.ar\/01\/wp-content\/uploads\/2026\/04\/1000972312-1024x683.jpg\" alt=\"\" class=\"wp-image-6641\" srcset=\"https:\/\/ciudaddelapunta.gob.ar\/01\/wp-content\/uploads\/2026\/04\/1000972312-1024x683.jpg 1024w, https:\/\/ciudaddelapunta.gob.ar\/01\/wp-content\/uploads\/2026\/04\/1000972312-300x200.jpg 300w, https:\/\/ciudaddelapunta.gob.ar\/01\/wp-content\/uploads\/2026\/04\/1000972312-768x512.jpg 768w, https:\/\/ciudaddelapunta.gob.ar\/01\/wp-content\/uploads\/2026\/04\/1000972312-1536x1024.jpg 1536w, https:\/\/ciudaddelapunta.gob.ar\/01\/wp-content\/uploads\/2026\/04\/1000972312-2048x1365.jpg 2048w\" sizes=\"(max-width: 1024px) 100vw, 1024px\" \/><\/a><\/figure>\n\n\n\n<figure class=\"wp-block-image size-large\"><a href=\"https:\/\/ciudaddelapunta.gob.ar\/01\/wp-content\/uploads\/2026\/04\/1000972314.jpg\"><img loading=\"lazy\" decoding=\"async\" width=\"1024\" height=\"682\" src=\"https:\/\/ciudaddelapunta.gob.ar\/01\/wp-content\/uploads\/2026\/04\/1000972314-1024x682.jpg\" alt=\"\" class=\"wp-image-6642\" srcset=\"https:\/\/ciudaddelapunta.gob.ar\/01\/wp-content\/uploads\/2026\/04\/1000972314-1024x682.jpg 1024w, https:\/\/ciudaddelapunta.gob.ar\/01\/wp-content\/uploads\/2026\/04\/1000972314-300x200.jpg 300w, https:\/\/ciudaddelapunta.gob.ar\/01\/wp-content\/uploads\/2026\/04\/1000972314-768x512.jpg 768w, https:\/\/ciudaddelapunta.gob.ar\/01\/wp-content\/uploads\/2026\/04\/1000972314.jpg 1280w\" sizes=\"(max-width: 1024px) 100vw, 1024px\" \/><\/a><\/figure>\n","protected":false},"excerpt":{"rendered":"<p>El intendente Luciano Ayala acompa\u00f1\u00f3 a los vecinos en el acto de presentaci\u00f3n de la nueva garita de ingreso al barrio Los Lapachos, una obra que funciona como un renovado &#8230;<\/p>\n","protected":false},"author":37,"featured_media":6632,"comment_status":"closed","ping_status":"","sticky":false,"template":"","format":"standard","meta":{"footnotes":""},"categories":[19],"tags":[22,30,1012,23,73],"class_list":["post-6631","post","type-post","status-publish","format-standard","has-post-thumbnail","hentry","category-noticias","tag-avanza-la-punta","tag-la-punta","tag-los-lapachos","tag-luciano-ayala","tag-municipalidad-de-la-punta"],"_links":{"self":[{"href":"https:\/\/ciudaddelapunta.gob.ar\/01\/wp-json\/wp\/v2\/posts\/6631","targetHints":{"allow":["GET"]}}],"collection":[{"href":"https:\/\/ciudaddelapunta.gob.ar\/01\/wp-json\/wp\/v2\/posts"}],"about":[{"href":"https:\/\/ciudaddelapunta.gob.ar\/01\/wp-json\/wp\/v2\/types\/post"}],"author":[{"embeddable":true,"href":"https:\/\/ciudaddelapunta.gob.ar\/01\/wp-json\/wp\/v2\/users\/37"}],"replies":[{"embeddable":true,"href":"https:\/\/ciudaddelapunta.gob.ar\/01\/wp-json\/wp\/v2\/comments?post=6631"}],"version-history":[{"count":1,"href":"https:\/\/ciudaddelapunta.gob.ar\/01\/wp-json\/wp\/v2\/posts\/6631\/revisions"}],"predecessor-version":[{"id":6643,"href":"https:\/\/ciudaddelapunta.gob.ar\/01\/wp-json\/wp\/v2\/posts\/6631\/revisions\/6643"}],"wp:featuredmedia":[{"embeddable":true,"href":"https:\/\/ciudaddelapunta.gob.ar\/01\/wp-json\/wp\/v2\/media\/6632"}],"wp:attachment":[{"href":"https:\/\/ciudaddelapunta.gob.ar\/01\/wp-json\/wp\/v2\/media?parent=6631"}],"wp:term":[{"taxonomy":"category","embeddable":true,"href":"https:\/\/ciudaddelapunta.gob.ar\/01\/wp-json\/wp\/v2\/categories?post=6631"},{"taxonomy":"post_tag","embeddable":true,"href":"https:\/\/ciudaddelapunta.gob.ar\/01\/wp-json\/wp\/v2\/tags?post=6631"}],"curies":[{"name":"wp","href":"https:\/\/api.w.org\/{rel}","templated":true}]}}