{"id":6613,"date":"2026-04-09T09:32:40","date_gmt":"2026-04-09T12:32:40","guid":{"rendered":"https:\/\/ciudaddelapunta.gob.ar\/01\/?p=6613"},"modified":"2026-04-09T09:32:40","modified_gmt":"2026-04-09T12:32:40","slug":"refuerzo-integral-para-nuestro-deporte-local-se-renovo-el-equipamiento-de-los-talleres-municipales-y-de-las-actividades-desarrolladas-en-el-polideportivo-municipal","status":"publish","type":"post","link":"https:\/\/ciudaddelapunta.gob.ar\/01\/refuerzo-integral-para-nuestro-deporte-local-se-renovo-el-equipamiento-de-los-talleres-municipales-y-de-las-actividades-desarrolladas-en-el-polideportivo-municipal\/","title":{"rendered":"REFUERZO INTEGRAL PARA NUESTRO DEPORTE LOCAL: SE RENOV\u00d3 EL EQUIPAMIENTO DE LOS TALLERES MUNICIPALES Y DE LAS ACTIVIDADES DESARROLLADAS EN EL POLIDEPORTIVO MUNICIPAL"},"content":{"rendered":"\n<p>Con el objetivo de potenciar las actividades f\u00edsicas gratuitas, la Direcci\u00f3n de Deportes realiz\u00f3 una importante entrega de materiales en el Polideportivo Manuel Garc\u00eda Ferr\u00e9.<\/p>\n\n\n\n<figure class=\"wp-block-image size-large\"><a href=\"https:\/\/ciudaddelapunta.gob.ar\/01\/wp-content\/uploads\/2026\/04\/1000970439.jpg\"><img fetchpriority=\"high\" decoding=\"async\" width=\"1024\" height=\"682\" src=\"https:\/\/ciudaddelapunta.gob.ar\/01\/wp-content\/uploads\/2026\/04\/1000970439-1024x682.jpg\" alt=\"\" class=\"wp-image-6614\" srcset=\"https:\/\/ciudaddelapunta.gob.ar\/01\/wp-content\/uploads\/2026\/04\/1000970439-1024x682.jpg 1024w, https:\/\/ciudaddelapunta.gob.ar\/01\/wp-content\/uploads\/2026\/04\/1000970439-300x200.jpg 300w, https:\/\/ciudaddelapunta.gob.ar\/01\/wp-content\/uploads\/2026\/04\/1000970439-768x512.jpg 768w, https:\/\/ciudaddelapunta.gob.ar\/01\/wp-content\/uploads\/2026\/04\/1000970439.jpg 1280w\" sizes=\"(max-width: 1024px) 100vw, 1024px\" \/><\/a><\/figure>\n\n\n\n<p>En una jornada marcada por el compromiso con la recreaci\u00f3n y la salud, se llev\u00f3 a cabo la entrega de nuevo material deportivo en las instalaciones del Polideportivo Municipal Manuel Garc\u00eda Ferr\u00e9. Esta iniciativa tuvo como fin exclusivo reforzar y renovar los elementos de los distintos talleres que brinda la municipalidad, asegurando que cada disciplina cuente con las herramientas necesarias para su desarrollo \u00f3ptimo. El evento cont\u00f3 con la presencia de nuestro Intendente Municipal Luciano Ayala  quien entreg\u00f3 personalmente los insumos a los profesores de cada actividad.<\/p>\n\n\n\n<figure class=\"wp-block-image size-large\"><a href=\"https:\/\/ciudaddelapunta.gob.ar\/01\/wp-content\/uploads\/2026\/04\/1000970440.jpg\"><img decoding=\"async\" width=\"1024\" height=\"682\" src=\"https:\/\/ciudaddelapunta.gob.ar\/01\/wp-content\/uploads\/2026\/04\/1000970440-1024x682.jpg\" alt=\"\" class=\"wp-image-6615\" srcset=\"https:\/\/ciudaddelapunta.gob.ar\/01\/wp-content\/uploads\/2026\/04\/1000970440-1024x682.jpg 1024w, https:\/\/ciudaddelapunta.gob.ar\/01\/wp-content\/uploads\/2026\/04\/1000970440-300x200.jpg 300w, https:\/\/ciudaddelapunta.gob.ar\/01\/wp-content\/uploads\/2026\/04\/1000970440-768x512.jpg 768w, https:\/\/ciudaddelapunta.gob.ar\/01\/wp-content\/uploads\/2026\/04\/1000970440.jpg 1280w\" sizes=\"(max-width: 1024px) 100vw, 1024px\" \/><\/a><\/figure>\n\n\n\n<figure class=\"wp-block-image size-large\"><a href=\"https:\/\/ciudaddelapunta.gob.ar\/01\/wp-content\/uploads\/2026\/04\/1000970444.jpg\"><img decoding=\"async\" width=\"1024\" height=\"682\" src=\"https:\/\/ciudaddelapunta.gob.ar\/01\/wp-content\/uploads\/2026\/04\/1000970444-1024x682.jpg\" alt=\"\" class=\"wp-image-6616\" srcset=\"https:\/\/ciudaddelapunta.gob.ar\/01\/wp-content\/uploads\/2026\/04\/1000970444-1024x682.jpg 1024w, https:\/\/ciudaddelapunta.gob.ar\/01\/wp-content\/uploads\/2026\/04\/1000970444-300x200.jpg 300w, https:\/\/ciudaddelapunta.gob.ar\/01\/wp-content\/uploads\/2026\/04\/1000970444-768x512.jpg 768w, https:\/\/ciudaddelapunta.gob.ar\/01\/wp-content\/uploads\/2026\/04\/1000970444.jpg 1280w\" sizes=\"(max-width: 1024px) 100vw, 1024px\" \/><\/a><\/figure>\n\n\n\n<figure class=\"wp-block-image size-large\"><a href=\"https:\/\/ciudaddelapunta.gob.ar\/01\/wp-content\/uploads\/2026\/04\/1000970443.jpg\"><img loading=\"lazy\" decoding=\"async\" width=\"1024\" height=\"682\" src=\"https:\/\/ciudaddelapunta.gob.ar\/01\/wp-content\/uploads\/2026\/04\/1000970443-1024x682.jpg\" alt=\"\" class=\"wp-image-6617\" srcset=\"https:\/\/ciudaddelapunta.gob.ar\/01\/wp-content\/uploads\/2026\/04\/1000970443-1024x682.jpg 1024w, https:\/\/ciudaddelapunta.gob.ar\/01\/wp-content\/uploads\/2026\/04\/1000970443-300x200.jpg 300w, https:\/\/ciudaddelapunta.gob.ar\/01\/wp-content\/uploads\/2026\/04\/1000970443-768x512.jpg 768w, https:\/\/ciudaddelapunta.gob.ar\/01\/wp-content\/uploads\/2026\/04\/1000970443.jpg 1280w\" sizes=\"(max-width: 1024px) 100vw, 1024px\" \/><\/a><\/figure>\n\n\n\n<p>La adquisici\u00f3n de este equipamiento fue gestionada a trav\u00e9s de la Direcci\u00f3n de Deporte y Recreaci\u00f3n, bajo la responsabilidad de Franco Jofr\u00e9, \u00e1rea que depende directamente de la Secretar\u00eda de Desarrollo Social, a cargo de Marina Lucero. Durante el acto, se destac\u00f3 la importancia de estas inversiones para mantener la calidad de las clases y fomentar la participaci\u00f3n de vecinos de todas las edades en los espacios deportivos p\u00fablicos.<\/p>\n\n\n\n<figure class=\"wp-block-image size-large\"><a href=\"https:\/\/ciudaddelapunta.gob.ar\/01\/wp-content\/uploads\/2026\/04\/1000970449.jpg\"><img loading=\"lazy\" decoding=\"async\" width=\"1024\" height=\"682\" src=\"https:\/\/ciudaddelapunta.gob.ar\/01\/wp-content\/uploads\/2026\/04\/1000970449-1024x682.jpg\" alt=\"\" class=\"wp-image-6618\" srcset=\"https:\/\/ciudaddelapunta.gob.ar\/01\/wp-content\/uploads\/2026\/04\/1000970449-1024x682.jpg 1024w, https:\/\/ciudaddelapunta.gob.ar\/01\/wp-content\/uploads\/2026\/04\/1000970449-300x200.jpg 300w, https:\/\/ciudaddelapunta.gob.ar\/01\/wp-content\/uploads\/2026\/04\/1000970449-768x512.jpg 768w, https:\/\/ciudaddelapunta.gob.ar\/01\/wp-content\/uploads\/2026\/04\/1000970449.jpg 1280w\" sizes=\"(max-width: 1024px) 100vw, 1024px\" \/><\/a><\/figure>\n\n\n\n<figure class=\"wp-block-image size-large\"><a href=\"https:\/\/ciudaddelapunta.gob.ar\/01\/wp-content\/uploads\/2026\/04\/1000970451.jpg\"><img loading=\"lazy\" decoding=\"async\" width=\"1024\" height=\"682\" src=\"https:\/\/ciudaddelapunta.gob.ar\/01\/wp-content\/uploads\/2026\/04\/1000970451-1024x682.jpg\" alt=\"\" class=\"wp-image-6619\" srcset=\"https:\/\/ciudaddelapunta.gob.ar\/01\/wp-content\/uploads\/2026\/04\/1000970451-1024x682.jpg 1024w, https:\/\/ciudaddelapunta.gob.ar\/01\/wp-content\/uploads\/2026\/04\/1000970451-300x200.jpg 300w, https:\/\/ciudaddelapunta.gob.ar\/01\/wp-content\/uploads\/2026\/04\/1000970451-768x512.jpg 768w, https:\/\/ciudaddelapunta.gob.ar\/01\/wp-content\/uploads\/2026\/04\/1000970451.jpg 1280w\" sizes=\"(max-width: 1024px) 100vw, 1024px\" \/><\/a><\/figure>\n\n\n\n<figure class=\"wp-block-image size-large\"><a href=\"https:\/\/ciudaddelapunta.gob.ar\/01\/wp-content\/uploads\/2026\/04\/1000970448.jpg\"><img loading=\"lazy\" decoding=\"async\" width=\"1024\" height=\"682\" src=\"https:\/\/ciudaddelapunta.gob.ar\/01\/wp-content\/uploads\/2026\/04\/1000970448-1024x682.jpg\" alt=\"\" class=\"wp-image-6620\" srcset=\"https:\/\/ciudaddelapunta.gob.ar\/01\/wp-content\/uploads\/2026\/04\/1000970448-1024x682.jpg 1024w, https:\/\/ciudaddelapunta.gob.ar\/01\/wp-content\/uploads\/2026\/04\/1000970448-300x200.jpg 300w, https:\/\/ciudaddelapunta.gob.ar\/01\/wp-content\/uploads\/2026\/04\/1000970448-768x512.jpg 768w, https:\/\/ciudaddelapunta.gob.ar\/01\/wp-content\/uploads\/2026\/04\/1000970448.jpg 1280w\" sizes=\"(max-width: 1024px) 100vw, 1024px\" \/><\/a><\/figure>\n\n\n\n<p>Entre los materiales distribuidos se incluyeron pelotas de f\u00fatbol, b\u00e1squet y v\u00f3ley, adem\u00e1s de equipamiento espec\u00edfico para hockey, como palos y bochas. El boxeo tambi\u00e9n recibi\u00f3 una renovaci\u00f3n significativa con nuevos guantes, cabezales, bolsas y sogas, mientras que  el taller de pat\u00edn  incorpor\u00f3 patines extensibles y tatamis encastrables. Para el entrenamiento funcional y la preparaci\u00f3n f\u00edsica, se sumaron escaleras de coordinaci\u00f3n, bandas de tensi\u00f3n, conos y &#8220;tortuguitas&#8221;.<\/p>\n\n\n\n<figure class=\"wp-block-image size-large\"><a href=\"https:\/\/ciudaddelapunta.gob.ar\/01\/wp-content\/uploads\/2026\/04\/1000970454.jpg\"><img loading=\"lazy\" decoding=\"async\" width=\"1024\" height=\"682\" src=\"https:\/\/ciudaddelapunta.gob.ar\/01\/wp-content\/uploads\/2026\/04\/1000970454-1024x682.jpg\" alt=\"\" class=\"wp-image-6621\" srcset=\"https:\/\/ciudaddelapunta.gob.ar\/01\/wp-content\/uploads\/2026\/04\/1000970454-1024x682.jpg 1024w, https:\/\/ciudaddelapunta.gob.ar\/01\/wp-content\/uploads\/2026\/04\/1000970454-300x200.jpg 300w, https:\/\/ciudaddelapunta.gob.ar\/01\/wp-content\/uploads\/2026\/04\/1000970454-768x512.jpg 768w, https:\/\/ciudaddelapunta.gob.ar\/01\/wp-content\/uploads\/2026\/04\/1000970454.jpg 1280w\" sizes=\"(max-width: 1024px) 100vw, 1024px\" \/><\/a><\/figure>\n\n\n\n<p>Tras la entrega formal, el intendente Luciano realiz\u00f3 un recorrido por los diversos talleres en funcionamiento y supervis\u00f3 el estado general del polideportivo. Esta visita permiti\u00f3 dialogar con los docentes y alumnos sobre las necesidades del sector, reafirmando la decisi\u00f3n pol\u00edtica de seguir apostando al deporte como una herramienta fundamental de inclusi\u00f3n y bienestar social en nuestra comunidad.<\/p>\n","protected":false},"excerpt":{"rendered":"<p>Con el objetivo de potenciar las actividades f\u00edsicas gratuitas, la Direcci\u00f3n de Deportes realiz\u00f3 una importante entrega de materiales en el Polideportivo Manuel Garc\u00eda Ferr\u00e9. En una jornada marcada por &#8230;<\/p>\n","protected":false},"author":37,"featured_media":6615,"comment_status":"closed","ping_status":"","sticky":false,"template":"","format":"standard","meta":{"footnotes":""},"categories":[19],"tags":[22,55,142,30,23,73],"class_list":["post-6613","post","type-post","status-publish","format-standard","has-post-thumbnail","hentry","category-noticias","tag-avanza-la-punta","tag-deporte","tag-desarrollo-social","tag-la-punta","tag-luciano-ayala","tag-municipalidad-de-la-punta"],"_links":{"self":[{"href":"https:\/\/ciudaddelapunta.gob.ar\/01\/wp-json\/wp\/v2\/posts\/6613","targetHints":{"allow":["GET"]}}],"collection":[{"href":"https:\/\/ciudaddelapunta.gob.ar\/01\/wp-json\/wp\/v2\/posts"}],"about":[{"href":"https:\/\/ciudaddelapunta.gob.ar\/01\/wp-json\/wp\/v2\/types\/post"}],"author":[{"embeddable":true,"href":"https:\/\/ciudaddelapunta.gob.ar\/01\/wp-json\/wp\/v2\/users\/37"}],"replies":[{"embeddable":true,"href":"https:\/\/ciudaddelapunta.gob.ar\/01\/wp-json\/wp\/v2\/comments?post=6613"}],"version-history":[{"count":1,"href":"https:\/\/ciudaddelapunta.gob.ar\/01\/wp-json\/wp\/v2\/posts\/6613\/revisions"}],"predecessor-version":[{"id":6622,"href":"https:\/\/ciudaddelapunta.gob.ar\/01\/wp-json\/wp\/v2\/posts\/6613\/revisions\/6622"}],"wp:featuredmedia":[{"embeddable":true,"href":"https:\/\/ciudaddelapunta.gob.ar\/01\/wp-json\/wp\/v2\/media\/6615"}],"wp:attachment":[{"href":"https:\/\/ciudaddelapunta.gob.ar\/01\/wp-json\/wp\/v2\/media?parent=6613"}],"wp:term":[{"taxonomy":"category","embeddable":true,"href":"https:\/\/ciudaddelapunta.gob.ar\/01\/wp-json\/wp\/v2\/categories?post=6613"},{"taxonomy":"post_tag","embeddable":true,"href":"https:\/\/ciudaddelapunta.gob.ar\/01\/wp-json\/wp\/v2\/tags?post=6613"}],"curies":[{"name":"wp","href":"https:\/\/api.w.org\/{rel}","templated":true}]}}