{"id":6608,"date":"2026-04-08T19:54:25","date_gmt":"2026-04-08T22:54:25","guid":{"rendered":"https:\/\/ciudaddelapunta.gob.ar\/01\/?p=6608"},"modified":"2026-04-08T19:58:15","modified_gmt":"2026-04-08T22:58:15","slug":"reunion-por-la-erradicacion-de-un-basural-a-cielo-abierto","status":"publish","type":"post","link":"https:\/\/ciudaddelapunta.gob.ar\/01\/reunion-por-la-erradicacion-de-un-basural-a-cielo-abierto\/","title":{"rendered":"REUNI\u00d3N POR LA ERRADICACI\u00d3N DE UN BASURAL A CIELO ABIERTO"},"content":{"rendered":"\n<p>El intendente Luciano Ayala encabez\u00f3 una importante jornada de trabajo destinada a resolver una de las problem\u00e1ticas ambientales m\u00e1s urgentes de la localidad. Del encuentro participaron Lucas Mart\u00edn Prieto, gerente del Ente Plantas de Reciclado y Tratamiento de Residuos S\u00f3lidos Urbanos de la provincia de San Luis, junto a los secretarios municipales Eugenio Isa\u00eda, de Medio Ambiente, Dar\u00edo Luj\u00e1n, de Servicios P\u00fablicos y la responsable de la secretar\u00eda de hacienda Silvia Musser. La mesa t\u00e9cnica se centr\u00f3 en coordinar esfuerzos institucionales para intervenir de manera efectiva en el predio afectado.<\/p>\n\n\n\n<figure class=\"wp-block-image size-large\"><a href=\"https:\/\/ciudaddelapunta.gob.ar\/01\/wp-content\/uploads\/2026\/04\/1000969980-scaled.jpg\"><img fetchpriority=\"high\" decoding=\"async\" width=\"1024\" height=\"768\" src=\"https:\/\/ciudaddelapunta.gob.ar\/01\/wp-content\/uploads\/2026\/04\/1000969980-1024x768.jpg\" alt=\"\" class=\"wp-image-6609\" srcset=\"https:\/\/ciudaddelapunta.gob.ar\/01\/wp-content\/uploads\/2026\/04\/1000969980-1024x768.jpg 1024w, https:\/\/ciudaddelapunta.gob.ar\/01\/wp-content\/uploads\/2026\/04\/1000969980-300x225.jpg 300w, https:\/\/ciudaddelapunta.gob.ar\/01\/wp-content\/uploads\/2026\/04\/1000969980-768x576.jpg 768w, https:\/\/ciudaddelapunta.gob.ar\/01\/wp-content\/uploads\/2026\/04\/1000969980-1536x1152.jpg 1536w, https:\/\/ciudaddelapunta.gob.ar\/01\/wp-content\/uploads\/2026\/04\/1000969980-2048x1536.jpg 2048w\" sizes=\"(max-width: 1024px) 100vw, 1024px\" \/><\/a><\/figure>\n\n\n\n<p>El objetivo principal de esta mesa de di\u00e1logo fue establecer una hoja de ruta clara para abordar la problem\u00e1tica del basural a cielo abierto existente. Las autoridades analizaron la situaci\u00f3n actual del terreno y definieron las estrategias log\u00edsticas necesarias para iniciar un proceso de saneamiento integral. Esta colaboraci\u00f3n entre el municipio y el ente provincial busca optimizar los recursos disponibles para garantizar que el tratamiento de los desechos cumpla con las normativas vigentes.<\/p>\n\n\n\n<p>Durante el desarrollo del encuentro, se avanz\u00f3 en gestiones concretas orientadas a la erradicaci\u00f3n definitiva del basural, poniendo como prioridad absoluta el cuidado del medio ambiente y la salud de los vecinos. El proyecto no solo contempla el retiro de los residuos, sino tambi\u00e9n la recuperaci\u00f3n del espacio p\u00fablico para evitar que vuelva a ser utilizado como punto de arrojo ilegal. <\/p>\n\n\n\n<figure class=\"wp-block-image size-large\"><a href=\"https:\/\/ciudaddelapunta.gob.ar\/01\/wp-content\/uploads\/2026\/04\/1000969981-scaled.jpg\"><img decoding=\"async\" width=\"1024\" height=\"576\" src=\"https:\/\/ciudaddelapunta.gob.ar\/01\/wp-content\/uploads\/2026\/04\/1000969981-1024x576.jpg\" alt=\"\" class=\"wp-image-6610\" srcset=\"https:\/\/ciudaddelapunta.gob.ar\/01\/wp-content\/uploads\/2026\/04\/1000969981-1024x576.jpg 1024w, https:\/\/ciudaddelapunta.gob.ar\/01\/wp-content\/uploads\/2026\/04\/1000969981-300x169.jpg 300w, https:\/\/ciudaddelapunta.gob.ar\/01\/wp-content\/uploads\/2026\/04\/1000969981-768x432.jpg 768w, https:\/\/ciudaddelapunta.gob.ar\/01\/wp-content\/uploads\/2026\/04\/1000969981-1536x864.jpg 1536w, https:\/\/ciudaddelapunta.gob.ar\/01\/wp-content\/uploads\/2026\/04\/1000969981-2048x1152.jpg 2048w\" sizes=\"(max-width: 1024px) 100vw, 1024px\" \/><\/a><\/figure>\n\n\n\n<p>Finalmente, estas acciones se inscriben dentro de una pol\u00edtica de Estado sostenida que busca transformar la realidad urbana de la ciudad. El compromiso de la actual administraci\u00f3n es promover un entorno m\u00e1s limpio, ordenado y consciente de su impacto ecol\u00f3gico. De esta manera, se refuerza el trabajo mancomunado entre las distintas \u00e1reas de gobierno para consolidar una comunidad comprometida con el desarrollo sostenible y la preservaci\u00f3n del entorno natural.<\/p>\n\n\n\n<p><\/p>\n","protected":false},"excerpt":{"rendered":"<p>El intendente Luciano Ayala encabez\u00f3 una importante jornada de trabajo destinada a resolver una de las problem\u00e1ticas ambientales m\u00e1s urgentes de la localidad. Del encuentro participaron Lucas Mart\u00edn Prieto, gerente &#8230;<\/p>\n","protected":false},"author":37,"featured_media":6609,"comment_status":"closed","ping_status":"closed","sticky":false,"template":"","format":"standard","meta":{"footnotes":""},"categories":[19],"tags":[1010,22,1009,54,30,23,73],"class_list":["post-6608","post","type-post","status-publish","format-standard","has-post-thumbnail","hentry","category-noticias","tag-a-cielo-abierto","tag-avanza-la-punta","tag-basurales","tag-gobierno-de-san-luis","tag-la-punta","tag-luciano-ayala","tag-municipalidad-de-la-punta"],"_links":{"self":[{"href":"https:\/\/ciudaddelapunta.gob.ar\/01\/wp-json\/wp\/v2\/posts\/6608","targetHints":{"allow":["GET"]}}],"collection":[{"href":"https:\/\/ciudaddelapunta.gob.ar\/01\/wp-json\/wp\/v2\/posts"}],"about":[{"href":"https:\/\/ciudaddelapunta.gob.ar\/01\/wp-json\/wp\/v2\/types\/post"}],"author":[{"embeddable":true,"href":"https:\/\/ciudaddelapunta.gob.ar\/01\/wp-json\/wp\/v2\/users\/37"}],"replies":[{"embeddable":true,"href":"https:\/\/ciudaddelapunta.gob.ar\/01\/wp-json\/wp\/v2\/comments?post=6608"}],"version-history":[{"count":2,"href":"https:\/\/ciudaddelapunta.gob.ar\/01\/wp-json\/wp\/v2\/posts\/6608\/revisions"}],"predecessor-version":[{"id":6612,"href":"https:\/\/ciudaddelapunta.gob.ar\/01\/wp-json\/wp\/v2\/posts\/6608\/revisions\/6612"}],"wp:featuredmedia":[{"embeddable":true,"href":"https:\/\/ciudaddelapunta.gob.ar\/01\/wp-json\/wp\/v2\/media\/6609"}],"wp:attachment":[{"href":"https:\/\/ciudaddelapunta.gob.ar\/01\/wp-json\/wp\/v2\/media?parent=6608"}],"wp:term":[{"taxonomy":"category","embeddable":true,"href":"https:\/\/ciudaddelapunta.gob.ar\/01\/wp-json\/wp\/v2\/categories?post=6608"},{"taxonomy":"post_tag","embeddable":true,"href":"https:\/\/ciudaddelapunta.gob.ar\/01\/wp-json\/wp\/v2\/tags?post=6608"}],"curies":[{"name":"wp","href":"https:\/\/api.w.org\/{rel}","templated":true}]}}