{"id":5771,"date":"2025-11-26T20:53:00","date_gmt":"2025-11-26T23:53:00","guid":{"rendered":"https:\/\/ciudaddelapunta.gob.ar\/01\/?p=5771"},"modified":"2025-11-26T20:53:00","modified_gmt":"2025-11-26T23:53:00","slug":"el-plan-de-la-punta-capacitacion-tecnologia-y-la-generacion-silver-como-protagonista","status":"publish","type":"post","link":"https:\/\/ciudaddelapunta.gob.ar\/01\/el-plan-de-la-punta-capacitacion-tecnologia-y-la-generacion-silver-como-protagonista\/","title":{"rendered":"EL PLAN DE LA PUNTA: CAPACITACI\u00d3N, TECNOLOG\u00cdA Y LA &#8220;GENERACI\u00d3N SILVER&#8221; COMO PROTAGONISTA"},"content":{"rendered":"\n<p><strong>El intendente Luciano Ayala dialog\u00f3 con Ticmas sobre la estrategia de su gesti\u00f3n para vincular la educaci\u00f3n con el mundo del trabajo, el emprendedurismo y el desarrollo privado, destacando la inclusi\u00f3n de todos los rangos etarios.<\/strong><\/p>\n\n\n\n<figure class=\"wp-block-image size-full\"><a href=\"https:\/\/ciudaddelapunta.gob.ar\/01\/wp-content\/uploads\/2025\/11\/1000703489.webp\"><img fetchpriority=\"high\" decoding=\"async\" width=\"420\" height=\"236\" src=\"https:\/\/ciudaddelapunta.gob.ar\/01\/wp-content\/uploads\/2025\/11\/1000703489.webp\" alt=\"\" class=\"wp-image-5772\" srcset=\"https:\/\/ciudaddelapunta.gob.ar\/01\/wp-content\/uploads\/2025\/11\/1000703489.webp 420w, https:\/\/ciudaddelapunta.gob.ar\/01\/wp-content\/uploads\/2025\/11\/1000703489-300x169.webp 300w\" sizes=\"(max-width: 420px) 100vw, 420px\" \/><\/a><\/figure>\n\n\n\n<p>El intendente de La Punta, Luciano Ayala, en San Luis, convers\u00f3 con Ticmas sobre la visi\u00f3n estrat\u00e9gica de su gesti\u00f3n, que posiciona a la educaci\u00f3n y la capacitaci\u00f3n como pilares fundamentales para impulsar el desarrollo econ\u00f3mico y personal de la comunidad. La Punta, una joven ciudad que combina tecnolog\u00eda, educaci\u00f3n y naturaleza, busca activamente generar las condiciones propicias para que el sector privado sea el motor de la econom\u00eda.<\/p>\n\n\n\n<p><strong>Inclusi\u00f3n y Capacitaci\u00f3n: El Eje de la Gesti\u00f3n<\/strong> <\/p>\n\n\n\n<p>Ayala enfatiz\u00f3 que el Estado debe ser un impulsor que genere oportunidades a trav\u00e9s de la formaci\u00f3n constante del recurso humano. &#8220;El Estado debe generar las condiciones propicias no solo para que el privado d\u00e9 trabajo, sino para que quienes buscan desarrollarse puedan hacerlo capacit\u00e1ndose en el \u00e1rea elegida,&#8221; se\u00f1al\u00f3.<\/p>\n\n\n\n<p>Para lograr esto, la Municipalidad trabaja constantemente en la creaci\u00f3n de espacios de capacitaci\u00f3n permanente en oficios pensados para el desarrollo del sector privado local. Como ejemplo, cit\u00f3 los convenios firmados en 2025 con la UNSL y la ULP para pasant\u00edas de alumnos, talleres para emprendedores orientados al turismo, y capacitaciones en oficios con certificaci\u00f3n ministerial a trav\u00e9s de aulas m\u00f3viles. Para 2026, la gesti\u00f3n planea continuar y profundizar esta l\u00ednea de acci\u00f3n.<\/p>\n\n\n\n<p><strong>Foco en la &#8220;Generaci\u00f3n Silver&#8221;<\/strong> <\/p>\n\n\n\n<p>Una de las \u00e1reas destacadas es la atenci\u00f3n a los mayores de 55 a\u00f1os, la llamada &#8220;generaci\u00f3n silver&#8221;. El intendente asegur\u00f3 que la generaci\u00f3n de oportunidades de capacitaci\u00f3n se piensa para todos los sectores, no solo para los j\u00f3venes.<\/p>\n\n\n\n<p>&#8220;La generaci\u00f3n silver tambi\u00e9n se convierte en protagonista activa del desarrollo privado y no termina relegada, por falta de capacitaci\u00f3n y oportunidades laborales.&#8221; Las capacitaciones, dictadas por la Direcci\u00f3n de Pymes, est\u00e1n abiertas a diferentes rangos etarios e incluyen oficios como charcuteros, fotograf\u00eda, mosaiquismo, talabarter\u00eda y costura, brindando a las personas mayores la oportunidad de seguir capacit\u00e1ndose y emprendiendo. Adicionalmente, se ofrecen talleres recreativos como el Ballet de Adultos, Coro y Yoga.<\/p>\n\n\n\n<p><strong>Tecnolog\u00eda, Rob\u00f3tica e Inteligencia Artificial<\/strong><\/p>\n\n\n\n<p>La Punta se caracteriza por su fuerte apuesta a la tecnolog\u00eda, contando con una universidad provincial, un Data Center y un Parque Astron\u00f3mico. En este marco, y pensando en las futuras generaciones, el Municipio est\u00e1 dise\u00f1ando talleres de rob\u00f3tica y programaci\u00f3n a cargo de la Secretar\u00eda de Modernizaci\u00f3n.<\/p>\n\n\n\n<p>Respecto a la Inteligencia Artificial (IA), el intendente Ayala adopt\u00f3 una visi\u00f3n pragm\u00e1tica: &#8220;No debemos temerle a la IA como tal.&#8221; La concibe como una herramienta y un asistente que, bajo supervisi\u00f3n humana, permite agilizar tareas, potenciar la productividad y optimizar el tiempo. &#8220;La IA no siente, ni es emp\u00e1tica por lo que siempre debe ser monitoreada bajo supervisi\u00f3n,&#8221; afirm\u00f3. Ayala sostiene que la IA automatiza lo mec\u00e1nico, lo que a su vez potencia la parte humana y genera valor agregado al servicio, abriendo un camino de crecimiento sostenido para la ciudad.<\/p>\n\n\n\n<p>El plan de crecimiento se acompa\u00f1a con la creaci\u00f3n de una oficina de empleo para actuar como nexo entre la formaci\u00f3n y la inserci\u00f3n laboral en el sector privado.<\/p>\n\n\n\n<p><\/p>\n","protected":false},"excerpt":{"rendered":"<p>El intendente Luciano Ayala dialog\u00f3 con Ticmas sobre la estrategia de su gesti\u00f3n para vincular la educaci\u00f3n con el mundo del trabajo, el emprendedurismo y el desarrollo privado, destacando la &#8230;<\/p>\n","protected":false},"author":37,"featured_media":3508,"comment_status":"closed","ping_status":"","sticky":false,"template":"","format":"standard","meta":{"footnotes":""},"categories":[19],"tags":[22,30,23,73,792],"class_list":["post-5771","post","type-post","status-publish","format-standard","has-post-thumbnail","hentry","category-noticias","tag-avanza-la-punta","tag-la-punta","tag-luciano-ayala","tag-municipalidad-de-la-punta","tag-ticmas"],"_links":{"self":[{"href":"https:\/\/ciudaddelapunta.gob.ar\/01\/wp-json\/wp\/v2\/posts\/5771","targetHints":{"allow":["GET"]}}],"collection":[{"href":"https:\/\/ciudaddelapunta.gob.ar\/01\/wp-json\/wp\/v2\/posts"}],"about":[{"href":"https:\/\/ciudaddelapunta.gob.ar\/01\/wp-json\/wp\/v2\/types\/post"}],"author":[{"embeddable":true,"href":"https:\/\/ciudaddelapunta.gob.ar\/01\/wp-json\/wp\/v2\/users\/37"}],"replies":[{"embeddable":true,"href":"https:\/\/ciudaddelapunta.gob.ar\/01\/wp-json\/wp\/v2\/comments?post=5771"}],"version-history":[{"count":1,"href":"https:\/\/ciudaddelapunta.gob.ar\/01\/wp-json\/wp\/v2\/posts\/5771\/revisions"}],"predecessor-version":[{"id":5774,"href":"https:\/\/ciudaddelapunta.gob.ar\/01\/wp-json\/wp\/v2\/posts\/5771\/revisions\/5774"}],"wp:featuredmedia":[{"embeddable":true,"href":"https:\/\/ciudaddelapunta.gob.ar\/01\/wp-json\/wp\/v2\/media\/3508"}],"wp:attachment":[{"href":"https:\/\/ciudaddelapunta.gob.ar\/01\/wp-json\/wp\/v2\/media?parent=5771"}],"wp:term":[{"taxonomy":"category","embeddable":true,"href":"https:\/\/ciudaddelapunta.gob.ar\/01\/wp-json\/wp\/v2\/categories?post=5771"},{"taxonomy":"post_tag","embeddable":true,"href":"https:\/\/ciudaddelapunta.gob.ar\/01\/wp-json\/wp\/v2\/tags?post=5771"}],"curies":[{"name":"wp","href":"https:\/\/api.w.org\/{rel}","templated":true}]}}