{"id":5622,"date":"2025-11-06T15:53:14","date_gmt":"2025-11-06T18:53:14","guid":{"rendered":"https:\/\/ciudaddelapunta.gob.ar\/01\/?p=5622"},"modified":"2025-11-06T15:53:14","modified_gmt":"2025-11-06T18:53:14","slug":"la-punta-anuncia-el-festival-provincial-de-los-vientos-2026-una-edicion-de-dos-dias-con-una-grilla-imponente","status":"publish","type":"post","link":"https:\/\/ciudaddelapunta.gob.ar\/01\/la-punta-anuncia-el-festival-provincial-de-los-vientos-2026-una-edicion-de-dos-dias-con-una-grilla-imponente\/","title":{"rendered":"LA PUNTA ANUNCIA EL FESTIVAL PROVINCIAL DE LOS VIENTOS 2026: UNA EDICI\u00d3N DE DOS D\u00cdAS CON UNA GRILLA IMPONENTE"},"content":{"rendered":"\n<p>El Intendente Luciano Ayala encabez\u00f3 una conferencia de prensa junto al Ministro de Turismo y Cultura de la Provincia, Juan \u00c1lvarez Pinto, para presentar los detalles de la VIII Edici\u00f3n del Festival Provincial de los Vientos 2026.<\/p>\n\n\n\n<figure class=\"wp-block-image size-large\"><a href=\"https:\/\/ciudaddelapunta.gob.ar\/01\/wp-content\/uploads\/2025\/11\/1000663494.jpg\"><img fetchpriority=\"high\" decoding=\"async\" width=\"1024\" height=\"680\" src=\"https:\/\/ciudaddelapunta.gob.ar\/01\/wp-content\/uploads\/2025\/11\/1000663494-1024x680.jpg\" alt=\"\" class=\"wp-image-5623\" srcset=\"https:\/\/ciudaddelapunta.gob.ar\/01\/wp-content\/uploads\/2025\/11\/1000663494-1024x680.jpg 1024w, https:\/\/ciudaddelapunta.gob.ar\/01\/wp-content\/uploads\/2025\/11\/1000663494-300x199.jpg 300w, https:\/\/ciudaddelapunta.gob.ar\/01\/wp-content\/uploads\/2025\/11\/1000663494-768x510.jpg 768w, https:\/\/ciudaddelapunta.gob.ar\/01\/wp-content\/uploads\/2025\/11\/1000663494-1536x1020.jpg 1536w, https:\/\/ciudaddelapunta.gob.ar\/01\/wp-content\/uploads\/2025\/11\/1000663494.jpg 1600w\" sizes=\"(max-width: 1024px) 100vw, 1024px\" \/><\/a><\/figure>\n\n\n\n<p>Presentamos la VIII Edici\u00f3n del Festival Provincial de los Vientos 2026, que por Ley ostenta la categor\u00eda de Fiesta Provincial y se enmarca dentro de la grilla de los 50 festivales anunciados recientemente por el Gobernador Claudio Poggi. El evento se extender\u00e1 a dos jornadas, ampliando la propuesta cultural sin generar gastos adicionales para el Municipio.<\/p>\n\n\n\n<p>Las actividades se desarrollar\u00e1n los d\u00edas s\u00e1bado 10 y domingo 11 de enero de 2026, a partir de las 21:00 horas, en la cancha de c\u00e9sped sint\u00e9tico de f\u00fatbol del Polideportivo Municipal Manuel Garc\u00eda Ferr\u00e9.<\/p>\n\n\n\n<p>La programaci\u00f3n contempla dos noches diferenciadas. El s\u00e1bado 10 de enero estar\u00e1 dedicado principalmente al folklore, con la presencia nacional de L\u00e1zaro Caballero y el cierre a cargo de Llokallas, complementado con artistas locales como El Tr\u00e9bol Mercedino, Enzo Huesitos Flores, Sue\u00f1os del Arte, Los Videla, el Ballet La Rebeli\u00f3n del Gaucho, la cantante l\u00edrica Sasha Garc\u00eda y los ballets municipales de los Talleres de Folclore. El domingo 11 de enero ofrecer\u00e1 diversos g\u00e9neros con la Orquesta Infanto Juvenil y el Coro de la ULP, Colo Mart\u00edn, La Cautana, Sembrando Sue\u00f1os, Manyines, Agitando Pa\u00f1uelos, Los Caldenes, y finalizar\u00e1 con Sabroso.<\/p>\n\n\n\n<p>El evento contar\u00e1 con un sector de emprendedores y un patio gastron\u00f3mico con opciones que incluyen comidas r\u00e1pidas y platos tradicionales.<\/p>\n\n\n\n<figure class=\"wp-block-image size-large\"><a href=\"https:\/\/ciudaddelapunta.gob.ar\/01\/wp-content\/uploads\/2025\/11\/1000663496-2-scaled.jpg\"><img decoding=\"async\" width=\"1024\" height=\"683\" src=\"https:\/\/ciudaddelapunta.gob.ar\/01\/wp-content\/uploads\/2025\/11\/1000663496-2-1024x683.jpg\" alt=\"\" class=\"wp-image-5626\" srcset=\"https:\/\/ciudaddelapunta.gob.ar\/01\/wp-content\/uploads\/2025\/11\/1000663496-2-1024x683.jpg 1024w, https:\/\/ciudaddelapunta.gob.ar\/01\/wp-content\/uploads\/2025\/11\/1000663496-2-300x200.jpg 300w, https:\/\/ciudaddelapunta.gob.ar\/01\/wp-content\/uploads\/2025\/11\/1000663496-2-768x512.jpg 768w, https:\/\/ciudaddelapunta.gob.ar\/01\/wp-content\/uploads\/2025\/11\/1000663496-2-1536x1024.jpg 1536w, https:\/\/ciudaddelapunta.gob.ar\/01\/wp-content\/uploads\/2025\/11\/1000663496-2-2048x1365.jpg 2048w\" sizes=\"(max-width: 1024px) 100vw, 1024px\" \/><\/a><\/figure>\n\n\n\n<p>Las entradas anticipadas est\u00e1n disponibles en https:\/\/www.entradaweb.com.ar\/evento\/2f6c14f3\/step\/1, con las siguientes modalidades:<\/p>\n\n\n\n<p>Preventa &#8211; Plazo &#8211; Entrada por Noche &#8211; Abono 2 Noches<\/p>\n\n\n\n<p>Primera: Hasta el 30\/11 &#8211; $15.000 &#8211; $25.000<\/p>\n\n\n\n<p>Segunda: Hasta el 31\/12 &#8211; $16.000 &#8211; $28.000<\/p>\n\n\n\n<p>Tercera: Hasta el 09\/01 &#8211; $18.000 &#8211; $32.000<\/p>\n\n\n\n<p>General: D\u00eda del Evento &#8211; $20.000 &#8211; $36.000<\/p>\n\n\n\n<p><\/p>\n\n\n\n<p>IMPORTANTE:<\/p>\n\n\n\n<p>Menores abonan a partir de los 12 a\u00f1os<\/p>\n\n\n\n<p>Personas con discapacidad tienen acceso sin cargo<\/p>\n\n\n\n<p>Jubilados y pensionados acceden a un 50% de descuento en puntos de venta f\u00edsicos<\/p>\n","protected":false},"excerpt":{"rendered":"<p>El Intendente Luciano Ayala encabez\u00f3 una conferencia de prensa junto al Ministro de Turismo y Cultura de la Provincia, Juan \u00c1lvarez Pinto, para presentar los detalles de la VIII Edici\u00f3n &#8230;<\/p>\n","protected":false},"author":37,"featured_media":5623,"comment_status":"closed","ping_status":"","sticky":false,"template":"","format":"standard","meta":{"footnotes":""},"categories":[19],"tags":[22,51,34,30,23,73],"class_list":["post-5622","post","type-post","status-publish","format-standard","has-post-thumbnail","hentry","category-noticias","tag-avanza-la-punta","tag-conferencia-de-prensa","tag-festival-de-los-vientos","tag-la-punta","tag-luciano-ayala","tag-municipalidad-de-la-punta"],"_links":{"self":[{"href":"https:\/\/ciudaddelapunta.gob.ar\/01\/wp-json\/wp\/v2\/posts\/5622","targetHints":{"allow":["GET"]}}],"collection":[{"href":"https:\/\/ciudaddelapunta.gob.ar\/01\/wp-json\/wp\/v2\/posts"}],"about":[{"href":"https:\/\/ciudaddelapunta.gob.ar\/01\/wp-json\/wp\/v2\/types\/post"}],"author":[{"embeddable":true,"href":"https:\/\/ciudaddelapunta.gob.ar\/01\/wp-json\/wp\/v2\/users\/37"}],"replies":[{"embeddable":true,"href":"https:\/\/ciudaddelapunta.gob.ar\/01\/wp-json\/wp\/v2\/comments?post=5622"}],"version-history":[{"count":1,"href":"https:\/\/ciudaddelapunta.gob.ar\/01\/wp-json\/wp\/v2\/posts\/5622\/revisions"}],"predecessor-version":[{"id":5627,"href":"https:\/\/ciudaddelapunta.gob.ar\/01\/wp-json\/wp\/v2\/posts\/5622\/revisions\/5627"}],"wp:featuredmedia":[{"embeddable":true,"href":"https:\/\/ciudaddelapunta.gob.ar\/01\/wp-json\/wp\/v2\/media\/5623"}],"wp:attachment":[{"href":"https:\/\/ciudaddelapunta.gob.ar\/01\/wp-json\/wp\/v2\/media?parent=5622"}],"wp:term":[{"taxonomy":"category","embeddable":true,"href":"https:\/\/ciudaddelapunta.gob.ar\/01\/wp-json\/wp\/v2\/categories?post=5622"},{"taxonomy":"post_tag","embeddable":true,"href":"https:\/\/ciudaddelapunta.gob.ar\/01\/wp-json\/wp\/v2\/tags?post=5622"}],"curies":[{"name":"wp","href":"https:\/\/api.w.org\/{rel}","templated":true}]}}