{"id":5596,"date":"2025-11-05T12:55:16","date_gmt":"2025-11-05T15:55:16","guid":{"rendered":"https:\/\/ciudaddelapunta.gob.ar\/01\/?p=5596"},"modified":"2025-11-05T12:55:16","modified_gmt":"2025-11-05T15:55:16","slug":"recorrido-de-obra-en-las-20-viviendas-del-programa-progreso-y-suenos","status":"publish","type":"post","link":"https:\/\/ciudaddelapunta.gob.ar\/01\/recorrido-de-obra-en-las-20-viviendas-del-programa-progreso-y-suenos\/","title":{"rendered":"RECORRIDO DE OBRA EN LAS 20 VIVIENDAS DEL PROGRAMA &#8220;PROGRESO Y SUE\u00d1OS&#8221;"},"content":{"rendered":"\n<p>El intendente Luciano Ayala recorri\u00f3 las unidades habitacionales que se encuentran en su etapa final de construcci\u00f3n. Las viviendas ser\u00e1n inauguradas junto al gobernador Claudio Poggi una vez finalizadas las obras.<\/p>\n\n\n\n<figure class=\"wp-block-image size-full\"><a href=\"https:\/\/ciudaddelapunta.gob.ar\/01\/wp-content\/uploads\/2025\/11\/1000661407.jpg\"><img decoding=\"async\" src=\"https:\/\/ciudaddelapunta.gob.ar\/01\/wp-content\/uploads\/2025\/11\/1000661407.jpg\" alt=\"\" class=\"wp-image-5597\"\/><\/a><\/figure>\n\n\n\n<p>Realizamos una supervisi\u00f3n t\u00e9cnica de las 20 viviendas del programa provincial &#8220;Progreso y Sue\u00f1os&#8221; que se encuentran en ejecuci\u00f3n en nuestra ciudad. El intendente Luciano Ayala, acompa\u00f1ado por funcionarios municipales, llev\u00f3 adelante la recorrida para verificar el estado de avance de las obras.<\/p>\n\n\n\n<figure class=\"wp-block-image size-full\"><a href=\"https:\/\/ciudaddelapunta.gob.ar\/01\/wp-content\/uploads\/2025\/11\/1000661406.jpg\"><img fetchpriority=\"high\" decoding=\"async\" width=\"1024\" height=\"682\" src=\"https:\/\/ciudaddelapunta.gob.ar\/01\/wp-content\/uploads\/2025\/11\/1000661406.jpg\" alt=\"\" class=\"wp-image-5598\" srcset=\"https:\/\/ciudaddelapunta.gob.ar\/01\/wp-content\/uploads\/2025\/11\/1000661406.jpg 1024w, https:\/\/ciudaddelapunta.gob.ar\/01\/wp-content\/uploads\/2025\/11\/1000661406-300x200.jpg 300w, https:\/\/ciudaddelapunta.gob.ar\/01\/wp-content\/uploads\/2025\/11\/1000661406-768x512.jpg 768w\" sizes=\"(max-width: 1024px) 100vw, 1024px\" \/><\/a><\/figure>\n\n\n\n<p>Las unidades habitacionales forman parte del programa provincial vigente desde 2011, que fue reactivado por la actual gesti\u00f3n. Asumimos el compromiso de finalizar este proyecto en coordinaci\u00f3n con el gobierno provincial, dando continuidad a una iniciativa que se encontraba pendiente de concreci\u00f3n.<\/p>\n\n\n\n<figure class=\"wp-block-image size-full\"><a href=\"https:\/\/ciudaddelapunta.gob.ar\/01\/wp-content\/uploads\/2025\/11\/1000661404.jpg\"><img decoding=\"async\" width=\"1024\" height=\"682\" src=\"https:\/\/ciudaddelapunta.gob.ar\/01\/wp-content\/uploads\/2025\/11\/1000661404.jpg\" alt=\"\" class=\"wp-image-5599\" srcset=\"https:\/\/ciudaddelapunta.gob.ar\/01\/wp-content\/uploads\/2025\/11\/1000661404.jpg 1024w, https:\/\/ciudaddelapunta.gob.ar\/01\/wp-content\/uploads\/2025\/11\/1000661404-300x200.jpg 300w, https:\/\/ciudaddelapunta.gob.ar\/01\/wp-content\/uploads\/2025\/11\/1000661404-768x512.jpg 768w\" sizes=\"(max-width: 1024px) 100vw, 1024px\" \/><\/a><\/figure>\n\n\n\n<p>El recorrido permiti\u00f3 verificar el estado de las terminaciones, incluyendo la colocaci\u00f3n de pisos y los acabados que se est\u00e1n ejecutando. Las viviendas presentan una superficie de 55 m2, techos de losa y aberturas de aluminio con rejas de seguridad en las ventanas.<\/p>\n\n\n\n<figure class=\"wp-block-image size-large\"><a href=\"https:\/\/ciudaddelapunta.gob.ar\/01\/wp-content\/uploads\/2025\/11\/1000661399-scaled.jpg\"><img decoding=\"async\" width=\"1024\" height=\"633\" src=\"https:\/\/ciudaddelapunta.gob.ar\/01\/wp-content\/uploads\/2025\/11\/1000661399-1024x633.jpg\" alt=\"\" class=\"wp-image-5600\" srcset=\"https:\/\/ciudaddelapunta.gob.ar\/01\/wp-content\/uploads\/2025\/11\/1000661399-1024x633.jpg 1024w, https:\/\/ciudaddelapunta.gob.ar\/01\/wp-content\/uploads\/2025\/11\/1000661399-300x185.jpg 300w, https:\/\/ciudaddelapunta.gob.ar\/01\/wp-content\/uploads\/2025\/11\/1000661399-768x475.jpg 768w, https:\/\/ciudaddelapunta.gob.ar\/01\/wp-content\/uploads\/2025\/11\/1000661399-1536x949.jpg 1536w, https:\/\/ciudaddelapunta.gob.ar\/01\/wp-content\/uploads\/2025\/11\/1000661399-2048x1266.jpg 2048w\" sizes=\"(max-width: 1024px) 100vw, 1024px\" \/><\/a><\/figure>\n\n\n\n<p>La supervisi\u00f3n constante del proyecto permite garantizar el cumplimiento de los plazos establecidos para la entrega de estas soluciones habitacionales. Las caracter\u00edsticas t\u00e9cnicas de las construcciones aseguran est\u00e1ndares de calidad para las familias beneficiarias.<\/p>\n\n\n\n<figure class=\"wp-block-image size-full\"><a href=\"https:\/\/ciudaddelapunta.gob.ar\/01\/wp-content\/uploads\/2025\/11\/1000661401.jpg\"><img loading=\"lazy\" decoding=\"async\" width=\"1024\" height=\"682\" src=\"https:\/\/ciudaddelapunta.gob.ar\/01\/wp-content\/uploads\/2025\/11\/1000661401.jpg\" alt=\"\" class=\"wp-image-5601\" srcset=\"https:\/\/ciudaddelapunta.gob.ar\/01\/wp-content\/uploads\/2025\/11\/1000661401.jpg 1024w, https:\/\/ciudaddelapunta.gob.ar\/01\/wp-content\/uploads\/2025\/11\/1000661401-300x200.jpg 300w, https:\/\/ciudaddelapunta.gob.ar\/01\/wp-content\/uploads\/2025\/11\/1000661401-768x512.jpg 768w\" sizes=\"(max-width: 1024px) 100vw, 1024px\" \/><\/a><\/figure>\n\n\n\n<p>Las 20 viviendas ser\u00e1n inauguradas oficialmente una vez completadas las obras, en un acto que contar\u00e1 con la presencia del gobernador de la provincia, Claudio Poggi, y el intendente Luciano Ayala. La entrega de estas unidades representa la concreci\u00f3n de un compromiso asumido con los vecinos de La Punta.<\/p>\n\n\n\n<p><\/p>\n","protected":false},"excerpt":{"rendered":"<p>El intendente Luciano Ayala recorri\u00f3 las unidades habitacionales que se encuentran en su etapa final de construcci\u00f3n. Las viviendas ser\u00e1n inauguradas junto al gobernador Claudio Poggi una vez finalizadas las &#8230;<\/p>\n","protected":false},"author":37,"featured_media":5597,"comment_status":"closed","ping_status":"","sticky":false,"template":"","format":"standard","meta":{"footnotes":""},"categories":[19],"tags":[22,30,23,73],"class_list":["post-5596","post","type-post","status-publish","format-standard","has-post-thumbnail","hentry","category-noticias","tag-avanza-la-punta","tag-la-punta","tag-luciano-ayala","tag-municipalidad-de-la-punta"],"_links":{"self":[{"href":"https:\/\/ciudaddelapunta.gob.ar\/01\/wp-json\/wp\/v2\/posts\/5596","targetHints":{"allow":["GET"]}}],"collection":[{"href":"https:\/\/ciudaddelapunta.gob.ar\/01\/wp-json\/wp\/v2\/posts"}],"about":[{"href":"https:\/\/ciudaddelapunta.gob.ar\/01\/wp-json\/wp\/v2\/types\/post"}],"author":[{"embeddable":true,"href":"https:\/\/ciudaddelapunta.gob.ar\/01\/wp-json\/wp\/v2\/users\/37"}],"replies":[{"embeddable":true,"href":"https:\/\/ciudaddelapunta.gob.ar\/01\/wp-json\/wp\/v2\/comments?post=5596"}],"version-history":[{"count":1,"href":"https:\/\/ciudaddelapunta.gob.ar\/01\/wp-json\/wp\/v2\/posts\/5596\/revisions"}],"predecessor-version":[{"id":5602,"href":"https:\/\/ciudaddelapunta.gob.ar\/01\/wp-json\/wp\/v2\/posts\/5596\/revisions\/5602"}],"wp:featuredmedia":[{"embeddable":true,"href":"https:\/\/ciudaddelapunta.gob.ar\/01\/wp-json\/wp\/v2\/media\/5597"}],"wp:attachment":[{"href":"https:\/\/ciudaddelapunta.gob.ar\/01\/wp-json\/wp\/v2\/media?parent=5596"}],"wp:term":[{"taxonomy":"category","embeddable":true,"href":"https:\/\/ciudaddelapunta.gob.ar\/01\/wp-json\/wp\/v2\/categories?post=5596"},{"taxonomy":"post_tag","embeddable":true,"href":"https:\/\/ciudaddelapunta.gob.ar\/01\/wp-json\/wp\/v2\/tags?post=5596"}],"curies":[{"name":"wp","href":"https:\/\/api.w.org\/{rel}","templated":true}]}}