{"id":5322,"date":"2025-10-08T22:21:58","date_gmt":"2025-10-09T01:21:58","guid":{"rendered":"https:\/\/ciudaddelapunta.gob.ar\/01\/?p=5322"},"modified":"2025-10-08T22:21:58","modified_gmt":"2025-10-09T01:21:58","slug":"el-gobernador-poggi-inauguro-las-refacciones-del-hospital-maria-juliana-becker","status":"publish","type":"post","link":"https:\/\/ciudaddelapunta.gob.ar\/01\/el-gobernador-poggi-inauguro-las-refacciones-del-hospital-maria-juliana-becker\/","title":{"rendered":"EL GOBERNADOR POGGI INAUGUR\u00d3 LAS REFACCIONES DEL HOSPITAL &#8220;MAR\u00cdA JULIANA BECKER&#8221;"},"content":{"rendered":"\n<p>Este mi\u00e9rcoles, el gobernador Claudio Poggi arrib\u00f3 a nuestra ciudad para inaugurar las obras de renovaci\u00f3n del Hospital &#8216;Mar\u00eda Juliana Becker&#8217;. El Mandatario provincial recorri\u00f3 las instalaciones del centro de salud, conoci\u00f3 el nuevo equipamiento incorporado y salud\u00f3 a los vecinos, trabajadores de la salud y autoridades presentes. <\/p>\n\n\n\n<figure class=\"wp-block-image size-large\"><a href=\"https:\/\/ciudaddelapunta.gob.ar\/01\/wp-content\/uploads\/2025\/10\/1000603500-scaled.jpg\"><img fetchpriority=\"high\" decoding=\"async\" width=\"1024\" height=\"683\" src=\"https:\/\/ciudaddelapunta.gob.ar\/01\/wp-content\/uploads\/2025\/10\/1000603500-1024x683.jpg\" alt=\"\" class=\"wp-image-5323\" srcset=\"https:\/\/ciudaddelapunta.gob.ar\/01\/wp-content\/uploads\/2025\/10\/1000603500-1024x683.jpg 1024w, https:\/\/ciudaddelapunta.gob.ar\/01\/wp-content\/uploads\/2025\/10\/1000603500-300x200.jpg 300w, https:\/\/ciudaddelapunta.gob.ar\/01\/wp-content\/uploads\/2025\/10\/1000603500-768x512.jpg 768w, https:\/\/ciudaddelapunta.gob.ar\/01\/wp-content\/uploads\/2025\/10\/1000603500-1536x1024.jpg 1536w, https:\/\/ciudaddelapunta.gob.ar\/01\/wp-content\/uploads\/2025\/10\/1000603500-2048x1365.jpg 2048w\" sizes=\"(max-width: 1024px) 100vw, 1024px\" \/><\/a><\/figure>\n\n\n\n<p>Durante la visita, la ministra de Salud, Teresa Nigra, destac\u00f3 que este hospital naci\u00f3 con la ciudad de La Punta y constituy\u00f3 durante casi 10 a\u00f1os el \u00fanico centro de referencia de la localidad. En lo que va del a\u00f1o, el establecimiento registr\u00f3 m\u00e1s de 67 mil atenciones entre consultas m\u00e9dicas, de enfermer\u00eda, nutrici\u00f3n, psicolog\u00eda y kinesiolog\u00eda.<\/p>\n\n\n\n<figure class=\"wp-block-image size-large\"><a href=\"https:\/\/ciudaddelapunta.gob.ar\/01\/wp-content\/uploads\/2025\/10\/1000603502-scaled.jpg\"><img decoding=\"async\" width=\"1024\" height=\"683\" src=\"https:\/\/ciudaddelapunta.gob.ar\/01\/wp-content\/uploads\/2025\/10\/1000603502-1024x683.jpg\" alt=\"\" class=\"wp-image-5324\" srcset=\"https:\/\/ciudaddelapunta.gob.ar\/01\/wp-content\/uploads\/2025\/10\/1000603502-1024x683.jpg 1024w, https:\/\/ciudaddelapunta.gob.ar\/01\/wp-content\/uploads\/2025\/10\/1000603502-300x200.jpg 300w, https:\/\/ciudaddelapunta.gob.ar\/01\/wp-content\/uploads\/2025\/10\/1000603502-768x512.jpg 768w, https:\/\/ciudaddelapunta.gob.ar\/01\/wp-content\/uploads\/2025\/10\/1000603502-1536x1024.jpg 1536w, https:\/\/ciudaddelapunta.gob.ar\/01\/wp-content\/uploads\/2025\/10\/1000603502-2048x1365.jpg 2048w\" sizes=\"(max-width: 1024px) 100vw, 1024px\" \/><\/a><\/figure>\n\n\n\n<p>La obra de puesta en valor demand\u00f3 una inversi\u00f3n superior a los $240 millones y se ejecut\u00f3 en un plazo de 120 d\u00edas. Seg\u00fan inform\u00f3 el subdirector de Control de Obras del Ministerio de Salud, Edgar Toledo, los trabajos incluyeron el arreglo de la cubierta de techo, que presentaba graves problemas de humedad y revoques sueltos. Tambi\u00e9n se realiz\u00f3 el recambio de tableros el\u00e9ctricos, llaves t\u00e9rmicas, mobiliarios como sillas y escritorios, trabajos de pintura y arreglos de ventanas. Adem\u00e1s, se recuperaron camillas que no estaban en uso.<\/p>\n\n\n\n<figure class=\"wp-block-image size-large\"><a href=\"https:\/\/ciudaddelapunta.gob.ar\/01\/wp-content\/uploads\/2025\/10\/1000603503-scaled.jpg\"><img decoding=\"async\" width=\"1024\" height=\"683\" src=\"https:\/\/ciudaddelapunta.gob.ar\/01\/wp-content\/uploads\/2025\/10\/1000603503-1024x683.jpg\" alt=\"\" class=\"wp-image-5325\" srcset=\"https:\/\/ciudaddelapunta.gob.ar\/01\/wp-content\/uploads\/2025\/10\/1000603503-1024x683.jpg 1024w, https:\/\/ciudaddelapunta.gob.ar\/01\/wp-content\/uploads\/2025\/10\/1000603503-300x200.jpg 300w, https:\/\/ciudaddelapunta.gob.ar\/01\/wp-content\/uploads\/2025\/10\/1000603503-768x512.jpg 768w, https:\/\/ciudaddelapunta.gob.ar\/01\/wp-content\/uploads\/2025\/10\/1000603503-1536x1024.jpg 1536w, https:\/\/ciudaddelapunta.gob.ar\/01\/wp-content\/uploads\/2025\/10\/1000603503-2048x1365.jpg 2048w\" sizes=\"(max-width: 1024px) 100vw, 1024px\" \/><\/a><\/figure>\n\n\n\n<p>El director del Hospital de La Punta, Eduardo Suau, particip\u00f3 del acto inaugural y recibi\u00f3 al gobernador durante el recorrido por las instalaciones renovadas. Tambi\u00e9n acompa\u00f1aron al mandatario provincial el senador provincial Mart\u00edn Olivero y la diputada provincial Luciana Perano.<\/p>\n\n\n\n<figure class=\"wp-block-image size-large\"><a href=\"https:\/\/ciudaddelapunta.gob.ar\/01\/wp-content\/uploads\/2025\/10\/1000603505-scaled.jpg\"><img loading=\"lazy\" decoding=\"async\" width=\"1024\" height=\"683\" src=\"https:\/\/ciudaddelapunta.gob.ar\/01\/wp-content\/uploads\/2025\/10\/1000603505-1024x683.jpg\" alt=\"\" class=\"wp-image-5326\" srcset=\"https:\/\/ciudaddelapunta.gob.ar\/01\/wp-content\/uploads\/2025\/10\/1000603505-1024x683.jpg 1024w, https:\/\/ciudaddelapunta.gob.ar\/01\/wp-content\/uploads\/2025\/10\/1000603505-300x200.jpg 300w, https:\/\/ciudaddelapunta.gob.ar\/01\/wp-content\/uploads\/2025\/10\/1000603505-768x512.jpg 768w, https:\/\/ciudaddelapunta.gob.ar\/01\/wp-content\/uploads\/2025\/10\/1000603505-1536x1024.jpg 1536w, https:\/\/ciudaddelapunta.gob.ar\/01\/wp-content\/uploads\/2025\/10\/1000603505-2048x1365.jpg 2048w\" sizes=\"(max-width: 1024px) 100vw, 1024px\" \/><\/a><\/figure>\n\n\n\n<p>Las autoridades provinciales se\u00f1alaron que la renovaci\u00f3n del hospital responde a la necesidad de ofrecer un espacio \u00f3ptimo donde los agentes sanitarios puedan desempe\u00f1ar sus tareas en condiciones adecuadas y, al mismo tiempo, brindar un servicio de calidad a los vecinos que se atienden en el centro. El Hospital &#8216;Mar\u00eda Juliana Becker&#8217; contin\u00faa siendo un establecimiento de referencia para nuestra ciudad y su zona de influencia.<\/p>\n","protected":false},"excerpt":{"rendered":"<p>Este mi\u00e9rcoles, el gobernador Claudio Poggi arrib\u00f3 a nuestra ciudad para inaugurar las obras de renovaci\u00f3n del Hospital &#8216;Mar\u00eda Juliana Becker&#8217;. El Mandatario provincial recorri\u00f3 las instalaciones del centro de &#8230;<\/p>\n","protected":false},"author":37,"featured_media":5323,"comment_status":"closed","ping_status":"","sticky":false,"template":"","format":"standard","meta":{"footnotes":""},"categories":[19],"tags":[22,31,54,945,30,117,23,116,73],"class_list":["post-5322","post","type-post","status-publish","format-standard","has-post-thumbnail","hentry","category-noticias","tag-avanza-la-punta","tag-claudio-poggi","tag-gobierno-de-san-luis","tag-hospital-de-la-punta","tag-la-punta","tag-luciana-perano","tag-luciano-ayala","tag-martin-olivero","tag-municipalidad-de-la-punta"],"_links":{"self":[{"href":"https:\/\/ciudaddelapunta.gob.ar\/01\/wp-json\/wp\/v2\/posts\/5322","targetHints":{"allow":["GET"]}}],"collection":[{"href":"https:\/\/ciudaddelapunta.gob.ar\/01\/wp-json\/wp\/v2\/posts"}],"about":[{"href":"https:\/\/ciudaddelapunta.gob.ar\/01\/wp-json\/wp\/v2\/types\/post"}],"author":[{"embeddable":true,"href":"https:\/\/ciudaddelapunta.gob.ar\/01\/wp-json\/wp\/v2\/users\/37"}],"replies":[{"embeddable":true,"href":"https:\/\/ciudaddelapunta.gob.ar\/01\/wp-json\/wp\/v2\/comments?post=5322"}],"version-history":[{"count":1,"href":"https:\/\/ciudaddelapunta.gob.ar\/01\/wp-json\/wp\/v2\/posts\/5322\/revisions"}],"predecessor-version":[{"id":5327,"href":"https:\/\/ciudaddelapunta.gob.ar\/01\/wp-json\/wp\/v2\/posts\/5322\/revisions\/5327"}],"wp:featuredmedia":[{"embeddable":true,"href":"https:\/\/ciudaddelapunta.gob.ar\/01\/wp-json\/wp\/v2\/media\/5323"}],"wp:attachment":[{"href":"https:\/\/ciudaddelapunta.gob.ar\/01\/wp-json\/wp\/v2\/media?parent=5322"}],"wp:term":[{"taxonomy":"category","embeddable":true,"href":"https:\/\/ciudaddelapunta.gob.ar\/01\/wp-json\/wp\/v2\/categories?post=5322"},{"taxonomy":"post_tag","embeddable":true,"href":"https:\/\/ciudaddelapunta.gob.ar\/01\/wp-json\/wp\/v2\/tags?post=5322"}],"curies":[{"name":"wp","href":"https:\/\/api.w.org\/{rel}","templated":true}]}}