{"id":5311,"date":"2025-10-06T23:30:40","date_gmt":"2025-10-07T02:30:40","guid":{"rendered":"https:\/\/ciudaddelapunta.gob.ar\/01\/?p=5311"},"modified":"2025-10-06T23:35:40","modified_gmt":"2025-10-07T02:35:40","slug":"importante-reunion-entre-el-intendente-de-la-ciudad-de-la-punta-y-el-rector-de-la-unsl","status":"publish","type":"post","link":"https:\/\/ciudaddelapunta.gob.ar\/01\/importante-reunion-entre-el-intendente-de-la-ciudad-de-la-punta-y-el-rector-de-la-unsl\/","title":{"rendered":"IMPORTANTE REUNI\u00d3N ENTRE EL INTENDENTE DE LA CIUDAD DE LA PUNTA Y EL RECTOR DE LA UNSL"},"content":{"rendered":"\n<p>Mantuvimos un encuentro con el Dr. Ra\u00fal Gil en las oficinas del rectorado para avanzar en proyectos de capacitaci\u00f3n tur\u00edstica y becas estudiantiles. La agenda incluy\u00f3 iniciativas estrat\u00e9gicas que fortalecer\u00e1n el desarrollo educativo y productivo del municipio.<\/p>\n\n\n\n<figure class=\"wp-block-image size-large\"><a href=\"https:\/\/ciudaddelapunta.gob.ar\/01\/wp-content\/uploads\/2025\/10\/1000598141-scaled.jpg\"><img fetchpriority=\"high\" decoding=\"async\" width=\"1024\" height=\"550\" src=\"https:\/\/ciudaddelapunta.gob.ar\/01\/wp-content\/uploads\/2025\/10\/1000598141-1024x550.jpg\" alt=\"\" class=\"wp-image-5312\" srcset=\"https:\/\/ciudaddelapunta.gob.ar\/01\/wp-content\/uploads\/2025\/10\/1000598141-1024x550.jpg 1024w, https:\/\/ciudaddelapunta.gob.ar\/01\/wp-content\/uploads\/2025\/10\/1000598141-300x161.jpg 300w, https:\/\/ciudaddelapunta.gob.ar\/01\/wp-content\/uploads\/2025\/10\/1000598141-768x412.jpg 768w, https:\/\/ciudaddelapunta.gob.ar\/01\/wp-content\/uploads\/2025\/10\/1000598141-1536x825.jpg 1536w, https:\/\/ciudaddelapunta.gob.ar\/01\/wp-content\/uploads\/2025\/10\/1000598141-2048x1100.jpg 2048w\" sizes=\"(max-width: 1024px) 100vw, 1024px\" \/><\/a><\/figure>\n\n\n\n<p>Sostuvimos una importante reuni\u00f3n de trabajo con el Dr. Ra\u00fal Gil, rector de la Universidad Nacional de San Luis para el per\u00edodo 2025-2028, en las instalaciones del rectorado. El encuentro, acompa\u00f1ado por nuestro intendente Luciano Ayala, tuvo como objetivo principal coordinar acciones conjuntas en materia educativa y formativa, con especial foco en el turismo.<\/p>\n\n\n\n<figure class=\"wp-block-image size-large\"><a href=\"https:\/\/ciudaddelapunta.gob.ar\/01\/wp-content\/uploads\/2025\/10\/1000598142-scaled.jpg\"><img decoding=\"async\" width=\"1024\" height=\"576\" src=\"https:\/\/ciudaddelapunta.gob.ar\/01\/wp-content\/uploads\/2025\/10\/1000598142-1024x576.jpg\" alt=\"\" class=\"wp-image-5313\" srcset=\"https:\/\/ciudaddelapunta.gob.ar\/01\/wp-content\/uploads\/2025\/10\/1000598142-1024x576.jpg 1024w, https:\/\/ciudaddelapunta.gob.ar\/01\/wp-content\/uploads\/2025\/10\/1000598142-300x169.jpg 300w, https:\/\/ciudaddelapunta.gob.ar\/01\/wp-content\/uploads\/2025\/10\/1000598142-768x432.jpg 768w, https:\/\/ciudaddelapunta.gob.ar\/01\/wp-content\/uploads\/2025\/10\/1000598142-1536x864.jpg 1536w, https:\/\/ciudaddelapunta.gob.ar\/01\/wp-content\/uploads\/2025\/10\/1000598142-2048x1152.jpg 2048w\" sizes=\"(max-width: 1024px) 100vw, 1024px\" \/><\/a><\/figure>\n\n\n\n<p>Durante el encuentro abordamos dos ejes centrales de la agenda compartida: la implementaci\u00f3n de programas de capacitaci\u00f3n con la Facultad de Turismo y el otorgamiento de becas para alumnos avanzados de dicha carrera. Estos proyectos representan una oportunidad concreta para fortalecer las capacidades profesionales de nuestros j\u00f3venes y potenciar el desarrollo tur\u00edstico local como motor econ\u00f3mico.<\/p>\n\n\n\n<figure class=\"wp-block-image size-large\"><a href=\"https:\/\/ciudaddelapunta.gob.ar\/01\/wp-content\/uploads\/2025\/10\/1000598143-scaled.jpg\"><img decoding=\"async\" width=\"1024\" height=\"576\" src=\"https:\/\/ciudaddelapunta.gob.ar\/01\/wp-content\/uploads\/2025\/10\/1000598143-1024x576.jpg\" alt=\"\" class=\"wp-image-5314\" srcset=\"https:\/\/ciudaddelapunta.gob.ar\/01\/wp-content\/uploads\/2025\/10\/1000598143-1024x576.jpg 1024w, https:\/\/ciudaddelapunta.gob.ar\/01\/wp-content\/uploads\/2025\/10\/1000598143-300x169.jpg 300w, https:\/\/ciudaddelapunta.gob.ar\/01\/wp-content\/uploads\/2025\/10\/1000598143-768x432.jpg 768w, https:\/\/ciudaddelapunta.gob.ar\/01\/wp-content\/uploads\/2025\/10\/1000598143-1536x864.jpg 1536w, https:\/\/ciudaddelapunta.gob.ar\/01\/wp-content\/uploads\/2025\/10\/1000598143-2048x1152.jpg 2048w\" sizes=\"(max-width: 1024px) 100vw, 1024px\" \/><\/a><\/figure>\n\n\n\n<p>La vinculaci\u00f3n institucional entre el municipio y la UNSL constituye un pilar fundamental para la gesti\u00f3n. El intendente Luciano Ayala ha establecido un canal de di\u00e1logo permanente con el rector Gil, lo que permite planificar iniciativas de mediano y largo plazo que trascienden y se proyectan hacia objetivos estrat\u00e9gicos de desarrollo integral.<\/p>\n\n\n\n<p>Estos encuentros posibilitan dise\u00f1ar proyectos que no se limitan exclusivamente al \u00e1mbito educativo, sino que abarcan aspectos productivos, culturales y de innovaci\u00f3n tecnol\u00f3gica. La articulaci\u00f3n con la universidad p\u00fablica nos permite acceder a recursos acad\u00e9micos, investigaci\u00f3n aplicada y formaci\u00f3n de calidad que impactan directamente en la comunidad y en las posibilidades de crecimiento del municipio.<\/p>\n\n\n\n<p>La presente gesti\u00f3n municipal ha definido a la educaci\u00f3n como prioridad pol\u00edtica y presupuestaria. La inversi\u00f3n en capacitaci\u00f3n, el apoyo a estudiantes mediante becas y la construcci\u00f3n de alianzas estrat\u00e9gicas con instituciones educativas de nivel superior demuestran el compromiso asumido para garantizar el acceso al conocimiento y generar oportunidades concretas de progreso para nuestra poblaci\u00f3n.<\/p>\n","protected":false},"excerpt":{"rendered":"<p>Mantuvimos un encuentro con el Dr. Ra\u00fal Gil en las oficinas del rectorado para avanzar en proyectos de capacitaci\u00f3n tur\u00edstica y becas estudiantiles. La agenda incluy\u00f3 iniciativas estrat\u00e9gicas que fortalecer\u00e1n &#8230;<\/p>\n","protected":false},"author":37,"featured_media":5314,"comment_status":"closed","ping_status":"","sticky":false,"template":"","format":"standard","meta":{"footnotes":""},"categories":[19],"tags":[22,30,23,73,943,942,652],"class_list":["post-5311","post","type-post","status-publish","format-standard","has-post-thumbnail","hentry","category-noticias","tag-avanza-la-punta","tag-la-punta","tag-luciano-ayala","tag-municipalidad-de-la-punta","tag-raul-gil","tag-rector","tag-universidad-nacional-de-san-luis"],"_links":{"self":[{"href":"https:\/\/ciudaddelapunta.gob.ar\/01\/wp-json\/wp\/v2\/posts\/5311","targetHints":{"allow":["GET"]}}],"collection":[{"href":"https:\/\/ciudaddelapunta.gob.ar\/01\/wp-json\/wp\/v2\/posts"}],"about":[{"href":"https:\/\/ciudaddelapunta.gob.ar\/01\/wp-json\/wp\/v2\/types\/post"}],"author":[{"embeddable":true,"href":"https:\/\/ciudaddelapunta.gob.ar\/01\/wp-json\/wp\/v2\/users\/37"}],"replies":[{"embeddable":true,"href":"https:\/\/ciudaddelapunta.gob.ar\/01\/wp-json\/wp\/v2\/comments?post=5311"}],"version-history":[{"count":2,"href":"https:\/\/ciudaddelapunta.gob.ar\/01\/wp-json\/wp\/v2\/posts\/5311\/revisions"}],"predecessor-version":[{"id":5316,"href":"https:\/\/ciudaddelapunta.gob.ar\/01\/wp-json\/wp\/v2\/posts\/5311\/revisions\/5316"}],"wp:featuredmedia":[{"embeddable":true,"href":"https:\/\/ciudaddelapunta.gob.ar\/01\/wp-json\/wp\/v2\/media\/5314"}],"wp:attachment":[{"href":"https:\/\/ciudaddelapunta.gob.ar\/01\/wp-json\/wp\/v2\/media?parent=5311"}],"wp:term":[{"taxonomy":"category","embeddable":true,"href":"https:\/\/ciudaddelapunta.gob.ar\/01\/wp-json\/wp\/v2\/categories?post=5311"},{"taxonomy":"post_tag","embeddable":true,"href":"https:\/\/ciudaddelapunta.gob.ar\/01\/wp-json\/wp\/v2\/tags?post=5311"}],"curies":[{"name":"wp","href":"https:\/\/api.w.org\/{rel}","templated":true}]}}