{"id":5246,"date":"2025-09-29T20:30:48","date_gmt":"2025-09-29T23:30:48","guid":{"rendered":"https:\/\/ciudaddelapunta.gob.ar\/01\/?p=5246"},"modified":"2025-09-29T20:30:48","modified_gmt":"2025-09-29T23:30:48","slug":"impulsamos-la-v-jornada-de-prevencion-del-deterioro-cognitivo-en-la-punta","status":"publish","type":"post","link":"https:\/\/ciudaddelapunta.gob.ar\/01\/impulsamos-la-v-jornada-de-prevencion-del-deterioro-cognitivo-en-la-punta\/","title":{"rendered":"IMPULSAMOS LA V JORNADA DE PREVENCI\u00d3N DEL DETERIORO COGNITIVO EN LA PUNTA"},"content":{"rendered":"\n<p>Desde la Municipalidad de La Punta, celebramos la exitosa realizaci\u00f3n de la V Jornada Comunitaria de Prevenci\u00f3n de Deterioro Cognitivo, que auspiciamos y acompa\u00f1amos en el Sal\u00f3n de Usos M\u00faltiples (SUM) de nuestro Balneario Municipal. <\/p>\n\n\n\n<figure class=\"wp-block-image size-large\"><a href=\"https:\/\/ciudaddelapunta.gob.ar\/01\/wp-content\/uploads\/2025\/09\/1000583522-scaled.jpg\"><img fetchpriority=\"high\" decoding=\"async\" width=\"1024\" height=\"683\" src=\"https:\/\/ciudaddelapunta.gob.ar\/01\/wp-content\/uploads\/2025\/09\/1000583522-1024x683.jpg\" alt=\"\" class=\"wp-image-5247\" srcset=\"https:\/\/ciudaddelapunta.gob.ar\/01\/wp-content\/uploads\/2025\/09\/1000583522-1024x683.jpg 1024w, https:\/\/ciudaddelapunta.gob.ar\/01\/wp-content\/uploads\/2025\/09\/1000583522-300x200.jpg 300w, https:\/\/ciudaddelapunta.gob.ar\/01\/wp-content\/uploads\/2025\/09\/1000583522-768x512.jpg 768w, https:\/\/ciudaddelapunta.gob.ar\/01\/wp-content\/uploads\/2025\/09\/1000583522-1536x1024.jpg 1536w, https:\/\/ciudaddelapunta.gob.ar\/01\/wp-content\/uploads\/2025\/09\/1000583522-2048x1365.jpg 2048w\" sizes=\"(max-width: 1024px) 100vw, 1024px\" \/><\/a><\/figure>\n\n\n\n<p>Esta importante actividad marc\u00f3 el cierre de la &#8220;Semana de Prevenci\u00f3n del Deterioro Cognitivo&#8221;, desarrollada del 22 al 29 de septiembre en el marco del D\u00eda Internacional del Alzheimer, que conmemoramos cada 21 de septiembre. La jornada estuvo destinada a adultos de nuestra comunidad, con el objetivo de brindar herramientas para una vida m\u00e1s saludable.<\/p>\n\n\n\n<figure class=\"wp-block-image size-large\"><a href=\"https:\/\/ciudaddelapunta.gob.ar\/01\/wp-content\/uploads\/2025\/09\/1000583524-scaled.jpg\"><img decoding=\"async\" width=\"1024\" height=\"683\" src=\"https:\/\/ciudaddelapunta.gob.ar\/01\/wp-content\/uploads\/2025\/09\/1000583524-1024x683.jpg\" alt=\"\" class=\"wp-image-5248\" srcset=\"https:\/\/ciudaddelapunta.gob.ar\/01\/wp-content\/uploads\/2025\/09\/1000583524-1024x683.jpg 1024w, https:\/\/ciudaddelapunta.gob.ar\/01\/wp-content\/uploads\/2025\/09\/1000583524-300x200.jpg 300w, https:\/\/ciudaddelapunta.gob.ar\/01\/wp-content\/uploads\/2025\/09\/1000583524-768x512.jpg 768w, https:\/\/ciudaddelapunta.gob.ar\/01\/wp-content\/uploads\/2025\/09\/1000583524-1536x1024.jpg 1536w, https:\/\/ciudaddelapunta.gob.ar\/01\/wp-content\/uploads\/2025\/09\/1000583524-2048x1365.jpg 2048w\" sizes=\"(max-width: 1024px) 100vw, 1024px\" \/><\/a><\/figure>\n\n\n\n<p>Contamos con la presencia de nuestro intendente, Luciano Ayala, quien estuvo acompa\u00f1ado por la secretaria de Desarrollo Social, Marina Lucero, y el director de Participaci\u00f3n Ciudadana, Franco Vargas, reafirmando el compromiso de nuestra gesti\u00f3n con el bienestar de nuestros vecinos.<\/p>\n\n\n\n<figure class=\"wp-block-image size-large\"><a href=\"https:\/\/ciudaddelapunta.gob.ar\/01\/wp-content\/uploads\/2025\/09\/1000583525-scaled.jpg\"><img decoding=\"async\" width=\"1024\" height=\"683\" src=\"https:\/\/ciudaddelapunta.gob.ar\/01\/wp-content\/uploads\/2025\/09\/1000583525-1024x683.jpg\" alt=\"\" class=\"wp-image-5249\" srcset=\"https:\/\/ciudaddelapunta.gob.ar\/01\/wp-content\/uploads\/2025\/09\/1000583525-1024x683.jpg 1024w, https:\/\/ciudaddelapunta.gob.ar\/01\/wp-content\/uploads\/2025\/09\/1000583525-300x200.jpg 300w, https:\/\/ciudaddelapunta.gob.ar\/01\/wp-content\/uploads\/2025\/09\/1000583525-768x512.jpg 768w, https:\/\/ciudaddelapunta.gob.ar\/01\/wp-content\/uploads\/2025\/09\/1000583525-1536x1024.jpg 1536w, https:\/\/ciudaddelapunta.gob.ar\/01\/wp-content\/uploads\/2025\/09\/1000583525-2048x1365.jpg 2048w\" sizes=\"(max-width: 1024px) 100vw, 1024px\" \/><\/a><\/figure>\n\n\n\n<p>El evento fue organizado por los proyectos de la Universidad Nacional de San Luis (UNSL), el PEIS \u201cCerebro saludable y en acci\u00f3n\u201d y el PROIPRO \u201cEnvejecimiento, lenguaje y cognici\u00f3n\u201d, ambos dirigidos por la Licenciada Alejandra Sosa, fonoaudi\u00f3loga y docente de la Facultad de Ciencias de la Salud. Como bien se\u00f1al\u00f3 la licenciada, el Alzheimer es la causa m\u00e1s com\u00fan de demencia en personas mayores, por lo que es fundamental el compromiso de toda la comunidad para concientizar y prevenir desde edades tempranas.<\/p>\n\n\n\n<figure class=\"wp-block-image size-large\"><a href=\"https:\/\/ciudaddelapunta.gob.ar\/01\/wp-content\/uploads\/2025\/09\/1000583521-scaled.jpg\"><img loading=\"lazy\" decoding=\"async\" width=\"1024\" height=\"683\" src=\"https:\/\/ciudaddelapunta.gob.ar\/01\/wp-content\/uploads\/2025\/09\/1000583521-1024x683.jpg\" alt=\"\" class=\"wp-image-5250\" srcset=\"https:\/\/ciudaddelapunta.gob.ar\/01\/wp-content\/uploads\/2025\/09\/1000583521-1024x683.jpg 1024w, https:\/\/ciudaddelapunta.gob.ar\/01\/wp-content\/uploads\/2025\/09\/1000583521-300x200.jpg 300w, https:\/\/ciudaddelapunta.gob.ar\/01\/wp-content\/uploads\/2025\/09\/1000583521-768x512.jpg 768w, https:\/\/ciudaddelapunta.gob.ar\/01\/wp-content\/uploads\/2025\/09\/1000583521-1536x1024.jpg 1536w, https:\/\/ciudaddelapunta.gob.ar\/01\/wp-content\/uploads\/2025\/09\/1000583521-2048x1365.jpg 2048w\" sizes=\"(max-width: 1024px) 100vw, 1024px\" \/><\/a><\/figure>\n\n\n\n<p>Los asistentes participaron de un cronograma de charlas y talleres a cargo de excelentes profesionales, que incluy\u00f3 las presentaciones: \u201cCuidar el cerebro\u201d por la especialista Gabriela Pir\u00e1n Arce; \u201cAlimentaci\u00f3n consciente y cerebro saludable\u201d a cargo de la mag\u00edster Vanina Garro; \u201cCuidar la memoria en movimiento\u201d presentado por la especialista Valeria Acevedo de Pauw, y \u201cEstrategias para un cerebro feliz\u201d a cargo de nuestro director de Participaci\u00f3n Ciudadana, Franco Vargas. Seguiremos apoyando y generando estas acciones que unen el conocimiento universitario con las necesidades de nuestra gente, trabajando juntos por una comunidad m\u00e1s saludable, informada y activa.<\/p>\n\n\n\n<figure class=\"wp-block-image size-large\"><a href=\"https:\/\/ciudaddelapunta.gob.ar\/01\/wp-content\/uploads\/2025\/09\/1000583527-scaled.jpg\"><img loading=\"lazy\" decoding=\"async\" width=\"1024\" height=\"683\" src=\"https:\/\/ciudaddelapunta.gob.ar\/01\/wp-content\/uploads\/2025\/09\/1000583527-1024x683.jpg\" alt=\"\" class=\"wp-image-5251\" srcset=\"https:\/\/ciudaddelapunta.gob.ar\/01\/wp-content\/uploads\/2025\/09\/1000583527-1024x683.jpg 1024w, https:\/\/ciudaddelapunta.gob.ar\/01\/wp-content\/uploads\/2025\/09\/1000583527-300x200.jpg 300w, https:\/\/ciudaddelapunta.gob.ar\/01\/wp-content\/uploads\/2025\/09\/1000583527-768x512.jpg 768w, https:\/\/ciudaddelapunta.gob.ar\/01\/wp-content\/uploads\/2025\/09\/1000583527-1536x1024.jpg 1536w, https:\/\/ciudaddelapunta.gob.ar\/01\/wp-content\/uploads\/2025\/09\/1000583527-2048x1365.jpg 2048w\" sizes=\"(max-width: 1024px) 100vw, 1024px\" \/><\/a><\/figure>\n","protected":false},"excerpt":{"rendered":"<p>Desde la Municipalidad de La Punta, celebramos la exitosa realizaci\u00f3n de la V Jornada Comunitaria de Prevenci\u00f3n de Deterioro Cognitivo, que auspiciamos y acompa\u00f1amos en el Sal\u00f3n de Usos M\u00faltiples &#8230;<\/p>\n","protected":false},"author":37,"featured_media":5247,"comment_status":"closed","ping_status":"","sticky":false,"template":"","format":"standard","meta":{"footnotes":""},"categories":[19],"tags":[940,22,60,30,23,652],"class_list":["post-5246","post","type-post","status-publish","format-standard","has-post-thumbnail","hentry","category-noticias","tag-alzheimer","tag-avanza-la-punta","tag-balneario-municipal","tag-la-punta","tag-luciano-ayala","tag-universidad-nacional-de-san-luis"],"_links":{"self":[{"href":"https:\/\/ciudaddelapunta.gob.ar\/01\/wp-json\/wp\/v2\/posts\/5246","targetHints":{"allow":["GET"]}}],"collection":[{"href":"https:\/\/ciudaddelapunta.gob.ar\/01\/wp-json\/wp\/v2\/posts"}],"about":[{"href":"https:\/\/ciudaddelapunta.gob.ar\/01\/wp-json\/wp\/v2\/types\/post"}],"author":[{"embeddable":true,"href":"https:\/\/ciudaddelapunta.gob.ar\/01\/wp-json\/wp\/v2\/users\/37"}],"replies":[{"embeddable":true,"href":"https:\/\/ciudaddelapunta.gob.ar\/01\/wp-json\/wp\/v2\/comments?post=5246"}],"version-history":[{"count":1,"href":"https:\/\/ciudaddelapunta.gob.ar\/01\/wp-json\/wp\/v2\/posts\/5246\/revisions"}],"predecessor-version":[{"id":5252,"href":"https:\/\/ciudaddelapunta.gob.ar\/01\/wp-json\/wp\/v2\/posts\/5246\/revisions\/5252"}],"wp:featuredmedia":[{"embeddable":true,"href":"https:\/\/ciudaddelapunta.gob.ar\/01\/wp-json\/wp\/v2\/media\/5247"}],"wp:attachment":[{"href":"https:\/\/ciudaddelapunta.gob.ar\/01\/wp-json\/wp\/v2\/media?parent=5246"}],"wp:term":[{"taxonomy":"category","embeddable":true,"href":"https:\/\/ciudaddelapunta.gob.ar\/01\/wp-json\/wp\/v2\/categories?post=5246"},{"taxonomy":"post_tag","embeddable":true,"href":"https:\/\/ciudaddelapunta.gob.ar\/01\/wp-json\/wp\/v2\/tags?post=5246"}],"curies":[{"name":"wp","href":"https:\/\/api.w.org\/{rel}","templated":true}]}}