{"id":4780,"date":"2025-09-03T18:05:13","date_gmt":"2025-09-03T21:05:13","guid":{"rendered":"https:\/\/ciudaddelapunta.gob.ar\/01\/?p=4780"},"modified":"2025-09-03T18:05:13","modified_gmt":"2025-09-03T21:05:13","slug":"autoridades-municipales-mantienen-reunion-de-trabajo-sobre-seguridad-vial-en-villa-mercedes","status":"publish","type":"post","link":"https:\/\/ciudaddelapunta.gob.ar\/01\/autoridades-municipales-mantienen-reunion-de-trabajo-sobre-seguridad-vial-en-villa-mercedes\/","title":{"rendered":"AUTORIDADES MUNICIPALES MANTIENEN REUNI\u00d3N DE TRABAJO SOBRE SEGURIDAD VIAL EN VILLA MERCEDES"},"content":{"rendered":"\n<p>Se llev\u00f3 a cabo una reuni\u00f3n de car\u00e1cter institucional entre autoridades de nuestro municipio y representantes de Villa Mercedes, con el objetivo de abordar temas estrat\u00e9gicos relacionados con la seguridad vial en ambas jurisdicciones.<\/p>\n\n\n\n<figure class=\"wp-block-image size-large\"><a href=\"https:\/\/ciudaddelapunta.gob.ar\/01\/wp-content\/uploads\/2025\/09\/1000521364-scaled.jpg\"><img fetchpriority=\"high\" decoding=\"async\" width=\"1024\" height=\"504\" src=\"https:\/\/ciudaddelapunta.gob.ar\/01\/wp-content\/uploads\/2025\/09\/1000521364-1024x504.jpg\" alt=\"\" class=\"wp-image-4781\" srcset=\"https:\/\/ciudaddelapunta.gob.ar\/01\/wp-content\/uploads\/2025\/09\/1000521364-1024x504.jpg 1024w, https:\/\/ciudaddelapunta.gob.ar\/01\/wp-content\/uploads\/2025\/09\/1000521364-300x148.jpg 300w, https:\/\/ciudaddelapunta.gob.ar\/01\/wp-content\/uploads\/2025\/09\/1000521364-768x378.jpg 768w, https:\/\/ciudaddelapunta.gob.ar\/01\/wp-content\/uploads\/2025\/09\/1000521364-1536x755.jpg 1536w, https:\/\/ciudaddelapunta.gob.ar\/01\/wp-content\/uploads\/2025\/09\/1000521364-2048x1007.jpg 2048w\" sizes=\"(max-width: 1024px) 100vw, 1024px\" \/><\/a><\/figure>\n\n\n\n<p>El encuentro estuvo encabezado por nuestro intendente municipal Luciano Ayala y el intendente de Villa Mercedes, Maximiliano Frontera, quienes mantuvieron un intercambio de propuestas y experiencias orientadas al fortalecimiento de las pol\u00edticas p\u00fablicas en materia de tr\u00e1nsito y seguridad ciudadana.<\/p>\n\n\n\n<p>La delegaci\u00f3n de Villa Mercedes estuvo integrada por el secretario de gobierno de Villa Mercedes Germ\u00e1n Sep\u00falveda y Mat\u00edas Cuello, subsecretario de transporte de dicha localidad. Por parte de nuestro municipio participaron Cynthia Alaniz, titular de la Direcci\u00f3n de Recursos Humanos; Hugo Rojos, secretario de Comercio, Trabajo y Producci\u00f3n; Walter Vi\u00f1as, de la Direcci\u00f3n de Tr\u00e1nsito; Mart\u00edn Fern\u00e1ndez Macri, secretario de Modernizaci\u00f3n; Yamile Oros, de la Direcci\u00f3n de Inform\u00e1tica y Redes; y la doctora Vanesa Dellul, de la Direcci\u00f3n Legal y T\u00e9cnica.<\/p>\n\n\n\n<figure class=\"wp-block-image size-large\"><a href=\"https:\/\/ciudaddelapunta.gob.ar\/01\/wp-content\/uploads\/2025\/09\/1000521363-scaled.jpg\"><img decoding=\"async\" width=\"1024\" height=\"633\" src=\"https:\/\/ciudaddelapunta.gob.ar\/01\/wp-content\/uploads\/2025\/09\/1000521363-1024x633.jpg\" alt=\"\" class=\"wp-image-4782\" srcset=\"https:\/\/ciudaddelapunta.gob.ar\/01\/wp-content\/uploads\/2025\/09\/1000521363-1024x633.jpg 1024w, https:\/\/ciudaddelapunta.gob.ar\/01\/wp-content\/uploads\/2025\/09\/1000521363-300x185.jpg 300w, https:\/\/ciudaddelapunta.gob.ar\/01\/wp-content\/uploads\/2025\/09\/1000521363-768x474.jpg 768w, https:\/\/ciudaddelapunta.gob.ar\/01\/wp-content\/uploads\/2025\/09\/1000521363-1536x949.jpg 1536w, https:\/\/ciudaddelapunta.gob.ar\/01\/wp-content\/uploads\/2025\/09\/1000521363-2048x1265.jpg 2048w\" sizes=\"(max-width: 1024px) 100vw, 1024px\" \/><\/a><\/figure>\n\n\n\n<p>Durante el encuentro se analizaron diversos aspectos t\u00e9cnicos relacionados con el monitoreo mediante sistemas de videovigilancia, enfocados tanto en la protecci\u00f3n vehicular como en la seguridad del sector peatonal. Las autoridades de Villa Mercedes expusieron de manera detallada los beneficios de determinadas propuestas tecnol\u00f3gicas, las cuales fueron evaluadas positivamente por la mesa de trabajo. Asimismo, se intercambiaron experiencias sobre la implementaci\u00f3n de sistemas integrales de control de tr\u00e1nsito.<\/p>\n\n\n\n<figure class=\"wp-block-image size-large\"><a href=\"https:\/\/ciudaddelapunta.gob.ar\/01\/wp-content\/uploads\/2025\/09\/1000521362-scaled.jpg\"><img decoding=\"async\" width=\"1024\" height=\"683\" src=\"https:\/\/ciudaddelapunta.gob.ar\/01\/wp-content\/uploads\/2025\/09\/1000521362-1024x683.jpg\" alt=\"\" class=\"wp-image-4783\" srcset=\"https:\/\/ciudaddelapunta.gob.ar\/01\/wp-content\/uploads\/2025\/09\/1000521362-1024x683.jpg 1024w, https:\/\/ciudaddelapunta.gob.ar\/01\/wp-content\/uploads\/2025\/09\/1000521362-300x200.jpg 300w, https:\/\/ciudaddelapunta.gob.ar\/01\/wp-content\/uploads\/2025\/09\/1000521362-768x512.jpg 768w, https:\/\/ciudaddelapunta.gob.ar\/01\/wp-content\/uploads\/2025\/09\/1000521362-1536x1024.jpg 1536w, https:\/\/ciudaddelapunta.gob.ar\/01\/wp-content\/uploads\/2025\/09\/1000521362-2048x1365.jpg 2048w\" sizes=\"(max-width: 1024px) 100vw, 1024px\" \/><\/a><\/figure>\n\n\n\n<p>Nuestras autoridades municipales comentaron los proyectos futuros contemplados para el mejoramiento de la infraestructura vial y la implementaci\u00f3n de nuevas medidas de seguridad. Estos proyectos se enmarcan dentro de una pol\u00edtica de modernizaci\u00f3n del sistema de tr\u00e1nsito municipal, con especial \u00e9nfasis en la protecci\u00f3n de peatones y la fluidez del tr\u00e1nsito vehicular. Se destac\u00f3 la importancia de la coordinaci\u00f3n intermunicipal para la implementaci\u00f3n de est\u00e1ndares comunes en materia de se\u00f1alizaci\u00f3n y control vial.<\/p>\n\n\n\n<p>Esta reuni\u00f3n de trabajo representa un paso significativo en el fortalecimiento de las relaciones interinstitucionales y en el desarrollo de pol\u00edticas p\u00fablicas coordinadas en materia de seguridad vial pensadas esencialmente para el bienestar de nuestra comunidad.<\/p>\n","protected":false},"excerpt":{"rendered":"<p>Se llev\u00f3 a cabo una reuni\u00f3n de car\u00e1cter institucional entre autoridades de nuestro municipio y representantes de Villa Mercedes, con el objetivo de abordar temas estrat\u00e9gicos relacionados con la seguridad &#8230;<\/p>\n","protected":false},"author":37,"featured_media":4781,"comment_status":"closed","ping_status":"","sticky":false,"template":"","format":"standard","meta":{"footnotes":""},"categories":[19],"tags":[22,30,23,73,641,913,99],"class_list":["post-4780","post","type-post","status-publish","format-standard","has-post-thumbnail","hentry","category-noticias","tag-avanza-la-punta","tag-la-punta","tag-luciano-ayala","tag-municipalidad-de-la-punta","tag-reunion","tag-transito","tag-villa-mercedes"],"_links":{"self":[{"href":"https:\/\/ciudaddelapunta.gob.ar\/01\/wp-json\/wp\/v2\/posts\/4780","targetHints":{"allow":["GET"]}}],"collection":[{"href":"https:\/\/ciudaddelapunta.gob.ar\/01\/wp-json\/wp\/v2\/posts"}],"about":[{"href":"https:\/\/ciudaddelapunta.gob.ar\/01\/wp-json\/wp\/v2\/types\/post"}],"author":[{"embeddable":true,"href":"https:\/\/ciudaddelapunta.gob.ar\/01\/wp-json\/wp\/v2\/users\/37"}],"replies":[{"embeddable":true,"href":"https:\/\/ciudaddelapunta.gob.ar\/01\/wp-json\/wp\/v2\/comments?post=4780"}],"version-history":[{"count":1,"href":"https:\/\/ciudaddelapunta.gob.ar\/01\/wp-json\/wp\/v2\/posts\/4780\/revisions"}],"predecessor-version":[{"id":4784,"href":"https:\/\/ciudaddelapunta.gob.ar\/01\/wp-json\/wp\/v2\/posts\/4780\/revisions\/4784"}],"wp:featuredmedia":[{"embeddable":true,"href":"https:\/\/ciudaddelapunta.gob.ar\/01\/wp-json\/wp\/v2\/media\/4781"}],"wp:attachment":[{"href":"https:\/\/ciudaddelapunta.gob.ar\/01\/wp-json\/wp\/v2\/media?parent=4780"}],"wp:term":[{"taxonomy":"category","embeddable":true,"href":"https:\/\/ciudaddelapunta.gob.ar\/01\/wp-json\/wp\/v2\/categories?post=4780"},{"taxonomy":"post_tag","embeddable":true,"href":"https:\/\/ciudaddelapunta.gob.ar\/01\/wp-json\/wp\/v2\/tags?post=4780"}],"curies":[{"name":"wp","href":"https:\/\/api.w.org\/{rel}","templated":true}]}}