{"id":4653,"date":"2025-08-21T10:41:07","date_gmt":"2025-08-21T13:41:07","guid":{"rendered":"https:\/\/ciudaddelapunta.gob.ar\/01\/?p=4653"},"modified":"2025-08-21T10:41:07","modified_gmt":"2025-08-21T13:41:07","slug":"un-coro-que-eleva-el-espiritu-de-la-punta","status":"publish","type":"post","link":"https:\/\/ciudaddelapunta.gob.ar\/01\/un-coro-que-eleva-el-espiritu-de-la-punta\/","title":{"rendered":"UN CORO QUE ELEVA EL ESP\u00cdRITU DE LA PUNTA"},"content":{"rendered":"\n<p>El Taller Municipal de Coro, dirigido por la profesora Teresa C\u00e1rdenas y Esteban Valdez, se prepara para el 2.\u00b0 Festival de Coros.<\/p>\n\n\n\n<figure class=\"wp-block-image size-large\"><a href=\"https:\/\/ciudaddelapunta.gob.ar\/01\/wp-content\/uploads\/2025\/08\/1000488758-scaled.jpg\"><img fetchpriority=\"high\" decoding=\"async\" width=\"1024\" height=\"683\" src=\"https:\/\/ciudaddelapunta.gob.ar\/01\/wp-content\/uploads\/2025\/08\/1000488758-1024x683.jpg\" alt=\"\" class=\"wp-image-4654\" srcset=\"https:\/\/ciudaddelapunta.gob.ar\/01\/wp-content\/uploads\/2025\/08\/1000488758-1024x683.jpg 1024w, https:\/\/ciudaddelapunta.gob.ar\/01\/wp-content\/uploads\/2025\/08\/1000488758-300x200.jpg 300w, https:\/\/ciudaddelapunta.gob.ar\/01\/wp-content\/uploads\/2025\/08\/1000488758-768x512.jpg 768w, https:\/\/ciudaddelapunta.gob.ar\/01\/wp-content\/uploads\/2025\/08\/1000488758-1536x1024.jpg 1536w, https:\/\/ciudaddelapunta.gob.ar\/01\/wp-content\/uploads\/2025\/08\/1000488758-2048x1365.jpg 2048w\" sizes=\"(max-width: 1024px) 100vw, 1024px\" \/><\/a><\/figure>\n\n\n\n<p>El Taller Municipal de Coro de La Punta, que naci\u00f3 en 2023, ha demostrado ser mucho m\u00e1s que un espacio de aprendizaje musical. Este Taller, junto a otros de la ciudad, es coordinado por la directora de Cultura del municipio, Eugenia Aguilera. Su objetivo es promover el bienestar y estimular la creatividad de sus miembros. El Taller se ha convertido en un punto de encuentro vital para los adultos mayores de la ciudad, con alrededor de 20 alumnos que asisten a los ensayos. All\u00ed, la m\u00fasica es la herramienta principal para fomentar la imaginaci\u00f3n y la confianza en uno mismo.<\/p>\n\n\n\n<figure class=\"wp-block-image size-large\"><a href=\"https:\/\/ciudaddelapunta.gob.ar\/01\/wp-content\/uploads\/2025\/08\/1000488753-1-scaled.jpg\"><img decoding=\"async\" width=\"1024\" height=\"683\" src=\"https:\/\/ciudaddelapunta.gob.ar\/01\/wp-content\/uploads\/2025\/08\/1000488753-1-1024x683.jpg\" alt=\"\" class=\"wp-image-4656\" srcset=\"https:\/\/ciudaddelapunta.gob.ar\/01\/wp-content\/uploads\/2025\/08\/1000488753-1-1024x683.jpg 1024w, https:\/\/ciudaddelapunta.gob.ar\/01\/wp-content\/uploads\/2025\/08\/1000488753-1-300x200.jpg 300w, https:\/\/ciudaddelapunta.gob.ar\/01\/wp-content\/uploads\/2025\/08\/1000488753-1-768x512.jpg 768w, https:\/\/ciudaddelapunta.gob.ar\/01\/wp-content\/uploads\/2025\/08\/1000488753-1-1536x1024.jpg 1536w, https:\/\/ciudaddelapunta.gob.ar\/01\/wp-content\/uploads\/2025\/08\/1000488753-1-2048x1365.jpg 2048w\" sizes=\"(max-width: 1024px) 100vw, 1024px\" \/><\/a><\/figure>\n\n\n\n<p>Bajo la direcci\u00f3n de los profesores Teresa C\u00e1rdenas y Esteban Valdez, el grupo se prepara con entusiasmo para el 2.\u00b0 Festival de Coros. Este evento, organizado por ellos mismos, promete ser una noche llena de m\u00fasica y talento. La cita es el 11 de octubre a las 19:00hs. en el Sal\u00f3n Tattersal del Arenas de La Punta, una oportunidad perfecta para disfrutar del trabajo de estos dedicados artistas y apoyar la cultura local.<\/p>\n\n\n\n<figure class=\"wp-block-image size-large\"><a href=\"https:\/\/ciudaddelapunta.gob.ar\/01\/wp-content\/uploads\/2025\/08\/1000488760-scaled.jpg\"><img decoding=\"async\" width=\"1024\" height=\"683\" src=\"https:\/\/ciudaddelapunta.gob.ar\/01\/wp-content\/uploads\/2025\/08\/1000488760-1024x683.jpg\" alt=\"\" class=\"wp-image-4658\" srcset=\"https:\/\/ciudaddelapunta.gob.ar\/01\/wp-content\/uploads\/2025\/08\/1000488760-1024x683.jpg 1024w, https:\/\/ciudaddelapunta.gob.ar\/01\/wp-content\/uploads\/2025\/08\/1000488760-300x200.jpg 300w, https:\/\/ciudaddelapunta.gob.ar\/01\/wp-content\/uploads\/2025\/08\/1000488760-768x512.jpg 768w, https:\/\/ciudaddelapunta.gob.ar\/01\/wp-content\/uploads\/2025\/08\/1000488760-1536x1024.jpg 1536w, https:\/\/ciudaddelapunta.gob.ar\/01\/wp-content\/uploads\/2025\/08\/1000488760-2048x1365.jpg 2048w\" sizes=\"(max-width: 1024px) 100vw, 1024px\" \/><\/a><\/figure>\n\n\n\n<p>Los ensayos se llevan a cabo cada mi\u00e9rcoles y jueves en el SUM del barrio UOCRA, un espacio que se ha colmado de melod\u00edas y la energ\u00eda de un grupo que demuestra que la pasi\u00f3n por la m\u00fasica no tiene edad. El Taller Municipal de Coro es un claro ejemplo de c\u00f3mo la m\u00fasica puede enriquecer la vida de quienes la comparten y fortalecer los lazos comunitarios en nuestra ciudad.<\/p>\n\n\n\n<figure class=\"wp-block-image size-large\"><a href=\"https:\/\/ciudaddelapunta.gob.ar\/01\/wp-content\/uploads\/2025\/08\/1000488759-scaled.jpg\"><img loading=\"lazy\" decoding=\"async\" width=\"1024\" height=\"683\" src=\"https:\/\/ciudaddelapunta.gob.ar\/01\/wp-content\/uploads\/2025\/08\/1000488759-1024x683.jpg\" alt=\"\" class=\"wp-image-4659\" srcset=\"https:\/\/ciudaddelapunta.gob.ar\/01\/wp-content\/uploads\/2025\/08\/1000488759-1024x683.jpg 1024w, https:\/\/ciudaddelapunta.gob.ar\/01\/wp-content\/uploads\/2025\/08\/1000488759-300x200.jpg 300w, https:\/\/ciudaddelapunta.gob.ar\/01\/wp-content\/uploads\/2025\/08\/1000488759-768x512.jpg 768w, https:\/\/ciudaddelapunta.gob.ar\/01\/wp-content\/uploads\/2025\/08\/1000488759-1536x1024.jpg 1536w, https:\/\/ciudaddelapunta.gob.ar\/01\/wp-content\/uploads\/2025\/08\/1000488759-2048x1365.jpg 2048w\" sizes=\"(max-width: 1024px) 100vw, 1024px\" \/><\/a><\/figure>\n","protected":false},"excerpt":{"rendered":"<p>El Taller Municipal de Coro, dirigido por la profesora Teresa C\u00e1rdenas y Esteban Valdez, se prepara para el 2.\u00b0 Festival de Coros. El Taller Municipal de Coro de La Punta, &#8230;<\/p>\n","protected":false},"author":37,"featured_media":4658,"comment_status":"closed","ping_status":"","sticky":false,"template":"","format":"standard","meta":{"footnotes":""},"categories":[19],"tags":[902,30,23,73,625],"class_list":["post-4653","post","type-post","status-publish","format-standard","has-post-thumbnail","hentry","category-noticias","tag-coro","tag-la-punta","tag-luciano-ayala","tag-municipalidad-de-la-punta","tag-taller-municipal"],"_links":{"self":[{"href":"https:\/\/ciudaddelapunta.gob.ar\/01\/wp-json\/wp\/v2\/posts\/4653","targetHints":{"allow":["GET"]}}],"collection":[{"href":"https:\/\/ciudaddelapunta.gob.ar\/01\/wp-json\/wp\/v2\/posts"}],"about":[{"href":"https:\/\/ciudaddelapunta.gob.ar\/01\/wp-json\/wp\/v2\/types\/post"}],"author":[{"embeddable":true,"href":"https:\/\/ciudaddelapunta.gob.ar\/01\/wp-json\/wp\/v2\/users\/37"}],"replies":[{"embeddable":true,"href":"https:\/\/ciudaddelapunta.gob.ar\/01\/wp-json\/wp\/v2\/comments?post=4653"}],"version-history":[{"count":1,"href":"https:\/\/ciudaddelapunta.gob.ar\/01\/wp-json\/wp\/v2\/posts\/4653\/revisions"}],"predecessor-version":[{"id":4660,"href":"https:\/\/ciudaddelapunta.gob.ar\/01\/wp-json\/wp\/v2\/posts\/4653\/revisions\/4660"}],"wp:featuredmedia":[{"embeddable":true,"href":"https:\/\/ciudaddelapunta.gob.ar\/01\/wp-json\/wp\/v2\/media\/4658"}],"wp:attachment":[{"href":"https:\/\/ciudaddelapunta.gob.ar\/01\/wp-json\/wp\/v2\/media?parent=4653"}],"wp:term":[{"taxonomy":"category","embeddable":true,"href":"https:\/\/ciudaddelapunta.gob.ar\/01\/wp-json\/wp\/v2\/categories?post=4653"},{"taxonomy":"post_tag","embeddable":true,"href":"https:\/\/ciudaddelapunta.gob.ar\/01\/wp-json\/wp\/v2\/tags?post=4653"}],"curies":[{"name":"wp","href":"https:\/\/api.w.org\/{rel}","templated":true}]}}