{"id":4589,"date":"2025-08-12T13:35:32","date_gmt":"2025-08-12T16:35:32","guid":{"rendered":"https:\/\/ciudaddelapunta.gob.ar\/01\/?p=4589"},"modified":"2025-08-12T13:35:32","modified_gmt":"2025-08-12T16:35:32","slug":"cargando-energia-limpia-en-la-plaza","status":"publish","type":"post","link":"https:\/\/ciudaddelapunta.gob.ar\/01\/cargando-energia-limpia-en-la-plaza\/","title":{"rendered":"CARGANDO ENERG\u00cdA LIMPIA EN LA PLAZA"},"content":{"rendered":"\n<p class=\"wp-block-paragraph\"><strong>La Secretar\u00eda de Medio Ambiente, que conduce Eugenio Isa\u00eda, reubic\u00f3 una estaci\u00f3n de carga solar que brinda a vecinos y visitantes la posibilidad de recargar sus dispositivos electr\u00f3nicos con energ\u00eda renovable y gratuita.<\/strong><\/p>\n\n\n\n<figure class=\"wp-block-image size-large\"><a href=\"https:\/\/ciudaddelapunta.gob.ar\/01\/wp-content\/uploads\/2025\/08\/WhatsApp-Image-2025-08-12-at-11.50.06-1.jpeg\"><img fetchpriority=\"high\" decoding=\"async\" width=\"1024\" height=\"768\" src=\"https:\/\/ciudaddelapunta.gob.ar\/01\/wp-content\/uploads\/2025\/08\/WhatsApp-Image-2025-08-12-at-11.50.06-1-1024x768.jpeg\" alt=\"\" class=\"wp-image-4591\" srcset=\"https:\/\/ciudaddelapunta.gob.ar\/01\/wp-content\/uploads\/2025\/08\/WhatsApp-Image-2025-08-12-at-11.50.06-1-1024x768.jpeg 1024w, https:\/\/ciudaddelapunta.gob.ar\/01\/wp-content\/uploads\/2025\/08\/WhatsApp-Image-2025-08-12-at-11.50.06-1-300x225.jpeg 300w, https:\/\/ciudaddelapunta.gob.ar\/01\/wp-content\/uploads\/2025\/08\/WhatsApp-Image-2025-08-12-at-11.50.06-1-768x576.jpeg 768w, https:\/\/ciudaddelapunta.gob.ar\/01\/wp-content\/uploads\/2025\/08\/WhatsApp-Image-2025-08-12-at-11.50.06-1.jpeg 1280w\" sizes=\"(max-width: 1024px) 100vw, 1024px\" \/><\/a><\/figure>\n\n\n\n<p class=\"wp-block-paragraph\">El sol brilla en la Plaza de los Ni\u00f1os y, ahora, su energ\u00eda no solo ilumina, sino que tambi\u00e9n carga. En un esfuerzo por fomentar la sustentabilidad y brindar m\u00e1s comodidades a la comunidad, nuestro municipio instal\u00f3 una estaci\u00f3n de carga solar para dispositivos m\u00f3viles.<\/p>\n\n\n\n<p class=\"wp-block-paragraph\">La iniciativa, que se llev\u00f3 adelante en conjunto con la Secretar\u00eda de Urbanismo y Obras, no es nueva, pero s\u00ed su ubicaci\u00f3n, en el coraz\u00f3n de la ciudad: la Plaza de los Ni\u00f1os. La estaci\u00f3n fue trasladada a este punto estrat\u00e9gico para que m\u00e1s vecinos y visitantes puedan acceder c\u00f3modamente sus beneficios mientras disfrutan de los juegos. Con cuatro puertos USB disponibles, ya no ser\u00e1 un problema que la bater\u00eda de tu celular, o incluso de un inflador port\u00e1til, se agote.<\/p>\n\n\n\n<p class=\"wp-block-paragraph\">El funcionamiento de este dispositivo es tan simple como ingenioso, utiliza radiaci\u00f3n solar para generar y almacenar energ\u00eda en una bater\u00eda. Luego, un inversor se encarga de transformar esa energ\u00eda para que pueda ser utilizada por los dispositivos que se conecten a los puertos USB.<\/p>\n\n\n\n<p class=\"wp-block-paragraph\">Este proyecto es mucho m\u00e1s que una soluci\u00f3n pr\u00e1ctica para el d\u00eda a d\u00eda. Desde el municipio, lo vemos como el primer paso hacia un futuro m\u00e1s verde, un \u201cpuntapi\u00e9\u201d para replicar la iniciativa en otros puntos de la ciudad, consolidando as\u00ed un compromiso con la visi\u00f3n de una ciudad sostenible, sustentable y ecol\u00f3gica.<\/p>\n\n\n\n<p class=\"wp-block-paragraph\">Para que este esfuerzo perdure, las autoridades municipales hicieron un llamado a la comunidad, pidiendo a los vecinos cuidar la estaci\u00f3n. Al fin y al cabo, es un bien de todos, una inversi\u00f3n en tecnolog\u00eda limpia que beneficia a cada habitante de la ciudad.<\/p>\n","protected":false},"excerpt":{"rendered":"<p>La Secretar\u00eda de Medio Ambiente, que conduce Eugenio Isa\u00eda, reubic\u00f3 una estaci\u00f3n de carga solar que brinda a vecinos y visitantes la posibilidad de recargar sus dispositivos electr\u00f3nicos con energ\u00eda &#8230;<\/p>\n","protected":false},"author":38,"featured_media":4590,"comment_status":"closed","ping_status":"","sticky":false,"template":"","format":"standard","meta":{"footnotes":""},"categories":[19],"tags":[],"class_list":["post-4589","post","type-post","status-publish","format-standard","has-post-thumbnail","hentry","category-noticias"],"_links":{"self":[{"href":"https:\/\/ciudaddelapunta.gob.ar\/01\/wp-json\/wp\/v2\/posts\/4589","targetHints":{"allow":["GET"]}}],"collection":[{"href":"https:\/\/ciudaddelapunta.gob.ar\/01\/wp-json\/wp\/v2\/posts"}],"about":[{"href":"https:\/\/ciudaddelapunta.gob.ar\/01\/wp-json\/wp\/v2\/types\/post"}],"author":[{"embeddable":true,"href":"https:\/\/ciudaddelapunta.gob.ar\/01\/wp-json\/wp\/v2\/users\/38"}],"replies":[{"embeddable":true,"href":"https:\/\/ciudaddelapunta.gob.ar\/01\/wp-json\/wp\/v2\/comments?post=4589"}],"version-history":[{"count":1,"href":"https:\/\/ciudaddelapunta.gob.ar\/01\/wp-json\/wp\/v2\/posts\/4589\/revisions"}],"predecessor-version":[{"id":4592,"href":"https:\/\/ciudaddelapunta.gob.ar\/01\/wp-json\/wp\/v2\/posts\/4589\/revisions\/4592"}],"wp:featuredmedia":[{"embeddable":true,"href":"https:\/\/ciudaddelapunta.gob.ar\/01\/wp-json\/wp\/v2\/media\/4590"}],"wp:attachment":[{"href":"https:\/\/ciudaddelapunta.gob.ar\/01\/wp-json\/wp\/v2\/media?parent=4589"}],"wp:term":[{"taxonomy":"category","embeddable":true,"href":"https:\/\/ciudaddelapunta.gob.ar\/01\/wp-json\/wp\/v2\/categories?post=4589"},{"taxonomy":"post_tag","embeddable":true,"href":"https:\/\/ciudaddelapunta.gob.ar\/01\/wp-json\/wp\/v2\/tags?post=4589"}],"curies":[{"name":"wp","href":"https:\/\/api.w.org\/{rel}","templated":true}]}}