{"id":4521,"date":"2025-08-01T14:46:05","date_gmt":"2025-08-01T17:46:05","guid":{"rendered":"https:\/\/ciudaddelapunta.gob.ar\/01\/?p=4521"},"modified":"2025-08-01T14:46:05","modified_gmt":"2025-08-01T17:46:05","slug":"taller-de-voley-sentado-un-deporte-que-une-inclusion-y-alto-rendimiento","status":"publish","type":"post","link":"https:\/\/ciudaddelapunta.gob.ar\/01\/taller-de-voley-sentado-un-deporte-que-une-inclusion-y-alto-rendimiento\/","title":{"rendered":"TALLER DE V\u00d3LEY SENTADO, UN DEPORTE QUE UNE INCLUSI\u00d3N Y ALTO RENDIMIENTO"},"content":{"rendered":"\n<p class=\"wp-block-paragraph\"><strong>La disciplina, que comenz\u00f3 a desarrollarse en 2020, se consolida en el Polideportivo \u201cManuel Garc\u00eda Ferr\u00e9\u201d y ya tiene jugadores en el seleccionado argentino.<\/strong><\/p>\n\n\n\n<figure class=\"wp-block-image size-large\"><a href=\"https:\/\/ciudaddelapunta.gob.ar\/01\/wp-content\/uploads\/2025\/08\/WhatsApp-Image-2025-08-01-at-13.09.08-1-scaled.jpeg\"><img fetchpriority=\"high\" decoding=\"async\" width=\"1024\" height=\"683\" src=\"https:\/\/ciudaddelapunta.gob.ar\/01\/wp-content\/uploads\/2025\/08\/WhatsApp-Image-2025-08-01-at-13.09.08-1-1024x683.jpeg\" alt=\"\" class=\"wp-image-4522\" srcset=\"https:\/\/ciudaddelapunta.gob.ar\/01\/wp-content\/uploads\/2025\/08\/WhatsApp-Image-2025-08-01-at-13.09.08-1-1024x683.jpeg 1024w, https:\/\/ciudaddelapunta.gob.ar\/01\/wp-content\/uploads\/2025\/08\/WhatsApp-Image-2025-08-01-at-13.09.08-1-300x200.jpeg 300w, https:\/\/ciudaddelapunta.gob.ar\/01\/wp-content\/uploads\/2025\/08\/WhatsApp-Image-2025-08-01-at-13.09.08-1-768x512.jpeg 768w, https:\/\/ciudaddelapunta.gob.ar\/01\/wp-content\/uploads\/2025\/08\/WhatsApp-Image-2025-08-01-at-13.09.08-1-1536x1024.jpeg 1536w, https:\/\/ciudaddelapunta.gob.ar\/01\/wp-content\/uploads\/2025\/08\/WhatsApp-Image-2025-08-01-at-13.09.08-1-2048x1365.jpeg 2048w\" sizes=\"(max-width: 1024px) 100vw, 1024px\" \/><\/a><\/figure>\n\n\n\n<p class=\"wp-block-paragraph\">En La Punta, el deporte adaptado ha encontrado un hogar en el Polideportivo \u201cManuel Garc\u00eda Ferr\u00e9\u201d, donde el v\u00f3ley sentado se ha convertido en un emblema de inclusi\u00f3n y superaci\u00f3n. Lo que comenz\u00f3 t\u00edmidamente en 2020 en el Estadio Provincial \u201cJuan Gilberto Funes\u201d, hoy es una realidad consolidada que entrena con regularidad, los lunes, mi\u00e9rcoles y viernes de 16 a 18hs. Bajo la gu\u00eda de la entrenadora Ver\u00f3nica Hern\u00e1ndez, este espacio no solo forma atletas, sino que tambi\u00e9n crea una verdadera comunidad.<\/p>\n\n\n\n<p class=\"wp-block-paragraph\">Actualmente, 6 alumnos asisten de manera regular a los entrenamientos. Si bien los requisitos para la pr\u00e1ctica profesional exigen un control de tronco y sensibilidad para los desplazamientos en el suelo, el Taller est\u00e1 abierto a todo aquel que desee compartir el deporte, sin importar su nivel. Esta apertura ha permitido que j\u00f3venes talentos emerjan y alcancen la \u00e9lite del deporte nacional.<\/p>\n\n\n\n<p class=\"wp-block-paragraph\">El \u00e9xito del programa se refleja en sus logros deportivos. El equipo de La Punta se consagr\u00f3 subcampe\u00f3n en las ediciones 2022 y 2023 de los Juegos Deportivos Nacionales Evita, y el a\u00f1o pasado se llev\u00f3 el primer lugar, demostrando su crecimiento constante. Adem\u00e1s, 2 de sus jugadores han sido convocados al seleccionado argentino: una jugadora viajar\u00e1 el 24 de agosto a Brasil para la primera Copa Am\u00e9rica y se prepara para los Juegos Parapanamericanos Juveniles Santiago 2025, y un jugador var\u00f3n forma parte de la preselecci\u00f3n juvenil.<\/p>\n\n\n\n<p class=\"wp-block-paragraph\">De cara al futuro, el equipo contin\u00faa en b\u00fasqueda de nuevos talentos de hasta 18 a\u00f1os con discapacidad motriz para armar el equipo que representar\u00e1 a La Punta en la edici\u00f3n 2025 de los Juegos Nacionales Evita, invitando a la comunidad a sumarse a un proyecto deportivo y social que sigue cosechando triunfos.<\/p>\n\n\n\n<p class=\"wp-block-paragraph\">Para m\u00e1s informaci\u00f3n, los interesados pueden comunicarse al siguiente contacto telef\u00f3nico: 266 4513032. O tambi\u00e9n acercarse directamente al Polideportivo \u201cManuel Garc\u00eda Ferr\u00e9\u201d en los d\u00edas y horarios de entrenamiento.<\/p>\n","protected":false},"excerpt":{"rendered":"<p>La disciplina, que comenz\u00f3 a desarrollarse en 2020, se consolida en el Polideportivo \u201cManuel Garc\u00eda Ferr\u00e9\u201d y ya tiene jugadores en el seleccionado argentino. En La Punta, el deporte adaptado &#8230;<\/p>\n","protected":false},"author":38,"featured_media":4523,"comment_status":"closed","ping_status":"","sticky":false,"template":"","format":"standard","meta":{"footnotes":""},"categories":[19],"tags":[],"class_list":["post-4521","post","type-post","status-publish","format-standard","has-post-thumbnail","hentry","category-noticias"],"_links":{"self":[{"href":"https:\/\/ciudaddelapunta.gob.ar\/01\/wp-json\/wp\/v2\/posts\/4521","targetHints":{"allow":["GET"]}}],"collection":[{"href":"https:\/\/ciudaddelapunta.gob.ar\/01\/wp-json\/wp\/v2\/posts"}],"about":[{"href":"https:\/\/ciudaddelapunta.gob.ar\/01\/wp-json\/wp\/v2\/types\/post"}],"author":[{"embeddable":true,"href":"https:\/\/ciudaddelapunta.gob.ar\/01\/wp-json\/wp\/v2\/users\/38"}],"replies":[{"embeddable":true,"href":"https:\/\/ciudaddelapunta.gob.ar\/01\/wp-json\/wp\/v2\/comments?post=4521"}],"version-history":[{"count":1,"href":"https:\/\/ciudaddelapunta.gob.ar\/01\/wp-json\/wp\/v2\/posts\/4521\/revisions"}],"predecessor-version":[{"id":4524,"href":"https:\/\/ciudaddelapunta.gob.ar\/01\/wp-json\/wp\/v2\/posts\/4521\/revisions\/4524"}],"wp:featuredmedia":[{"embeddable":true,"href":"https:\/\/ciudaddelapunta.gob.ar\/01\/wp-json\/wp\/v2\/media\/4523"}],"wp:attachment":[{"href":"https:\/\/ciudaddelapunta.gob.ar\/01\/wp-json\/wp\/v2\/media?parent=4521"}],"wp:term":[{"taxonomy":"category","embeddable":true,"href":"https:\/\/ciudaddelapunta.gob.ar\/01\/wp-json\/wp\/v2\/categories?post=4521"},{"taxonomy":"post_tag","embeddable":true,"href":"https:\/\/ciudaddelapunta.gob.ar\/01\/wp-json\/wp\/v2\/tags?post=4521"}],"curies":[{"name":"wp","href":"https:\/\/api.w.org\/{rel}","templated":true}]}}