{"id":4431,"date":"2025-07-28T10:59:10","date_gmt":"2025-07-28T13:59:10","guid":{"rendered":"https:\/\/ciudaddelapunta.gob.ar\/01\/?p=4431"},"modified":"2025-07-28T10:59:10","modified_gmt":"2025-07-28T13:59:10","slug":"celebracion-y-alegria-en-el-dia-de-los-abuelos-en-la-punta","status":"publish","type":"post","link":"https:\/\/ciudaddelapunta.gob.ar\/01\/celebracion-y-alegria-en-el-dia-de-los-abuelos-en-la-punta\/","title":{"rendered":"CELEBRACI\u00d3N Y ALEGR\u00cdA EN EL D\u00cdA DE LOS ABUELOS EN LA PUNTA"},"content":{"rendered":"\n<p class=\"wp-block-paragraph\"><strong>Se vivi\u00f3 un d\u00eda de fiesta y reconocimiento en La Punta, donde se celebr\u00f3 con gran entusiasmo el D\u00eda de los Abuelos en el Comedor Municipal \u201cPadre Mauro Quevedo\u201d.<\/strong><\/p>\n\n\n\n<figure class=\"wp-block-image size-large\"><a href=\"https:\/\/ciudaddelapunta.gob.ar\/01\/wp-content\/uploads\/2025\/07\/WhatsApp-Image-2025-07-28-at-10.40.34-1-scaled.jpeg\"><img fetchpriority=\"high\" decoding=\"async\" width=\"1024\" height=\"680\" src=\"https:\/\/ciudaddelapunta.gob.ar\/01\/wp-content\/uploads\/2025\/07\/WhatsApp-Image-2025-07-28-at-10.40.34-1-1024x680.jpeg\" alt=\"\" class=\"wp-image-4433\" srcset=\"https:\/\/ciudaddelapunta.gob.ar\/01\/wp-content\/uploads\/2025\/07\/WhatsApp-Image-2025-07-28-at-10.40.34-1-1024x680.jpeg 1024w, https:\/\/ciudaddelapunta.gob.ar\/01\/wp-content\/uploads\/2025\/07\/WhatsApp-Image-2025-07-28-at-10.40.34-1-300x199.jpeg 300w, https:\/\/ciudaddelapunta.gob.ar\/01\/wp-content\/uploads\/2025\/07\/WhatsApp-Image-2025-07-28-at-10.40.34-1-768x510.jpeg 768w, https:\/\/ciudaddelapunta.gob.ar\/01\/wp-content\/uploads\/2025\/07\/WhatsApp-Image-2025-07-28-at-10.40.34-1-1536x1020.jpeg 1536w, https:\/\/ciudaddelapunta.gob.ar\/01\/wp-content\/uploads\/2025\/07\/WhatsApp-Image-2025-07-28-at-10.40.34-1-2048x1360.jpeg 2048w\" sizes=\"(max-width: 1024px) 100vw, 1024px\" \/><\/a><\/figure>\n\n\n\n<p class=\"wp-block-paragraph\">Se vivi\u00f3 un d\u00eda de fiesta y reconocimiento en La Punta, donde se celebr\u00f3 con gran entusiasmo el D\u00eda de los Abuelos en el Comedor Municipal \u201cPadre Mauro Quevedo\u201d. El evento, organizado por la Secretar\u00eda de Desarrollo Social, a cargo de Marian Lucero, a trav\u00e9s de la Direcci\u00f3n de Participaci\u00f3n Ciudadana, liderada por Franco Vargas, reuni\u00f3 a nuestros queridos adultos mayores para una tarde de alegr\u00eda y camarader\u00eda.<\/p>\n\n\n\n<p class=\"wp-block-paragraph\">La jornada comenz\u00f3 con un c\u00e1lido recibimiento a los abuelos de La Punta, quienes r\u00e1pidamente se sumergieron en la emoci\u00f3n de un bingo animado, donde la suerte y las risas fueron protagonistas. Tras la diversi\u00f3n, compartieron una merienda especial, propiciando momentos de charla y conexi\u00f3n entre todos los presentes.<\/p>\n\n\n\n<p class=\"wp-block-paragraph\">La tarde continu\u00f3 con un divertido karaoke, donde varios abuelos demostraron sus talentos vocales, creando un ambiente distendido y lleno de aplausos. El broche de oro musical lo puso la vibrante presentaci\u00f3n de Tomy Ganz y Los Amigos del Cuarteto, quienes hicieron bailar y disfrutar a todos con su ritmo contagioso.<\/p>\n\n\n\n<p class=\"wp-block-paragraph\">El evento culmin\u00f3 con palabras de agradecimiento por parte de los organizadores, resaltando la importancia de estos encuentros para fortalecer los lazos comunitarios y celebrar la vida de nuestros mayores. Fue una jornada inolvidable, llena de afecto, m\u00fasica y alegr\u00eda, que demostr\u00f3 el compromiso de la Municipalidad de La Punta con sus adultos mayores.<\/p>\n\n\n\n<figure class=\"wp-block-gallery has-nested-images columns-default is-cropped wp-block-gallery-1 is-layout-flex wp-block-gallery-is-layout-flex\">\n<figure class=\"wp-block-image size-large\"><a href=\"https:\/\/ciudaddelapunta.gob.ar\/01\/wp-content\/uploads\/2025\/07\/WhatsApp-Image-2025-07-28-at-10.40.46-scaled.jpeg\"><img decoding=\"async\" width=\"1024\" height=\"680\" data-id=\"4434\" src=\"https:\/\/ciudaddelapunta.gob.ar\/01\/wp-content\/uploads\/2025\/07\/WhatsApp-Image-2025-07-28-at-10.40.46-1024x680.jpeg\" alt=\"\" class=\"wp-image-4434\" srcset=\"https:\/\/ciudaddelapunta.gob.ar\/01\/wp-content\/uploads\/2025\/07\/WhatsApp-Image-2025-07-28-at-10.40.46-1024x680.jpeg 1024w, https:\/\/ciudaddelapunta.gob.ar\/01\/wp-content\/uploads\/2025\/07\/WhatsApp-Image-2025-07-28-at-10.40.46-300x199.jpeg 300w, https:\/\/ciudaddelapunta.gob.ar\/01\/wp-content\/uploads\/2025\/07\/WhatsApp-Image-2025-07-28-at-10.40.46-768x510.jpeg 768w, https:\/\/ciudaddelapunta.gob.ar\/01\/wp-content\/uploads\/2025\/07\/WhatsApp-Image-2025-07-28-at-10.40.46-1536x1020.jpeg 1536w, https:\/\/ciudaddelapunta.gob.ar\/01\/wp-content\/uploads\/2025\/07\/WhatsApp-Image-2025-07-28-at-10.40.46-2048x1360.jpeg 2048w\" sizes=\"(max-width: 1024px) 100vw, 1024px\" \/><\/a><\/figure>\n\n\n\n<figure class=\"wp-block-image size-large\"><a href=\"https:\/\/ciudaddelapunta.gob.ar\/01\/wp-content\/uploads\/2025\/07\/WhatsApp-Image-2025-07-28-at-10.40.34-1-1-scaled.jpeg\"><img decoding=\"async\" width=\"1024\" height=\"680\" data-id=\"4435\" src=\"https:\/\/ciudaddelapunta.gob.ar\/01\/wp-content\/uploads\/2025\/07\/WhatsApp-Image-2025-07-28-at-10.40.34-1-1-1024x680.jpeg\" alt=\"\" class=\"wp-image-4435\" srcset=\"https:\/\/ciudaddelapunta.gob.ar\/01\/wp-content\/uploads\/2025\/07\/WhatsApp-Image-2025-07-28-at-10.40.34-1-1-1024x680.jpeg 1024w, https:\/\/ciudaddelapunta.gob.ar\/01\/wp-content\/uploads\/2025\/07\/WhatsApp-Image-2025-07-28-at-10.40.34-1-1-300x199.jpeg 300w, https:\/\/ciudaddelapunta.gob.ar\/01\/wp-content\/uploads\/2025\/07\/WhatsApp-Image-2025-07-28-at-10.40.34-1-1-768x510.jpeg 768w, https:\/\/ciudaddelapunta.gob.ar\/01\/wp-content\/uploads\/2025\/07\/WhatsApp-Image-2025-07-28-at-10.40.34-1-1-1536x1020.jpeg 1536w, https:\/\/ciudaddelapunta.gob.ar\/01\/wp-content\/uploads\/2025\/07\/WhatsApp-Image-2025-07-28-at-10.40.34-1-1-2048x1360.jpeg 2048w\" sizes=\"(max-width: 1024px) 100vw, 1024px\" \/><\/a><\/figure>\n\n\n\n<figure class=\"wp-block-image size-large\"><a href=\"https:\/\/ciudaddelapunta.gob.ar\/01\/wp-content\/uploads\/2025\/07\/WhatsApp-Image-2025-07-28-at-10.40.34-scaled.jpeg\"><img loading=\"lazy\" decoding=\"async\" width=\"1024\" height=\"680\" data-id=\"4436\" src=\"https:\/\/ciudaddelapunta.gob.ar\/01\/wp-content\/uploads\/2025\/07\/WhatsApp-Image-2025-07-28-at-10.40.34-1024x680.jpeg\" alt=\"\" class=\"wp-image-4436\" srcset=\"https:\/\/ciudaddelapunta.gob.ar\/01\/wp-content\/uploads\/2025\/07\/WhatsApp-Image-2025-07-28-at-10.40.34-1024x680.jpeg 1024w, https:\/\/ciudaddelapunta.gob.ar\/01\/wp-content\/uploads\/2025\/07\/WhatsApp-Image-2025-07-28-at-10.40.34-300x199.jpeg 300w, https:\/\/ciudaddelapunta.gob.ar\/01\/wp-content\/uploads\/2025\/07\/WhatsApp-Image-2025-07-28-at-10.40.34-768x510.jpeg 768w, https:\/\/ciudaddelapunta.gob.ar\/01\/wp-content\/uploads\/2025\/07\/WhatsApp-Image-2025-07-28-at-10.40.34-1536x1020.jpeg 1536w, https:\/\/ciudaddelapunta.gob.ar\/01\/wp-content\/uploads\/2025\/07\/WhatsApp-Image-2025-07-28-at-10.40.34-2048x1360.jpeg 2048w\" sizes=\"(max-width: 1024px) 100vw, 1024px\" \/><\/a><\/figure>\n\n\n\n<figure class=\"wp-block-image size-large\"><a href=\"https:\/\/ciudaddelapunta.gob.ar\/01\/wp-content\/uploads\/2025\/07\/WhatsApp-Image-2025-07-28-at-10.40.47-1-scaled.jpeg\"><img loading=\"lazy\" decoding=\"async\" width=\"1024\" height=\"680\" data-id=\"4437\" src=\"https:\/\/ciudaddelapunta.gob.ar\/01\/wp-content\/uploads\/2025\/07\/WhatsApp-Image-2025-07-28-at-10.40.47-1-1024x680.jpeg\" alt=\"\" class=\"wp-image-4437\" srcset=\"https:\/\/ciudaddelapunta.gob.ar\/01\/wp-content\/uploads\/2025\/07\/WhatsApp-Image-2025-07-28-at-10.40.47-1-1024x680.jpeg 1024w, https:\/\/ciudaddelapunta.gob.ar\/01\/wp-content\/uploads\/2025\/07\/WhatsApp-Image-2025-07-28-at-10.40.47-1-300x199.jpeg 300w, https:\/\/ciudaddelapunta.gob.ar\/01\/wp-content\/uploads\/2025\/07\/WhatsApp-Image-2025-07-28-at-10.40.47-1-768x510.jpeg 768w, https:\/\/ciudaddelapunta.gob.ar\/01\/wp-content\/uploads\/2025\/07\/WhatsApp-Image-2025-07-28-at-10.40.47-1-1536x1020.jpeg 1536w, https:\/\/ciudaddelapunta.gob.ar\/01\/wp-content\/uploads\/2025\/07\/WhatsApp-Image-2025-07-28-at-10.40.47-1-2048x1360.jpeg 2048w\" sizes=\"(max-width: 1024px) 100vw, 1024px\" \/><\/a><\/figure>\n<\/figure>\n","protected":false},"excerpt":{"rendered":"<p>Se vivi\u00f3 un d\u00eda de fiesta y reconocimiento en La Punta, donde se celebr\u00f3 con gran entusiasmo el D\u00eda de los Abuelos en el Comedor Municipal \u201cPadre Mauro Quevedo\u201d. Se &#8230;<\/p>\n","protected":false},"author":38,"featured_media":4432,"comment_status":"closed","ping_status":"","sticky":false,"template":"","format":"standard","meta":{"footnotes":""},"categories":[19],"tags":[],"class_list":["post-4431","post","type-post","status-publish","format-standard","has-post-thumbnail","hentry","category-noticias"],"_links":{"self":[{"href":"https:\/\/ciudaddelapunta.gob.ar\/01\/wp-json\/wp\/v2\/posts\/4431","targetHints":{"allow":["GET"]}}],"collection":[{"href":"https:\/\/ciudaddelapunta.gob.ar\/01\/wp-json\/wp\/v2\/posts"}],"about":[{"href":"https:\/\/ciudaddelapunta.gob.ar\/01\/wp-json\/wp\/v2\/types\/post"}],"author":[{"embeddable":true,"href":"https:\/\/ciudaddelapunta.gob.ar\/01\/wp-json\/wp\/v2\/users\/38"}],"replies":[{"embeddable":true,"href":"https:\/\/ciudaddelapunta.gob.ar\/01\/wp-json\/wp\/v2\/comments?post=4431"}],"version-history":[{"count":1,"href":"https:\/\/ciudaddelapunta.gob.ar\/01\/wp-json\/wp\/v2\/posts\/4431\/revisions"}],"predecessor-version":[{"id":4438,"href":"https:\/\/ciudaddelapunta.gob.ar\/01\/wp-json\/wp\/v2\/posts\/4431\/revisions\/4438"}],"wp:featuredmedia":[{"embeddable":true,"href":"https:\/\/ciudaddelapunta.gob.ar\/01\/wp-json\/wp\/v2\/media\/4432"}],"wp:attachment":[{"href":"https:\/\/ciudaddelapunta.gob.ar\/01\/wp-json\/wp\/v2\/media?parent=4431"}],"wp:term":[{"taxonomy":"category","embeddable":true,"href":"https:\/\/ciudaddelapunta.gob.ar\/01\/wp-json\/wp\/v2\/categories?post=4431"},{"taxonomy":"post_tag","embeddable":true,"href":"https:\/\/ciudaddelapunta.gob.ar\/01\/wp-json\/wp\/v2\/tags?post=4431"}],"curies":[{"name":"wp","href":"https:\/\/api.w.org\/{rel}","templated":true}]}}