{"id":4113,"date":"2025-06-23T21:27:09","date_gmt":"2025-06-24T00:27:09","guid":{"rendered":"https:\/\/ciudaddelapunta.gob.ar\/01\/?p=4113"},"modified":"2025-06-23T21:27:09","modified_gmt":"2025-06-24T00:27:09","slug":"participacion-de-nuestra-ciudad-en-el-5-encuentro-nacional-de-danzas-danzares-de-mi-tierra","status":"publish","type":"post","link":"https:\/\/ciudaddelapunta.gob.ar\/01\/participacion-de-nuestra-ciudad-en-el-5-encuentro-nacional-de-danzas-danzares-de-mi-tierra\/","title":{"rendered":"PARTICIPACI\u00d3N DE NUESTRA CIUDAD EN EL 5\u00b0 ENCUENTRO NACIONAL DE DANZAS &#8220;DANZARES DE MI TIERRA&#8221;"},"content":{"rendered":"\n<p><strong>El Taller Municipal La Punta Danza Folklore llev\u00f3 con orgullo bien alto la bandera de nuestra querida ciudad.<\/strong><\/p>\n\n\n\n<figure class=\"wp-block-image size-large\"><a href=\"https:\/\/ciudaddelapunta.gob.ar\/01\/wp-content\/uploads\/2025\/06\/1000379185.jpg\"><img fetchpriority=\"high\" decoding=\"async\" width=\"1024\" height=\"768\" src=\"https:\/\/ciudaddelapunta.gob.ar\/01\/wp-content\/uploads\/2025\/06\/1000379185-1024x768.jpg\" alt=\"\" class=\"wp-image-4114\" srcset=\"https:\/\/ciudaddelapunta.gob.ar\/01\/wp-content\/uploads\/2025\/06\/1000379185-1024x768.jpg 1024w, https:\/\/ciudaddelapunta.gob.ar\/01\/wp-content\/uploads\/2025\/06\/1000379185-300x225.jpg 300w, https:\/\/ciudaddelapunta.gob.ar\/01\/wp-content\/uploads\/2025\/06\/1000379185-768x576.jpg 768w, https:\/\/ciudaddelapunta.gob.ar\/01\/wp-content\/uploads\/2025\/06\/1000379185-1536x1152.jpg 1536w, https:\/\/ciudaddelapunta.gob.ar\/01\/wp-content\/uploads\/2025\/06\/1000379185.jpg 1600w\" sizes=\"(max-width: 1024px) 100vw, 1024px\" \/><\/a><\/figure>\n\n\n\n<p>El Taller Municipal La Punta Danza Folklore, dirigido por los profesores Anal\u00eda Ceballos y Alejandro Fern\u00e1ndez, perteneciente a nuestra Direcci\u00f3n de Cultura, se present\u00f3 en el 5.\u00b0 Encuentro Nacional de Danzas &#8220;Danzares de mi tierra&#8221;, en el Teatro del Viejo Mercado, de Villa Mercedes.<\/p>\n\n\n\n<figure class=\"wp-block-image size-large\"><a href=\"https:\/\/ciudaddelapunta.gob.ar\/01\/wp-content\/uploads\/2025\/06\/1000379203.jpg\"><img decoding=\"async\" width=\"768\" height=\"1024\" src=\"https:\/\/ciudaddelapunta.gob.ar\/01\/wp-content\/uploads\/2025\/06\/1000379203-768x1024.jpg\" alt=\"\" class=\"wp-image-4115\" srcset=\"https:\/\/ciudaddelapunta.gob.ar\/01\/wp-content\/uploads\/2025\/06\/1000379203-768x1024.jpg 768w, https:\/\/ciudaddelapunta.gob.ar\/01\/wp-content\/uploads\/2025\/06\/1000379203-225x300.jpg 225w, https:\/\/ciudaddelapunta.gob.ar\/01\/wp-content\/uploads\/2025\/06\/1000379203.jpg 960w\" sizes=\"(max-width: 768px) 100vw, 768px\" \/><\/a><\/figure>\n\n\n\n<p>La jornada comenz\u00f3 con un seminario de danzas tradicionales dictado por el profesor Marcos Pringles. Luego fue la presentaci\u00f3n de juveniles junto a 20 ballets de la provincia donde hubo tiempo de competencia: Anal\u00eda G\u00f3mez y Tiago Olmedo representaron a La Punta en pareja de zamba, llegando nuestra bailarina a la final.<\/p>\n\n\n\n<figure class=\"wp-block-image size-large\"><a href=\"https:\/\/ciudaddelapunta.gob.ar\/01\/wp-content\/uploads\/2025\/06\/1000379186.jpg\"><img decoding=\"async\" width=\"1024\" height=\"768\" src=\"https:\/\/ciudaddelapunta.gob.ar\/01\/wp-content\/uploads\/2025\/06\/1000379186-1024x768.jpg\" alt=\"\" class=\"wp-image-4116\" srcset=\"https:\/\/ciudaddelapunta.gob.ar\/01\/wp-content\/uploads\/2025\/06\/1000379186-1024x768.jpg 1024w, https:\/\/ciudaddelapunta.gob.ar\/01\/wp-content\/uploads\/2025\/06\/1000379186-300x225.jpg 300w, https:\/\/ciudaddelapunta.gob.ar\/01\/wp-content\/uploads\/2025\/06\/1000379186-768x576.jpg 768w, https:\/\/ciudaddelapunta.gob.ar\/01\/wp-content\/uploads\/2025\/06\/1000379186-1536x1152.jpg 1536w, https:\/\/ciudaddelapunta.gob.ar\/01\/wp-content\/uploads\/2025\/06\/1000379186.jpg 1600w\" sizes=\"(max-width: 1024px) 100vw, 1024px\" \/><\/a><\/figure>\n\n\n\n<p>Y para cerrar este inolvidable d\u00eda, los chicos disfrutaron a la noche de Calle Angosta, recorrieron su anfiteatro y conocieron el Boliche Don Miranda, emblema de la cultura cuyana.<\/p>\n\n\n\n<figure class=\"wp-block-image size-large\"><a href=\"https:\/\/ciudaddelapunta.gob.ar\/01\/wp-content\/uploads\/2025\/06\/1000379201.jpg\"><img loading=\"lazy\" decoding=\"async\" width=\"1024\" height=\"768\" src=\"https:\/\/ciudaddelapunta.gob.ar\/01\/wp-content\/uploads\/2025\/06\/1000379201-1024x768.jpg\" alt=\"\" class=\"wp-image-4117\" srcset=\"https:\/\/ciudaddelapunta.gob.ar\/01\/wp-content\/uploads\/2025\/06\/1000379201-1024x768.jpg 1024w, https:\/\/ciudaddelapunta.gob.ar\/01\/wp-content\/uploads\/2025\/06\/1000379201-300x225.jpg 300w, https:\/\/ciudaddelapunta.gob.ar\/01\/wp-content\/uploads\/2025\/06\/1000379201-768x576.jpg 768w, https:\/\/ciudaddelapunta.gob.ar\/01\/wp-content\/uploads\/2025\/06\/1000379201.jpg 1280w\" sizes=\"(max-width: 1024px) 100vw, 1024px\" \/><\/a><\/figure>\n\n\n\n<p>Agradecemos al Instituto Juan Pascual Pringles por la invitaci\u00f3n, a los pap\u00e1s por acompa\u00f1ar y a los chicos por llevar con orgullo bien alto la bandera de La Punta.<\/p>\n\n\n\n<figure class=\"wp-block-image size-large\"><a href=\"https:\/\/ciudaddelapunta.gob.ar\/01\/wp-content\/uploads\/2025\/06\/1000379199.jpg\"><img loading=\"lazy\" decoding=\"async\" width=\"1024\" height=\"768\" src=\"https:\/\/ciudaddelapunta.gob.ar\/01\/wp-content\/uploads\/2025\/06\/1000379199-1024x768.jpg\" alt=\"\" class=\"wp-image-4118\" srcset=\"https:\/\/ciudaddelapunta.gob.ar\/01\/wp-content\/uploads\/2025\/06\/1000379199-1024x768.jpg 1024w, https:\/\/ciudaddelapunta.gob.ar\/01\/wp-content\/uploads\/2025\/06\/1000379199-300x225.jpg 300w, https:\/\/ciudaddelapunta.gob.ar\/01\/wp-content\/uploads\/2025\/06\/1000379199-768x576.jpg 768w, https:\/\/ciudaddelapunta.gob.ar\/01\/wp-content\/uploads\/2025\/06\/1000379199-1536x1152.jpg 1536w, https:\/\/ciudaddelapunta.gob.ar\/01\/wp-content\/uploads\/2025\/06\/1000379199.jpg 1600w\" sizes=\"(max-width: 1024px) 100vw, 1024px\" \/><\/a><\/figure>\n","protected":false},"excerpt":{"rendered":"<p>El Taller Municipal La Punta Danza Folklore llev\u00f3 con orgullo bien alto la bandera de nuestra querida ciudad. El Taller Municipal La Punta Danza Folklore, dirigido por los profesores Anal\u00eda &#8230;<\/p>\n","protected":false},"author":37,"featured_media":4118,"comment_status":"closed","ping_status":"","sticky":false,"template":"","format":"standard","meta":{"footnotes":""},"categories":[19],"tags":[22,520,30,23,73,625],"class_list":["post-4113","post","type-post","status-publish","format-standard","has-post-thumbnail","hentry","category-noticias","tag-avanza-la-punta","tag-folklore","tag-la-punta","tag-luciano-ayala","tag-municipalidad-de-la-punta","tag-taller-municipal"],"_links":{"self":[{"href":"https:\/\/ciudaddelapunta.gob.ar\/01\/wp-json\/wp\/v2\/posts\/4113","targetHints":{"allow":["GET"]}}],"collection":[{"href":"https:\/\/ciudaddelapunta.gob.ar\/01\/wp-json\/wp\/v2\/posts"}],"about":[{"href":"https:\/\/ciudaddelapunta.gob.ar\/01\/wp-json\/wp\/v2\/types\/post"}],"author":[{"embeddable":true,"href":"https:\/\/ciudaddelapunta.gob.ar\/01\/wp-json\/wp\/v2\/users\/37"}],"replies":[{"embeddable":true,"href":"https:\/\/ciudaddelapunta.gob.ar\/01\/wp-json\/wp\/v2\/comments?post=4113"}],"version-history":[{"count":1,"href":"https:\/\/ciudaddelapunta.gob.ar\/01\/wp-json\/wp\/v2\/posts\/4113\/revisions"}],"predecessor-version":[{"id":4119,"href":"https:\/\/ciudaddelapunta.gob.ar\/01\/wp-json\/wp\/v2\/posts\/4113\/revisions\/4119"}],"wp:featuredmedia":[{"embeddable":true,"href":"https:\/\/ciudaddelapunta.gob.ar\/01\/wp-json\/wp\/v2\/media\/4118"}],"wp:attachment":[{"href":"https:\/\/ciudaddelapunta.gob.ar\/01\/wp-json\/wp\/v2\/media?parent=4113"}],"wp:term":[{"taxonomy":"category","embeddable":true,"href":"https:\/\/ciudaddelapunta.gob.ar\/01\/wp-json\/wp\/v2\/categories?post=4113"},{"taxonomy":"post_tag","embeddable":true,"href":"https:\/\/ciudaddelapunta.gob.ar\/01\/wp-json\/wp\/v2\/tags?post=4113"}],"curies":[{"name":"wp","href":"https:\/\/api.w.org\/{rel}","templated":true}]}}