{"id":3791,"date":"2025-05-22T07:51:02","date_gmt":"2025-05-22T10:51:02","guid":{"rendered":"https:\/\/ciudaddelapunta.gob.ar\/01\/?p=3791"},"modified":"2025-05-22T07:51:02","modified_gmt":"2025-05-22T10:51:02","slug":"fortaleciendo-el-desarrollo-local-el-municipio-entrega-certificados-y-lanza-nuevas-becas","status":"publish","type":"post","link":"https:\/\/ciudaddelapunta.gob.ar\/01\/fortaleciendo-el-desarrollo-local-el-municipio-entrega-certificados-y-lanza-nuevas-becas\/","title":{"rendered":"FORTALECIENDO EL DESARROLLO LOCAL: EL MUNICIPIO ENTREGA CERTIFICADOS Y LANZA NUEVAS BECAS"},"content":{"rendered":"\n<p><strong>El evento, que cont\u00f3 con la presencia del intendente de La Punta, Luciano Ayala, y de autoridades municipales, marc\u00f3 una vez m\u00e1s el rumbo con importantes iniciativas de capacitaci\u00f3n y apoyo a los emprendedores locales.<\/strong><\/p>\n\n\n\n<figure class=\"wp-block-image size-large\"><a href=\"https:\/\/ciudaddelapunta.gob.ar\/01\/wp-content\/uploads\/2025\/05\/1000307179-scaled.jpg\"><img fetchpriority=\"high\" decoding=\"async\" width=\"1024\" height=\"683\" src=\"https:\/\/ciudaddelapunta.gob.ar\/01\/wp-content\/uploads\/2025\/05\/1000307179-1024x683.jpg\" alt=\"\" class=\"wp-image-3792\" srcset=\"https:\/\/ciudaddelapunta.gob.ar\/01\/wp-content\/uploads\/2025\/05\/1000307179-1024x683.jpg 1024w, https:\/\/ciudaddelapunta.gob.ar\/01\/wp-content\/uploads\/2025\/05\/1000307179-300x200.jpg 300w, https:\/\/ciudaddelapunta.gob.ar\/01\/wp-content\/uploads\/2025\/05\/1000307179-768x512.jpg 768w, https:\/\/ciudaddelapunta.gob.ar\/01\/wp-content\/uploads\/2025\/05\/1000307179-1536x1024.jpg 1536w, https:\/\/ciudaddelapunta.gob.ar\/01\/wp-content\/uploads\/2025\/05\/1000307179-2048x1365.jpg 2048w\" sizes=\"(max-width: 1024px) 100vw, 1024px\" \/><\/a><\/figure>\n\n\n\n<p>En un acto significativo celebrado en nuestro Balneario Municipal, la Secretar\u00eda de Comercio, Trabajo y Producci\u00f3n y la Direcci\u00f3n de Pymes de nuestra casa municipal reafirmaron su inquebrantable compromiso con el fomento del emprendedurismo y la generaci\u00f3n de oportunidades laborales para todos los ciudadanos. El evento, que cont\u00f3 con la presencia del intendente de La Punta, Luciano Ayala, y de autoridades municipales, marc\u00f3 una vez m\u00e1s el rumbo con importantes iniciativas de capacitaci\u00f3n y apoyo a los emprendedores locales.<\/p>\n\n\n\n<figure class=\"wp-block-image size-large\"><a href=\"https:\/\/ciudaddelapunta.gob.ar\/01\/wp-content\/uploads\/2025\/05\/1000307448-scaled.jpg\"><img decoding=\"async\" width=\"1024\" height=\"683\" src=\"https:\/\/ciudaddelapunta.gob.ar\/01\/wp-content\/uploads\/2025\/05\/1000307448-1024x683.jpg\" alt=\"\" class=\"wp-image-3793\" srcset=\"https:\/\/ciudaddelapunta.gob.ar\/01\/wp-content\/uploads\/2025\/05\/1000307448-1024x683.jpg 1024w, https:\/\/ciudaddelapunta.gob.ar\/01\/wp-content\/uploads\/2025\/05\/1000307448-300x200.jpg 300w, https:\/\/ciudaddelapunta.gob.ar\/01\/wp-content\/uploads\/2025\/05\/1000307448-768x512.jpg 768w, https:\/\/ciudaddelapunta.gob.ar\/01\/wp-content\/uploads\/2025\/05\/1000307448-1536x1024.jpg 1536w, https:\/\/ciudaddelapunta.gob.ar\/01\/wp-content\/uploads\/2025\/05\/1000307448-2048x1365.jpg 2048w\" sizes=\"(max-width: 1024px) 100vw, 1024px\" \/><\/a><\/figure>\n\n\n\n<p>Se elogi\u00f3 el cierre del programa Ticmas Academy 2024, que en su primera edici\u00f3n bec\u00f3 a m\u00e1s de 250 participantes, enfocados en contenidos de emprendedurismo y habilidades digitales. Los asistentes recibieron sus merecidos certificados, que simbolizan el haber adquirido herramientas esenciales para el mundo actual.<\/p>\n\n\n\n<figure class=\"wp-block-image size-large\"><a href=\"https:\/\/ciudaddelapunta.gob.ar\/01\/wp-content\/uploads\/2025\/05\/1000307699-scaled.jpg\"><img decoding=\"async\" width=\"1024\" height=\"683\" src=\"https:\/\/ciudaddelapunta.gob.ar\/01\/wp-content\/uploads\/2025\/05\/1000307699-1024x683.jpg\" alt=\"\" class=\"wp-image-3794\" srcset=\"https:\/\/ciudaddelapunta.gob.ar\/01\/wp-content\/uploads\/2025\/05\/1000307699-1024x683.jpg 1024w, https:\/\/ciudaddelapunta.gob.ar\/01\/wp-content\/uploads\/2025\/05\/1000307699-300x200.jpg 300w, https:\/\/ciudaddelapunta.gob.ar\/01\/wp-content\/uploads\/2025\/05\/1000307699-768x512.jpg 768w, https:\/\/ciudaddelapunta.gob.ar\/01\/wp-content\/uploads\/2025\/05\/1000307699-1536x1024.jpg 1536w, https:\/\/ciudaddelapunta.gob.ar\/01\/wp-content\/uploads\/2025\/05\/1000307699-2048x1365.jpg 2048w\" sizes=\"(max-width: 1024px) 100vw, 1024px\" \/><\/a><\/figure>\n\n\n\n<p>En el mismo acto, se realiz\u00f3 el lanzamiento oficial de la segunda edici\u00f3n de Ticmas Academy, esta vez dirigida espec\u00edficamente a estudiantes del nivel secundario, reforzando as\u00ed la apuesta por la formaci\u00f3n en competencias clave para el futuro laboral de nuestros j\u00f3venes.<\/p>\n\n\n\n<figure class=\"wp-block-image size-large\"><a href=\"https:\/\/ciudaddelapunta.gob.ar\/01\/wp-content\/uploads\/2025\/05\/1000307843-scaled.jpg\"><img loading=\"lazy\" decoding=\"async\" width=\"1024\" height=\"683\" src=\"https:\/\/ciudaddelapunta.gob.ar\/01\/wp-content\/uploads\/2025\/05\/1000307843-1024x683.jpg\" alt=\"\" class=\"wp-image-3795\" srcset=\"https:\/\/ciudaddelapunta.gob.ar\/01\/wp-content\/uploads\/2025\/05\/1000307843-1024x683.jpg 1024w, https:\/\/ciudaddelapunta.gob.ar\/01\/wp-content\/uploads\/2025\/05\/1000307843-300x200.jpg 300w, https:\/\/ciudaddelapunta.gob.ar\/01\/wp-content\/uploads\/2025\/05\/1000307843-768x512.jpg 768w, https:\/\/ciudaddelapunta.gob.ar\/01\/wp-content\/uploads\/2025\/05\/1000307843-1536x1024.jpg 1536w, https:\/\/ciudaddelapunta.gob.ar\/01\/wp-content\/uploads\/2025\/05\/1000307843-2048x1365.jpg 2048w\" sizes=\"(max-width: 1024px) 100vw, 1024px\" \/><\/a><\/figure>\n\n\n\n<p>Adem\u00e1s, la Direcci\u00f3n de Pymes realiz\u00f3 el cierre de los talleres del primer cuatrimestre, donde tambi\u00e9n se hizo entrega de certificados a los alumnos. Este reconocimiento destac\u00f3 el compromiso y la evoluci\u00f3n de cada grupo en sus respectivas \u00e1reas, consolidando habilidades pr\u00e1cticas que impulsan sus proyectos. Finalmente, y como un respaldo tangible a la innovaci\u00f3n local, se entregaron 25 aportes econ\u00f3micos del Programa Ayuda Inicial para Emprendedores que Reci\u00e9n Empiezan (AIRE). Estos fondos representan un reconocimiento y un respaldo directo a nuevos emprendimientos, fortaleciendo la inclusi\u00f3n productiva y el tejido empresarial de nuestra comunidad.<\/p>\n\n\n\n<figure class=\"wp-block-image size-large\"><a href=\"https:\/\/ciudaddelapunta.gob.ar\/01\/wp-content\/uploads\/2025\/05\/1000307600-scaled.jpg\"><img loading=\"lazy\" decoding=\"async\" width=\"1024\" height=\"683\" src=\"https:\/\/ciudaddelapunta.gob.ar\/01\/wp-content\/uploads\/2025\/05\/1000307600-1024x683.jpg\" alt=\"\" class=\"wp-image-3796\" srcset=\"https:\/\/ciudaddelapunta.gob.ar\/01\/wp-content\/uploads\/2025\/05\/1000307600-1024x683.jpg 1024w, https:\/\/ciudaddelapunta.gob.ar\/01\/wp-content\/uploads\/2025\/05\/1000307600-300x200.jpg 300w, https:\/\/ciudaddelapunta.gob.ar\/01\/wp-content\/uploads\/2025\/05\/1000307600-768x512.jpg 768w, https:\/\/ciudaddelapunta.gob.ar\/01\/wp-content\/uploads\/2025\/05\/1000307600-1536x1024.jpg 1536w, https:\/\/ciudaddelapunta.gob.ar\/01\/wp-content\/uploads\/2025\/05\/1000307600-2048x1365.jpg 2048w\" sizes=\"(max-width: 1024px) 100vw, 1024px\" \/><\/a><\/figure>\n","protected":false},"excerpt":{"rendered":"<p>El evento, que cont\u00f3 con la presencia del intendente de La Punta, Luciano Ayala, y de autoridades municipales, marc\u00f3 una vez m\u00e1s el rumbo con importantes iniciativas de capacitaci\u00f3n y &#8230;<\/p>\n","protected":false},"author":37,"featured_media":3792,"comment_status":"closed","ping_status":"","sticky":false,"template":"","format":"standard","meta":{"footnotes":""},"categories":[19],"tags":[22,819,817,818,30,23,73,68,792],"class_list":["post-3791","post","type-post","status-publish","format-standard","has-post-thumbnail","hentry","category-noticias","tag-avanza-la-punta","tag-celia-sosa","tag-entrega","tag-hugo-rojos","tag-la-punta","tag-luciano-ayala","tag-municipalidad-de-la-punta","tag-pymes","tag-ticmas"],"_links":{"self":[{"href":"https:\/\/ciudaddelapunta.gob.ar\/01\/wp-json\/wp\/v2\/posts\/3791","targetHints":{"allow":["GET"]}}],"collection":[{"href":"https:\/\/ciudaddelapunta.gob.ar\/01\/wp-json\/wp\/v2\/posts"}],"about":[{"href":"https:\/\/ciudaddelapunta.gob.ar\/01\/wp-json\/wp\/v2\/types\/post"}],"author":[{"embeddable":true,"href":"https:\/\/ciudaddelapunta.gob.ar\/01\/wp-json\/wp\/v2\/users\/37"}],"replies":[{"embeddable":true,"href":"https:\/\/ciudaddelapunta.gob.ar\/01\/wp-json\/wp\/v2\/comments?post=3791"}],"version-history":[{"count":1,"href":"https:\/\/ciudaddelapunta.gob.ar\/01\/wp-json\/wp\/v2\/posts\/3791\/revisions"}],"predecessor-version":[{"id":3797,"href":"https:\/\/ciudaddelapunta.gob.ar\/01\/wp-json\/wp\/v2\/posts\/3791\/revisions\/3797"}],"wp:featuredmedia":[{"embeddable":true,"href":"https:\/\/ciudaddelapunta.gob.ar\/01\/wp-json\/wp\/v2\/media\/3792"}],"wp:attachment":[{"href":"https:\/\/ciudaddelapunta.gob.ar\/01\/wp-json\/wp\/v2\/media?parent=3791"}],"wp:term":[{"taxonomy":"category","embeddable":true,"href":"https:\/\/ciudaddelapunta.gob.ar\/01\/wp-json\/wp\/v2\/categories?post=3791"},{"taxonomy":"post_tag","embeddable":true,"href":"https:\/\/ciudaddelapunta.gob.ar\/01\/wp-json\/wp\/v2\/tags?post=3791"}],"curies":[{"name":"wp","href":"https:\/\/api.w.org\/{rel}","templated":true}]}}