{"id":3780,"date":"2025-05-21T13:17:55","date_gmt":"2025-05-21T16:17:55","guid":{"rendered":"https:\/\/ciudaddelapunta.gob.ar\/01\/?p=3780"},"modified":"2025-05-21T13:17:55","modified_gmt":"2025-05-21T16:17:55","slug":"conferencia-de-prensa-pena-patria-en-la-punta","status":"publish","type":"post","link":"https:\/\/ciudaddelapunta.gob.ar\/01\/conferencia-de-prensa-pena-patria-en-la-punta\/","title":{"rendered":"CONFERENCIA DE PRENSA: PE\u00d1A PATRIA EN LA PUNTA"},"content":{"rendered":"\n<p><strong>Invitamos a todos los vecinos de la ciudad de La Punta y localidades cercanas a participar de este emocionante encuentro.<\/strong><\/p>\n\n\n\n<figure class=\"wp-block-image size-large\"><a href=\"https:\/\/ciudaddelapunta.gob.ar\/01\/wp-content\/uploads\/2025\/05\/1000304451.jpg\"><img fetchpriority=\"high\" decoding=\"async\" width=\"1024\" height=\"768\" src=\"https:\/\/ciudaddelapunta.gob.ar\/01\/wp-content\/uploads\/2025\/05\/1000304451-1024x768.jpg\" alt=\"\" class=\"wp-image-3781\" srcset=\"https:\/\/ciudaddelapunta.gob.ar\/01\/wp-content\/uploads\/2025\/05\/1000304451-1024x768.jpg 1024w, https:\/\/ciudaddelapunta.gob.ar\/01\/wp-content\/uploads\/2025\/05\/1000304451-300x225.jpg 300w, https:\/\/ciudaddelapunta.gob.ar\/01\/wp-content\/uploads\/2025\/05\/1000304451-768x576.jpg 768w, https:\/\/ciudaddelapunta.gob.ar\/01\/wp-content\/uploads\/2025\/05\/1000304451-1536x1152.jpg 1536w, https:\/\/ciudaddelapunta.gob.ar\/01\/wp-content\/uploads\/2025\/05\/1000304451.jpg 1600w\" sizes=\"(max-width: 1024px) 100vw, 1024px\" \/><\/a><\/figure>\n\n\n\n<p>Nuestro secretario de Deporte, Turismo y Cultura, Walter Peche, la directora de Cultura, Eugenia Aguilera, y el director de Turismo, Alberto Galmes, presentaron en una conferencia de prensa la Pe\u00f1a Patria, que se llevar\u00e1 a cabo el d\u00eda s\u00e1bado 24 de mayo en el Polideportivo \u201cManuel Garc\u00eda Ferr\u00e9\u201d.<\/p>\n\n\n\n<p>La Pe\u00f1a comenzar\u00e1 a las 21:00hs. y contar\u00e1 con la participaci\u00f3n de ballets y grupos folkl\u00f3ricos de la ciudad y de renombre nacional. Los artistas que estar\u00e1n presentes son Noah Moreira, Bella Ram\u00edrez, La Cautana, Manyines de Cuyo, Ariel Su\u00e1rez y el cierre de Llokallas, adem\u00e1s de los talleres culturales de la Municipalidad en todas las edades. De igual manera, se har\u00e1n presentes los ballets DanzAres, Sembrando Sue\u00f1os, Taller Municipal de Folklore de Adultos Mayores, Ballet La Punta Folklore y Agitando Pa\u00f1uelos.<\/p>\n\n\n\n<p>La entrada es libre y gratuita, y se invita a todos los vecinos de La Punta y turistas a asistir. El Polideportivo es un lugar amplio y c\u00f3modo, con mesas, sillas y gradas para que todos puedan disfrutar del evento. Se solicita no llevar reposeras y tampoco asistir con conservadoras, esto es para garantizar la comodidad y el \u00e9xito de los artesanos que buscar\u00e1n ofrecer sus productos.<\/p>\n\n\n\n<p>Desde la Direcci\u00f3n de Turismo, nos encargaremos de promocionar el evento en todas las localidades aleda\u00f1as, invitando a la gente a unirse a esta sensacional fiesta.<\/p>\n\n\n\n<p>Tenemos un enorme entusiasmo de que la Pe\u00f1a Patria sea un \u00e9xito y esperamos que sea una noche inolvidable para todos. \u00a1Las puertas del Polideportivo estar\u00e1n abiertas a partir de las 20:00hs., y deseamos contar con una gran concurrencia!<\/p>\n","protected":false},"excerpt":{"rendered":"<p>Invitamos a todos los vecinos de la ciudad de La Punta y localidades cercanas a participar de este emocionante encuentro. Nuestro secretario de Deporte, Turismo y Cultura, Walter Peche, la &#8230;<\/p>\n","protected":false},"author":37,"featured_media":3781,"comment_status":"closed","ping_status":"","sticky":false,"template":"","format":"standard","meta":{"footnotes":""},"categories":[19],"tags":[22,51,812,30,23,73,813,814],"class_list":["post-3780","post","type-post","status-publish","format-standard","has-post-thumbnail","hentry","category-noticias","tag-avanza-la-punta","tag-conferencia-de-prensa","tag-la-pena-patria","tag-la-punta","tag-luciano-ayala","tag-municipalidad-de-la-punta","tag-pena-patria","tag-secretaria-de-deporte-turismo-y-cultura"],"_links":{"self":[{"href":"https:\/\/ciudaddelapunta.gob.ar\/01\/wp-json\/wp\/v2\/posts\/3780","targetHints":{"allow":["GET"]}}],"collection":[{"href":"https:\/\/ciudaddelapunta.gob.ar\/01\/wp-json\/wp\/v2\/posts"}],"about":[{"href":"https:\/\/ciudaddelapunta.gob.ar\/01\/wp-json\/wp\/v2\/types\/post"}],"author":[{"embeddable":true,"href":"https:\/\/ciudaddelapunta.gob.ar\/01\/wp-json\/wp\/v2\/users\/37"}],"replies":[{"embeddable":true,"href":"https:\/\/ciudaddelapunta.gob.ar\/01\/wp-json\/wp\/v2\/comments?post=3780"}],"version-history":[{"count":1,"href":"https:\/\/ciudaddelapunta.gob.ar\/01\/wp-json\/wp\/v2\/posts\/3780\/revisions"}],"predecessor-version":[{"id":3782,"href":"https:\/\/ciudaddelapunta.gob.ar\/01\/wp-json\/wp\/v2\/posts\/3780\/revisions\/3782"}],"wp:featuredmedia":[{"embeddable":true,"href":"https:\/\/ciudaddelapunta.gob.ar\/01\/wp-json\/wp\/v2\/media\/3781"}],"wp:attachment":[{"href":"https:\/\/ciudaddelapunta.gob.ar\/01\/wp-json\/wp\/v2\/media?parent=3780"}],"wp:term":[{"taxonomy":"category","embeddable":true,"href":"https:\/\/ciudaddelapunta.gob.ar\/01\/wp-json\/wp\/v2\/categories?post=3780"},{"taxonomy":"post_tag","embeddable":true,"href":"https:\/\/ciudaddelapunta.gob.ar\/01\/wp-json\/wp\/v2\/tags?post=3780"}],"curies":[{"name":"wp","href":"https:\/\/api.w.org\/{rel}","templated":true}]}}