{"id":3771,"date":"2025-05-20T17:42:38","date_gmt":"2025-05-20T20:42:38","guid":{"rendered":"https:\/\/ciudaddelapunta.gob.ar\/01\/?p=3771"},"modified":"2025-05-20T17:42:38","modified_gmt":"2025-05-20T20:42:38","slug":"dia-mundial-de-las-abejas-un-llamado-a-la-accion","status":"publish","type":"post","link":"https:\/\/ciudaddelapunta.gob.ar\/01\/dia-mundial-de-las-abejas-un-llamado-a-la-accion\/","title":{"rendered":"D\u00cdA MUNDIAL DE LAS ABEJAS: UN LLAMADO A LA ACCI\u00d3N\u00a0"},"content":{"rendered":"\n<p><strong>La comunidad se uni\u00f3 para celebrar el D\u00eda Mundial de las Abejas y reflexionar sobre la importancia de estos polinizadores en nuestro ecosistema.<\/strong><\/p>\n\n\n\n<figure class=\"wp-block-image size-large\"><a href=\"https:\/\/ciudaddelapunta.gob.ar\/01\/wp-content\/uploads\/2025\/05\/1000305402-scaled.jpg\"><img fetchpriority=\"high\" decoding=\"async\" width=\"1024\" height=\"683\" src=\"https:\/\/ciudaddelapunta.gob.ar\/01\/wp-content\/uploads\/2025\/05\/1000305402-1024x683.jpg\" alt=\"\" class=\"wp-image-3772\" srcset=\"https:\/\/ciudaddelapunta.gob.ar\/01\/wp-content\/uploads\/2025\/05\/1000305402-1024x683.jpg 1024w, https:\/\/ciudaddelapunta.gob.ar\/01\/wp-content\/uploads\/2025\/05\/1000305402-300x200.jpg 300w, https:\/\/ciudaddelapunta.gob.ar\/01\/wp-content\/uploads\/2025\/05\/1000305402-768x512.jpg 768w, https:\/\/ciudaddelapunta.gob.ar\/01\/wp-content\/uploads\/2025\/05\/1000305402-1536x1024.jpg 1536w, https:\/\/ciudaddelapunta.gob.ar\/01\/wp-content\/uploads\/2025\/05\/1000305402-2048x1365.jpg 2048w\" sizes=\"(max-width: 1024px) 100vw, 1024px\" \/><\/a><\/figure>\n\n\n\n<p>En el D\u00eda Mundial de las Abejas se vivi\u00f3 en el polideportivo municipal Manuel Garc\u00eda Ferr\u00e9 un momento para reflexionar sobre la importancia de estos polinizadores y el rol que todos tenemos en la protecci\u00f3n del ambiente y de nuestro monte puntano. La Organizaci\u00f3n de las Naciones Unidas estableci\u00f3 esta fecha en reconocimiento al nacimiento de Anton Jan\u0161a, pionero de la apicultura moderna.<\/p>\n\n\n\n<figure class=\"wp-block-image size-large\"><a href=\"https:\/\/ciudaddelapunta.gob.ar\/01\/wp-content\/uploads\/2025\/05\/1000305614-1-scaled.jpg\"><img decoding=\"async\" width=\"1024\" height=\"683\" src=\"https:\/\/ciudaddelapunta.gob.ar\/01\/wp-content\/uploads\/2025\/05\/1000305614-1-1024x683.jpg\" alt=\"\" class=\"wp-image-3774\" srcset=\"https:\/\/ciudaddelapunta.gob.ar\/01\/wp-content\/uploads\/2025\/05\/1000305614-1-1024x683.jpg 1024w, https:\/\/ciudaddelapunta.gob.ar\/01\/wp-content\/uploads\/2025\/05\/1000305614-1-300x200.jpg 300w, https:\/\/ciudaddelapunta.gob.ar\/01\/wp-content\/uploads\/2025\/05\/1000305614-1-768x512.jpg 768w, https:\/\/ciudaddelapunta.gob.ar\/01\/wp-content\/uploads\/2025\/05\/1000305614-1-1536x1024.jpg 1536w, https:\/\/ciudaddelapunta.gob.ar\/01\/wp-content\/uploads\/2025\/05\/1000305614-1-2048x1365.jpg 2048w\" sizes=\"(max-width: 1024px) 100vw, 1024px\" \/><\/a><\/figure>\n\n\n\n<p>En el marco de esta celebraci\u00f3n, organizamos un Circuito Productivo en Vivo, donde estudiantes y visitantes pudieron conocer de cerca el trabajo de los apicultores. El circuito cont\u00f3 con estaciones tem\u00e1ticas que abordaron temas como la carpinter\u00eda ap\u00edcola, la organizaci\u00f3n interna de las abejas y la producci\u00f3n de miel.<\/p>\n\n\n\n<figure class=\"wp-block-image size-large\"><a href=\"https:\/\/ciudaddelapunta.gob.ar\/01\/wp-content\/uploads\/2025\/05\/1000305172-scaled.jpg\"><img decoding=\"async\" width=\"1024\" height=\"683\" src=\"https:\/\/ciudaddelapunta.gob.ar\/01\/wp-content\/uploads\/2025\/05\/1000305172-1024x683.jpg\" alt=\"\" class=\"wp-image-3775\" srcset=\"https:\/\/ciudaddelapunta.gob.ar\/01\/wp-content\/uploads\/2025\/05\/1000305172-1024x683.jpg 1024w, https:\/\/ciudaddelapunta.gob.ar\/01\/wp-content\/uploads\/2025\/05\/1000305172-300x200.jpg 300w, https:\/\/ciudaddelapunta.gob.ar\/01\/wp-content\/uploads\/2025\/05\/1000305172-768x512.jpg 768w, https:\/\/ciudaddelapunta.gob.ar\/01\/wp-content\/uploads\/2025\/05\/1000305172-1536x1024.jpg 1536w, https:\/\/ciudaddelapunta.gob.ar\/01\/wp-content\/uploads\/2025\/05\/1000305172-2048x1365.jpg 2048w\" sizes=\"(max-width: 1024px) 100vw, 1024px\" \/><\/a><\/figure>\n\n\n\n<p>La jornada cont\u00f3 con la presencia del Sr. Intendente de la Ciudad de La Punta, Luciano Ayala, representantes de la Cooperativa de Apicultores Monte Puntano y la Asociaci\u00f3n Eslovenia de San Luis, as\u00ed como autoridades municipales y referentes de instituciones educativas.<\/p>\n\n\n\n<figure class=\"wp-block-image size-large\"><a href=\"https:\/\/ciudaddelapunta.gob.ar\/01\/wp-content\/uploads\/2025\/05\/1000305764-scaled.jpg\"><img loading=\"lazy\" decoding=\"async\" width=\"1024\" height=\"683\" src=\"https:\/\/ciudaddelapunta.gob.ar\/01\/wp-content\/uploads\/2025\/05\/1000305764-1024x683.jpg\" alt=\"\" class=\"wp-image-3776\" srcset=\"https:\/\/ciudaddelapunta.gob.ar\/01\/wp-content\/uploads\/2025\/05\/1000305764-1024x683.jpg 1024w, https:\/\/ciudaddelapunta.gob.ar\/01\/wp-content\/uploads\/2025\/05\/1000305764-300x200.jpg 300w, https:\/\/ciudaddelapunta.gob.ar\/01\/wp-content\/uploads\/2025\/05\/1000305764-768x512.jpg 768w, https:\/\/ciudaddelapunta.gob.ar\/01\/wp-content\/uploads\/2025\/05\/1000305764-1536x1024.jpg 1536w, https:\/\/ciudaddelapunta.gob.ar\/01\/wp-content\/uploads\/2025\/05\/1000305764-2048x1365.jpg 2048w\" sizes=\"(max-width: 1024px) 100vw, 1024px\" \/><\/a><\/figure>\n\n\n\n<p>La jornada fue de gran inter\u00e9s para todos los presentes, donde se presenci\u00f3 la plantaci\u00f3n simb\u00f3lica de un \u00e1rbol nativo que reforz\u00f3 el compromiso con el cuidado del entorno. Tambi\u00e9n se realiz\u00f3 una Feria de productos ap\u00edcolas y emprendimientos locales, donde se pudo degustar miel y otros productos regionales.<\/p>\n\n\n\n<figure class=\"wp-block-image size-large\"><a href=\"https:\/\/ciudaddelapunta.gob.ar\/01\/wp-content\/uploads\/2025\/05\/1000305730-scaled.jpg\"><img loading=\"lazy\" decoding=\"async\" width=\"1024\" height=\"683\" src=\"https:\/\/ciudaddelapunta.gob.ar\/01\/wp-content\/uploads\/2025\/05\/1000305730-1024x683.jpg\" alt=\"\" class=\"wp-image-3777\" srcset=\"https:\/\/ciudaddelapunta.gob.ar\/01\/wp-content\/uploads\/2025\/05\/1000305730-1024x683.jpg 1024w, https:\/\/ciudaddelapunta.gob.ar\/01\/wp-content\/uploads\/2025\/05\/1000305730-300x200.jpg 300w, https:\/\/ciudaddelapunta.gob.ar\/01\/wp-content\/uploads\/2025\/05\/1000305730-768x512.jpg 768w, https:\/\/ciudaddelapunta.gob.ar\/01\/wp-content\/uploads\/2025\/05\/1000305730-1536x1024.jpg 1536w, https:\/\/ciudaddelapunta.gob.ar\/01\/wp-content\/uploads\/2025\/05\/1000305730-2048x1365.jpg 2048w\" sizes=\"(max-width: 1024px) 100vw, 1024px\" \/><\/a><\/figure>\n\n\n\n<p>Agradecemos la participaci\u00f3n de todos los que se acercaron a compartir esta jornada. Preservar las abejas es fundamental para mantener el equilibrio natural y proteger nuestros paisajes y fuentes de vida. Es importante que sigamos trabajando juntos para proteger el entorno que habitamos. La protecci\u00f3n de las abejas y el medio ambiente es un desaf\u00edo que requiere la acci\u00f3n de todos. Debemos tomar medidas para prevenir da\u00f1os a la biodiversidad y los espacios de producci\u00f3n natural. Juntos, podemos hacer una diferencia y proteger el entorno que compartimos con las abejas y todas las formas de vida.<\/p>\n\n\n\n<figure class=\"wp-block-image size-large\"><a href=\"https:\/\/ciudaddelapunta.gob.ar\/01\/wp-content\/uploads\/2025\/05\/1000305698-scaled.jpg\"><img loading=\"lazy\" decoding=\"async\" width=\"1024\" height=\"683\" src=\"https:\/\/ciudaddelapunta.gob.ar\/01\/wp-content\/uploads\/2025\/05\/1000305698-1024x683.jpg\" alt=\"\" class=\"wp-image-3778\" srcset=\"https:\/\/ciudaddelapunta.gob.ar\/01\/wp-content\/uploads\/2025\/05\/1000305698-1024x683.jpg 1024w, https:\/\/ciudaddelapunta.gob.ar\/01\/wp-content\/uploads\/2025\/05\/1000305698-300x200.jpg 300w, https:\/\/ciudaddelapunta.gob.ar\/01\/wp-content\/uploads\/2025\/05\/1000305698-768x512.jpg 768w, https:\/\/ciudaddelapunta.gob.ar\/01\/wp-content\/uploads\/2025\/05\/1000305698-1536x1024.jpg 1536w, https:\/\/ciudaddelapunta.gob.ar\/01\/wp-content\/uploads\/2025\/05\/1000305698-2048x1365.jpg 2048w\" sizes=\"(max-width: 1024px) 100vw, 1024px\" \/><\/a><\/figure>\n\n\n\n<p><\/p>\n","protected":false},"excerpt":{"rendered":"<p>La comunidad se uni\u00f3 para celebrar el D\u00eda Mundial de las Abejas y reflexionar sobre la importancia de estos polinizadores en nuestro ecosistema. En el D\u00eda Mundial de las Abejas &#8230;<\/p>\n","protected":false},"author":37,"featured_media":3776,"comment_status":"closed","ping_status":"","sticky":false,"template":"","format":"standard","meta":{"footnotes":""},"categories":[19],"tags":[811,22,810,54,30,23,73,68],"class_list":["post-3771","post","type-post","status-publish","format-standard","has-post-thumbnail","hentry","category-noticias","tag-abejas","tag-avanza-la-punta","tag-dia-mundial-de-las-abejas","tag-gobierno-de-san-luis","tag-la-punta","tag-luciano-ayala","tag-municipalidad-de-la-punta","tag-pymes"],"_links":{"self":[{"href":"https:\/\/ciudaddelapunta.gob.ar\/01\/wp-json\/wp\/v2\/posts\/3771","targetHints":{"allow":["GET"]}}],"collection":[{"href":"https:\/\/ciudaddelapunta.gob.ar\/01\/wp-json\/wp\/v2\/posts"}],"about":[{"href":"https:\/\/ciudaddelapunta.gob.ar\/01\/wp-json\/wp\/v2\/types\/post"}],"author":[{"embeddable":true,"href":"https:\/\/ciudaddelapunta.gob.ar\/01\/wp-json\/wp\/v2\/users\/37"}],"replies":[{"embeddable":true,"href":"https:\/\/ciudaddelapunta.gob.ar\/01\/wp-json\/wp\/v2\/comments?post=3771"}],"version-history":[{"count":1,"href":"https:\/\/ciudaddelapunta.gob.ar\/01\/wp-json\/wp\/v2\/posts\/3771\/revisions"}],"predecessor-version":[{"id":3779,"href":"https:\/\/ciudaddelapunta.gob.ar\/01\/wp-json\/wp\/v2\/posts\/3771\/revisions\/3779"}],"wp:featuredmedia":[{"embeddable":true,"href":"https:\/\/ciudaddelapunta.gob.ar\/01\/wp-json\/wp\/v2\/media\/3776"}],"wp:attachment":[{"href":"https:\/\/ciudaddelapunta.gob.ar\/01\/wp-json\/wp\/v2\/media?parent=3771"}],"wp:term":[{"taxonomy":"category","embeddable":true,"href":"https:\/\/ciudaddelapunta.gob.ar\/01\/wp-json\/wp\/v2\/categories?post=3771"},{"taxonomy":"post_tag","embeddable":true,"href":"https:\/\/ciudaddelapunta.gob.ar\/01\/wp-json\/wp\/v2\/tags?post=3771"}],"curies":[{"name":"wp","href":"https:\/\/api.w.org\/{rel}","templated":true}]}}