{"id":3529,"date":"2025-04-29T22:05:35","date_gmt":"2025-04-30T01:05:35","guid":{"rendered":"https:\/\/ciudaddelapunta.gob.ar\/01\/?p=3529"},"modified":"2025-04-29T22:05:35","modified_gmt":"2025-04-30T01:05:35","slug":"la-punta-celebra-la-puesta-en-valor-de-su-comisaria-28","status":"publish","type":"post","link":"https:\/\/ciudaddelapunta.gob.ar\/01\/la-punta-celebra-la-puesta-en-valor-de-su-comisaria-28\/","title":{"rendered":"LA PUNTA CELEBRA LA PUESTA EN VALOR DE SU COMISAR\u00cdA 28"},"content":{"rendered":"\n<p><strong>El acto se erigi\u00f3 como un s\u00edmbolo m\u00e1s del firme apoyo que el gobierno provincial brinda al municipio de La Punta.<\/strong><\/p>\n\n\n\n<figure class=\"wp-block-image size-large\"><a href=\"https:\/\/ciudaddelapunta.gob.ar\/01\/wp-content\/uploads\/2025\/04\/1000256596-scaled.jpg\"><img fetchpriority=\"high\" decoding=\"async\" width=\"1024\" height=\"683\" src=\"https:\/\/ciudaddelapunta.gob.ar\/01\/wp-content\/uploads\/2025\/04\/1000256596-1024x683.jpg\" alt=\"\" class=\"wp-image-3530\" srcset=\"https:\/\/ciudaddelapunta.gob.ar\/01\/wp-content\/uploads\/2025\/04\/1000256596-1024x683.jpg 1024w, https:\/\/ciudaddelapunta.gob.ar\/01\/wp-content\/uploads\/2025\/04\/1000256596-300x200.jpg 300w, https:\/\/ciudaddelapunta.gob.ar\/01\/wp-content\/uploads\/2025\/04\/1000256596-768x512.jpg 768w, https:\/\/ciudaddelapunta.gob.ar\/01\/wp-content\/uploads\/2025\/04\/1000256596-1536x1024.jpg 1536w, https:\/\/ciudaddelapunta.gob.ar\/01\/wp-content\/uploads\/2025\/04\/1000256596-2048x1365.jpg 2048w\" sizes=\"(max-width: 1024px) 100vw, 1024px\" \/><\/a><\/figure>\n\n\n\n<p>En una jornada que resalta el compromiso con la seguridad y el bienestar de sus ciudadanos, el intendente, Luciano Ayala, acompa\u00f1\u00f3 al gobernador Claudio Poggi, en la inauguraci\u00f3n de la puesta en valor de la Comisar\u00eda N.\u00b0 28, ubicada en la intersecci\u00f3n de la Avenida Serrana y la calle 5 sur.<\/p>\n\n\n\n<figure class=\"wp-block-image size-large\"><a href=\"https:\/\/ciudaddelapunta.gob.ar\/01\/wp-content\/uploads\/2025\/04\/1000256552-scaled.jpg\"><img decoding=\"async\" width=\"1024\" height=\"683\" src=\"https:\/\/ciudaddelapunta.gob.ar\/01\/wp-content\/uploads\/2025\/04\/1000256552-1024x683.jpg\" alt=\"\" class=\"wp-image-3531\" srcset=\"https:\/\/ciudaddelapunta.gob.ar\/01\/wp-content\/uploads\/2025\/04\/1000256552-1024x683.jpg 1024w, https:\/\/ciudaddelapunta.gob.ar\/01\/wp-content\/uploads\/2025\/04\/1000256552-300x200.jpg 300w, https:\/\/ciudaddelapunta.gob.ar\/01\/wp-content\/uploads\/2025\/04\/1000256552-768x512.jpg 768w, https:\/\/ciudaddelapunta.gob.ar\/01\/wp-content\/uploads\/2025\/04\/1000256552-1536x1024.jpg 1536w, https:\/\/ciudaddelapunta.gob.ar\/01\/wp-content\/uploads\/2025\/04\/1000256552-2048x1365.jpg 2048w\" sizes=\"(max-width: 1024px) 100vw, 1024px\" \/><\/a><\/figure>\n\n\n\n<p>La renovada Comisar\u00eda N.\u00b0 28 exhibe ahora una infraestructura funcional, destinada a optimizar las condiciones de trabajo del personal policial y, por ende, la calidad del servicio que se brinda a nuestros ciudadanos. Las obras de refacci\u00f3n abarcaron diversos aspectos del edificio, desde mejoras edilicias hasta la incorporaci\u00f3n de equipamiento que permitir\u00e1 una operatividad m\u00e1s eficiente.<\/p>\n\n\n\n<figure class=\"wp-block-image size-large\"><a href=\"https:\/\/ciudaddelapunta.gob.ar\/01\/wp-content\/uploads\/2025\/04\/1000256521-scaled.jpg\"><img decoding=\"async\" width=\"1024\" height=\"683\" src=\"https:\/\/ciudaddelapunta.gob.ar\/01\/wp-content\/uploads\/2025\/04\/1000256521-1024x683.jpg\" alt=\"\" class=\"wp-image-3532\" srcset=\"https:\/\/ciudaddelapunta.gob.ar\/01\/wp-content\/uploads\/2025\/04\/1000256521-1024x683.jpg 1024w, https:\/\/ciudaddelapunta.gob.ar\/01\/wp-content\/uploads\/2025\/04\/1000256521-300x200.jpg 300w, https:\/\/ciudaddelapunta.gob.ar\/01\/wp-content\/uploads\/2025\/04\/1000256521-768x512.jpg 768w, https:\/\/ciudaddelapunta.gob.ar\/01\/wp-content\/uploads\/2025\/04\/1000256521-1536x1024.jpg 1536w, https:\/\/ciudaddelapunta.gob.ar\/01\/wp-content\/uploads\/2025\/04\/1000256521-2048x1365.jpg 2048w\" sizes=\"(max-width: 1024px) 100vw, 1024px\" \/><\/a><\/figure>\n\n\n\n<p>Un momento significativo de la ceremonia fue la entrega de indumentaria al personal de Prevenci\u00f3n Ciudadana, lo que dotar\u00e1 a los agentes de las herramientas necesarias para llevar adelante su importante labor de vigilancia y asistencia en la comunidad. La jornada concluy\u00f3 con un sentimiento de optimismo y colaboraci\u00f3n, reafirmando la importancia del trabajo interinstitucional.<\/p>\n\n\n\n<figure class=\"wp-block-image size-large\"><a href=\"https:\/\/ciudaddelapunta.gob.ar\/01\/wp-content\/uploads\/2025\/04\/1000256544-scaled.jpg\"><img loading=\"lazy\" decoding=\"async\" width=\"1024\" height=\"683\" src=\"https:\/\/ciudaddelapunta.gob.ar\/01\/wp-content\/uploads\/2025\/04\/1000256544-1024x683.jpg\" alt=\"\" class=\"wp-image-3533\" srcset=\"https:\/\/ciudaddelapunta.gob.ar\/01\/wp-content\/uploads\/2025\/04\/1000256544-1024x683.jpg 1024w, https:\/\/ciudaddelapunta.gob.ar\/01\/wp-content\/uploads\/2025\/04\/1000256544-300x200.jpg 300w, https:\/\/ciudaddelapunta.gob.ar\/01\/wp-content\/uploads\/2025\/04\/1000256544-768x512.jpg 768w, https:\/\/ciudaddelapunta.gob.ar\/01\/wp-content\/uploads\/2025\/04\/1000256544-1536x1024.jpg 1536w, https:\/\/ciudaddelapunta.gob.ar\/01\/wp-content\/uploads\/2025\/04\/1000256544-2048x1365.jpg 2048w\" sizes=\"(max-width: 1024px) 100vw, 1024px\" \/><\/a><\/figure>\n","protected":false},"excerpt":{"rendered":"<p>El acto se erigi\u00f3 como un s\u00edmbolo m\u00e1s del firme apoyo que el gobierno provincial brinda al municipio de La Punta. En una jornada que resalta el compromiso con la &#8230;<\/p>\n","protected":false},"author":37,"featured_media":3531,"comment_status":"closed","ping_status":"","sticky":false,"template":"","format":"standard","meta":{"footnotes":""},"categories":[19],"tags":[22,31,800,54,205,30,23,73,801],"class_list":["post-3529","post","type-post","status-publish","format-standard","has-post-thumbnail","hentry","category-noticias","tag-avanza-la-punta","tag-claudio-poggi","tag-comisaria-28","tag-gobierno-de-san-luis","tag-inauguracion","tag-la-punta","tag-luciano-ayala","tag-municipalidad-de-la-punta","tag-puesta-en-valor"],"_links":{"self":[{"href":"https:\/\/ciudaddelapunta.gob.ar\/01\/wp-json\/wp\/v2\/posts\/3529","targetHints":{"allow":["GET"]}}],"collection":[{"href":"https:\/\/ciudaddelapunta.gob.ar\/01\/wp-json\/wp\/v2\/posts"}],"about":[{"href":"https:\/\/ciudaddelapunta.gob.ar\/01\/wp-json\/wp\/v2\/types\/post"}],"author":[{"embeddable":true,"href":"https:\/\/ciudaddelapunta.gob.ar\/01\/wp-json\/wp\/v2\/users\/37"}],"replies":[{"embeddable":true,"href":"https:\/\/ciudaddelapunta.gob.ar\/01\/wp-json\/wp\/v2\/comments?post=3529"}],"version-history":[{"count":1,"href":"https:\/\/ciudaddelapunta.gob.ar\/01\/wp-json\/wp\/v2\/posts\/3529\/revisions"}],"predecessor-version":[{"id":3534,"href":"https:\/\/ciudaddelapunta.gob.ar\/01\/wp-json\/wp\/v2\/posts\/3529\/revisions\/3534"}],"wp:featuredmedia":[{"embeddable":true,"href":"https:\/\/ciudaddelapunta.gob.ar\/01\/wp-json\/wp\/v2\/media\/3531"}],"wp:attachment":[{"href":"https:\/\/ciudaddelapunta.gob.ar\/01\/wp-json\/wp\/v2\/media?parent=3529"}],"wp:term":[{"taxonomy":"category","embeddable":true,"href":"https:\/\/ciudaddelapunta.gob.ar\/01\/wp-json\/wp\/v2\/categories?post=3529"},{"taxonomy":"post_tag","embeddable":true,"href":"https:\/\/ciudaddelapunta.gob.ar\/01\/wp-json\/wp\/v2\/tags?post=3529"}],"curies":[{"name":"wp","href":"https:\/\/api.w.org\/{rel}","templated":true}]}}