{"id":3357,"date":"2025-04-09T15:50:13","date_gmt":"2025-04-09T18:50:13","guid":{"rendered":"https:\/\/ciudaddelapunta.gob.ar\/01\/?p=3357"},"modified":"2025-04-09T15:50:13","modified_gmt":"2025-04-09T18:50:13","slug":"avanzamos-en-la-punta-progreso-y-colaboracion","status":"publish","type":"post","link":"https:\/\/ciudaddelapunta.gob.ar\/01\/avanzamos-en-la-punta-progreso-y-colaboracion\/","title":{"rendered":"AVANZAMOS EN LA PUNTA: PROGRESO Y COLABORACI\u00d3N"},"content":{"rendered":"\n<p><strong>El intendente Luciano Ayala habl\u00f3 con Radio Dimensi\u00f3n San Luis durante el recorrido del gobernador Claudio Poggi en nuestra ciudad.<\/strong><\/p>\n\n\n\n<figure class=\"wp-block-image size-large\"><a href=\"https:\/\/ciudaddelapunta.gob.ar\/01\/wp-content\/uploads\/2025\/04\/WhatsApp-Image-2025-04-09-at-14.06.32.jpeg\"><img fetchpriority=\"high\" decoding=\"async\" width=\"1024\" height=\"683\" src=\"https:\/\/ciudaddelapunta.gob.ar\/01\/wp-content\/uploads\/2025\/04\/WhatsApp-Image-2025-04-09-at-14.06.32-1024x683.jpeg\" alt=\"\" class=\"wp-image-3359\" srcset=\"https:\/\/ciudaddelapunta.gob.ar\/01\/wp-content\/uploads\/2025\/04\/WhatsApp-Image-2025-04-09-at-14.06.32-1024x683.jpeg 1024w, https:\/\/ciudaddelapunta.gob.ar\/01\/wp-content\/uploads\/2025\/04\/WhatsApp-Image-2025-04-09-at-14.06.32-300x200.jpeg 300w, https:\/\/ciudaddelapunta.gob.ar\/01\/wp-content\/uploads\/2025\/04\/WhatsApp-Image-2025-04-09-at-14.06.32-768x512.jpeg 768w, https:\/\/ciudaddelapunta.gob.ar\/01\/wp-content\/uploads\/2025\/04\/WhatsApp-Image-2025-04-09-at-14.06.32.jpeg 1500w\" sizes=\"(max-width: 1024px) 100vw, 1024px\" \/><\/a><\/figure>\n\n\n\n<p>Desde la Municipalidad destacamos las declaraciones de nuestro intendente Luciano Ayala en una entrevista con Radio Dimensi\u00f3n San Luis, durante el recorrido del gobernador Claudio Poggi en la ciudad de La Punta. El mandatario local resalt\u00f3: \u201cEstamos viendo un cambio significativo en nuestra ciudad\u201d. Tambi\u00e9n hizo hincapi\u00e9 en los avances y proyectos que se est\u00e1n llevando a cabo.<\/p>\n\n\n\n<p>El jefe comunal enfatiz\u00f3 la colaboraci\u00f3n entre el gobierno provincial y el sector privado para impulsar el progreso y la inversi\u00f3n en La Punta. \u201cEl Estado no lo puede todo\u201d, afirm\u00f3, destacando la necesidad de trabajar juntos para fortalecer nuestra oferta tur\u00edstica y deportiva. \u201cEstamos comprometidos con el desarrollo de nuestra ciudad y creemos que esta colaboraci\u00f3n es fundamental para lograr nuestros objetivos\u201d, resalt\u00f3.<\/p>\n\n\n\n<p>Por otro lado, Ayala destac\u00f3 el crecimiento de La Punta en instituciones deportivas, gracias a la gesti\u00f3n de dirigentes como Carlos Flores, presidente del Club B\u00fafalo. El mandatario local acentu\u00f3 que \u201cel dirigente pasa, la instituci\u00f3n queda\u201d, subrayando la importancia de la planificaci\u00f3n a largo plazo para el desarrollo de nuestra ciudad. \u201cEstamos orgullosos de ver c\u00f3mo nuestras instituciones deportivas est\u00e1n creciendo y prosperando\u201d, asegur\u00f3. En cuanto a la infraestructura, mencion\u00f3 el Estadio Provincial, el Centro de Convenciones, la R\u00e9plica del Cabildo Hist\u00f3rico y otros lugares emblem\u00e1ticos de La Punta. Adem\u00e1s, recalc\u00f3 la importancia de coordinar acciones con la provincia para aprovechar al m\u00e1ximo la infraestructura existente y promover el turismo en nuestra regi\u00f3n. \u201cEstamos trabajando para que nuestra ciudad sea un destino tur\u00edstico atractivo y pr\u00f3spero\u201d, dijo.<\/p>\n\n\n\n<p>Finalmente, el intendente hizo \u00e9nfasis en el uso efectivo de la infraestructura en La Punta, citando el ejemplo del Centro de Convenciones, que ha albergado diversas actividades, incluyendo un Congreso Internacional de Ciencias Forenses. \u201cSe est\u00e1n utilizando\u201d, declar\u00f3, preponderando el impacto positivo en el crecimiento y desarrollo de nuestra ciudad. \u201cEstamos comprometidos con el uso eficiente y efectivo de nuestros recursos\u201d, concluy\u00f3.<\/p>\n","protected":false},"excerpt":{"rendered":"<p>El intendente Luciano Ayala habl\u00f3 con Radio Dimensi\u00f3n San Luis durante el recorrido del gobernador Claudio Poggi en nuestra ciudad. Desde la Municipalidad destacamos las declaraciones de nuestro intendente Luciano &#8230;<\/p>\n","protected":false},"author":38,"featured_media":3358,"comment_status":"closed","ping_status":"","sticky":false,"template":"","format":"standard","meta":{"footnotes":""},"categories":[19],"tags":[],"class_list":["post-3357","post","type-post","status-publish","format-standard","has-post-thumbnail","hentry","category-noticias"],"_links":{"self":[{"href":"https:\/\/ciudaddelapunta.gob.ar\/01\/wp-json\/wp\/v2\/posts\/3357","targetHints":{"allow":["GET"]}}],"collection":[{"href":"https:\/\/ciudaddelapunta.gob.ar\/01\/wp-json\/wp\/v2\/posts"}],"about":[{"href":"https:\/\/ciudaddelapunta.gob.ar\/01\/wp-json\/wp\/v2\/types\/post"}],"author":[{"embeddable":true,"href":"https:\/\/ciudaddelapunta.gob.ar\/01\/wp-json\/wp\/v2\/users\/38"}],"replies":[{"embeddable":true,"href":"https:\/\/ciudaddelapunta.gob.ar\/01\/wp-json\/wp\/v2\/comments?post=3357"}],"version-history":[{"count":1,"href":"https:\/\/ciudaddelapunta.gob.ar\/01\/wp-json\/wp\/v2\/posts\/3357\/revisions"}],"predecessor-version":[{"id":3360,"href":"https:\/\/ciudaddelapunta.gob.ar\/01\/wp-json\/wp\/v2\/posts\/3357\/revisions\/3360"}],"wp:featuredmedia":[{"embeddable":true,"href":"https:\/\/ciudaddelapunta.gob.ar\/01\/wp-json\/wp\/v2\/media\/3358"}],"wp:attachment":[{"href":"https:\/\/ciudaddelapunta.gob.ar\/01\/wp-json\/wp\/v2\/media?parent=3357"}],"wp:term":[{"taxonomy":"category","embeddable":true,"href":"https:\/\/ciudaddelapunta.gob.ar\/01\/wp-json\/wp\/v2\/categories?post=3357"},{"taxonomy":"post_tag","embeddable":true,"href":"https:\/\/ciudaddelapunta.gob.ar\/01\/wp-json\/wp\/v2\/tags?post=3357"}],"curies":[{"name":"wp","href":"https:\/\/api.w.org\/{rel}","templated":true}]}}