{"id":3344,"date":"2025-04-08T22:07:14","date_gmt":"2025-04-09T01:07:14","guid":{"rendered":"https:\/\/ciudaddelapunta.gob.ar\/01\/?p=3344"},"modified":"2025-04-08T22:07:50","modified_gmt":"2025-04-09T01:07:50","slug":"el-gobernador-impulsa-el-futuro-turistico-de-la-punta-con-su-visita-al-lote-del-proyecto-takua-hotel-serrano","status":"publish","type":"post","link":"https:\/\/ciudaddelapunta.gob.ar\/01\/el-gobernador-impulsa-el-futuro-turistico-de-la-punta-con-su-visita-al-lote-del-proyecto-takua-hotel-serrano\/","title":{"rendered":"EL GOBERNADOR IMPULSA EL FUTURO TUR\u00cdSTICO DE LA PUNTA CON SU VISITA AL LOTE DEL PROYECTO &#8220;TAKU\u00c1, HOTEL SERRANO&#8221;"},"content":{"rendered":"\n<p><strong>Con una superficie cubierta planificada de 1147,53 m\u00b2 y 28 habitaciones con ba\u00f1o privado, este nuevo hotel busca atraer visitantes y dinamizar la econom\u00eda de La Punta.<\/strong><\/p>\n\n\n\n<figure class=\"wp-block-image size-large\"><a href=\"https:\/\/ciudaddelapunta.gob.ar\/01\/wp-content\/uploads\/2025\/04\/1000212941-1-scaled.jpg\"><img fetchpriority=\"high\" decoding=\"async\" width=\"1024\" height=\"683\" src=\"https:\/\/ciudaddelapunta.gob.ar\/01\/wp-content\/uploads\/2025\/04\/1000212941-1-1024x683.jpg\" alt=\"\" class=\"wp-image-3347\" srcset=\"https:\/\/ciudaddelapunta.gob.ar\/01\/wp-content\/uploads\/2025\/04\/1000212941-1-1024x683.jpg 1024w, https:\/\/ciudaddelapunta.gob.ar\/01\/wp-content\/uploads\/2025\/04\/1000212941-1-300x200.jpg 300w, https:\/\/ciudaddelapunta.gob.ar\/01\/wp-content\/uploads\/2025\/04\/1000212941-1-768x512.jpg 768w, https:\/\/ciudaddelapunta.gob.ar\/01\/wp-content\/uploads\/2025\/04\/1000212941-1-1536x1024.jpg 1536w, https:\/\/ciudaddelapunta.gob.ar\/01\/wp-content\/uploads\/2025\/04\/1000212941-1-2048x1365.jpg 2048w\" sizes=\"(max-width: 1024px) 100vw, 1024px\" \/><\/a><\/figure>\n\n\n\n<p>En una clara apuesta por el futuro tur\u00edstico y el desarrollo econ\u00f3mico de La Punta, el gobernador Claudio Poggi, junto a nuestro intendente Luciano Ayala, recorrieron el lote donde se levantar\u00e1 el proyecto &#8220;Taku\u00e1, Hotel Serrano&#8221;, estrat\u00e9gicamente ubicado al norte del barrio 100 Viviendas. Esta visita subraya el enfoque del gobierno provincial de potenciar el atractivo de nuestra ciudad y generar nuevas oportunidades para nuestros vecinos.<\/p>\n\n\n\n<figure class=\"wp-block-image size-large\"><a href=\"https:\/\/ciudaddelapunta.gob.ar\/01\/wp-content\/uploads\/2025\/04\/1000212945-scaled.jpg\"><img decoding=\"async\" width=\"1024\" height=\"683\" src=\"https:\/\/ciudaddelapunta.gob.ar\/01\/wp-content\/uploads\/2025\/04\/1000212945-1024x683.jpg\" alt=\"\" class=\"wp-image-3349\" srcset=\"https:\/\/ciudaddelapunta.gob.ar\/01\/wp-content\/uploads\/2025\/04\/1000212945-1024x683.jpg 1024w, https:\/\/ciudaddelapunta.gob.ar\/01\/wp-content\/uploads\/2025\/04\/1000212945-300x200.jpg 300w, https:\/\/ciudaddelapunta.gob.ar\/01\/wp-content\/uploads\/2025\/04\/1000212945-768x512.jpg 768w, https:\/\/ciudaddelapunta.gob.ar\/01\/wp-content\/uploads\/2025\/04\/1000212945-1536x1024.jpg 1536w, https:\/\/ciudaddelapunta.gob.ar\/01\/wp-content\/uploads\/2025\/04\/1000212945-2048x1365.jpg 2048w\" sizes=\"(max-width: 1024px) 100vw, 1024px\" \/><\/a><\/figure>\n\n\n\n<p>El futuro &#8220;Taku\u00e1, Hotel Serrano&#8221;, con su ubicaci\u00f3n privilegiada y vistas a las sierras, se proyecta como un motor para el crecimiento del turismo local. Con una superficie cubierta planificada de 1147,53 m\u00b2 y 28 habitaciones con ba\u00f1o privado, este nuevo hotel busca atraer visitantes y dinamizar la econom\u00eda de La Punta.<\/p>\n\n\n\n<figure class=\"wp-block-image size-large\"><a href=\"https:\/\/ciudaddelapunta.gob.ar\/01\/wp-content\/uploads\/2025\/04\/1000212973-scaled.jpg\"><img decoding=\"async\" width=\"1024\" height=\"683\" src=\"https:\/\/ciudaddelapunta.gob.ar\/01\/wp-content\/uploads\/2025\/04\/1000212973-1024x683.jpg\" alt=\"\" class=\"wp-image-3350\" srcset=\"https:\/\/ciudaddelapunta.gob.ar\/01\/wp-content\/uploads\/2025\/04\/1000212973-1024x683.jpg 1024w, https:\/\/ciudaddelapunta.gob.ar\/01\/wp-content\/uploads\/2025\/04\/1000212973-300x200.jpg 300w, https:\/\/ciudaddelapunta.gob.ar\/01\/wp-content\/uploads\/2025\/04\/1000212973-768x512.jpg 768w, https:\/\/ciudaddelapunta.gob.ar\/01\/wp-content\/uploads\/2025\/04\/1000212973-1536x1024.jpg 1536w, https:\/\/ciudaddelapunta.gob.ar\/01\/wp-content\/uploads\/2025\/04\/1000212973-2048x1365.jpg 2048w\" sizes=\"(max-width: 1024px) 100vw, 1024px\" \/><\/a><\/figure>\n\n\n\n<p>M\u00e1s all\u00e1 de su potencial tur\u00edstico, este emprendimiento representa una importante fuente de futuras oportunidades de trabajo para nuestra comunidad. Durante su construcci\u00f3n y posterior operaci\u00f3n, &#8220;Taku\u00e1, Hotel Serrano&#8221; demandar\u00e1 personal en diversas \u00e1reas, desde la construcci\u00f3n y el mantenimiento hasta la recepci\u00f3n, la gastronom\u00eda y los servicios de hoteler\u00eda.<\/p>\n\n\n\n<figure class=\"wp-block-image size-large\"><a href=\"https:\/\/ciudaddelapunta.gob.ar\/01\/wp-content\/uploads\/2025\/04\/1000212957-scaled.jpg\"><img loading=\"lazy\" decoding=\"async\" width=\"1024\" height=\"683\" src=\"https:\/\/ciudaddelapunta.gob.ar\/01\/wp-content\/uploads\/2025\/04\/1000212957-1024x683.jpg\" alt=\"\" class=\"wp-image-3351\" srcset=\"https:\/\/ciudaddelapunta.gob.ar\/01\/wp-content\/uploads\/2025\/04\/1000212957-1024x683.jpg 1024w, https:\/\/ciudaddelapunta.gob.ar\/01\/wp-content\/uploads\/2025\/04\/1000212957-300x200.jpg 300w, https:\/\/ciudaddelapunta.gob.ar\/01\/wp-content\/uploads\/2025\/04\/1000212957-768x512.jpg 768w, https:\/\/ciudaddelapunta.gob.ar\/01\/wp-content\/uploads\/2025\/04\/1000212957-1536x1024.jpg 1536w, https:\/\/ciudaddelapunta.gob.ar\/01\/wp-content\/uploads\/2025\/04\/1000212957-2048x1365.jpg 2048w\" sizes=\"(max-width: 1024px) 100vw, 1024px\" \/><\/a><\/figure>\n\n\n\n<p>La visita del Gobernador al lote es una se\u00f1al del apoyo provincial a iniciativas que no solo enriquecen la oferta tur\u00edstica de La Punta, sino que tambi\u00e9n tienen un impacto directo en la generaci\u00f3n de empleo y el fortalecimiento del tejido productivo local. El desarrollo de un hotel de estas caracter\u00edsticas contribuir\u00e1 al posicionamiento de nuestra ciudad como polo tur\u00edstico del gran San Luis, uno de los objetivos de nuestra gesti\u00f3n, fortaleciendo el comercio local y fomentando el turismo religioso e hist\u00f3rico.<\/p>\n\n\n\n<p><\/p>\n","protected":false},"excerpt":{"rendered":"<p>Con una superficie cubierta planificada de 1147,53 m\u00b2 y 28 habitaciones con ba\u00f1o privado, este nuevo hotel busca atraer visitantes y dinamizar la econom\u00eda de La Punta. En una clara &#8230;<\/p>\n","protected":false},"author":37,"featured_media":3350,"comment_status":"closed","ping_status":"","sticky":false,"template":"","format":"standard","meta":{"footnotes":""},"categories":[19],"tags":[22,31,54,739,741,30,23,73,738,740],"class_list":["post-3344","post","type-post","status-publish","format-standard","has-post-thumbnail","hentry","category-noticias","tag-avanza-la-punta","tag-claudio-poggi","tag-gobierno-de-san-luis","tag-hotel","tag-hotel-serrano","tag-la-punta","tag-luciano-ayala","tag-municipalidad-de-la-punta","tag-recorrido","tag-takua"],"_links":{"self":[{"href":"https:\/\/ciudaddelapunta.gob.ar\/01\/wp-json\/wp\/v2\/posts\/3344","targetHints":{"allow":["GET"]}}],"collection":[{"href":"https:\/\/ciudaddelapunta.gob.ar\/01\/wp-json\/wp\/v2\/posts"}],"about":[{"href":"https:\/\/ciudaddelapunta.gob.ar\/01\/wp-json\/wp\/v2\/types\/post"}],"author":[{"embeddable":true,"href":"https:\/\/ciudaddelapunta.gob.ar\/01\/wp-json\/wp\/v2\/users\/37"}],"replies":[{"embeddable":true,"href":"https:\/\/ciudaddelapunta.gob.ar\/01\/wp-json\/wp\/v2\/comments?post=3344"}],"version-history":[{"count":2,"href":"https:\/\/ciudaddelapunta.gob.ar\/01\/wp-json\/wp\/v2\/posts\/3344\/revisions"}],"predecessor-version":[{"id":3353,"href":"https:\/\/ciudaddelapunta.gob.ar\/01\/wp-json\/wp\/v2\/posts\/3344\/revisions\/3353"}],"wp:featuredmedia":[{"embeddable":true,"href":"https:\/\/ciudaddelapunta.gob.ar\/01\/wp-json\/wp\/v2\/media\/3350"}],"wp:attachment":[{"href":"https:\/\/ciudaddelapunta.gob.ar\/01\/wp-json\/wp\/v2\/media?parent=3344"}],"wp:term":[{"taxonomy":"category","embeddable":true,"href":"https:\/\/ciudaddelapunta.gob.ar\/01\/wp-json\/wp\/v2\/categories?post=3344"},{"taxonomy":"post_tag","embeddable":true,"href":"https:\/\/ciudaddelapunta.gob.ar\/01\/wp-json\/wp\/v2\/tags?post=3344"}],"curies":[{"name":"wp","href":"https:\/\/api.w.org\/{rel}","templated":true}]}}