{"id":3335,"date":"2025-04-08T21:33:27","date_gmt":"2025-04-09T00:33:27","guid":{"rendered":"https:\/\/ciudaddelapunta.gob.ar\/01\/?p=3335"},"modified":"2025-04-08T21:33:27","modified_gmt":"2025-04-09T00:33:27","slug":"la-punta-celebra-la-inauguracion-de-las-canchas-del-club-atletico-el-bufalo-con-la-visita-del-gobernador","status":"publish","type":"post","link":"https:\/\/ciudaddelapunta.gob.ar\/01\/la-punta-celebra-la-inauguracion-de-las-canchas-del-club-atletico-el-bufalo-con-la-visita-del-gobernador\/","title":{"rendered":"LA PUNTA CELEBRA LA INAUGURACI\u00d3N DE LAS CANCHAS DEL CLUB ATL\u00c9TICO EL B\u00daFALO CON LA VISITA DEL GOBERNADOR"},"content":{"rendered":"\n<p><strong>Estas mejoras fueron posibles gracias al exitoso cumplimiento por parte del Club El B\u00fafalo en el Programa de Fortalecimiento Institucional, impulsado por el gobierno provincial y nuestra colaboraci\u00f3n municipal.<\/strong><\/p>\n\n\n\n<figure class=\"wp-block-image size-large\"><a href=\"https:\/\/ciudaddelapunta.gob.ar\/01\/wp-content\/uploads\/2025\/04\/1000212830-2-scaled.jpg\"><img fetchpriority=\"high\" decoding=\"async\" width=\"1024\" height=\"683\" src=\"https:\/\/ciudaddelapunta.gob.ar\/01\/wp-content\/uploads\/2025\/04\/1000212830-2-1024x683.jpg\" alt=\"\" class=\"wp-image-3339\" srcset=\"https:\/\/ciudaddelapunta.gob.ar\/01\/wp-content\/uploads\/2025\/04\/1000212830-2-1024x683.jpg 1024w, https:\/\/ciudaddelapunta.gob.ar\/01\/wp-content\/uploads\/2025\/04\/1000212830-2-300x200.jpg 300w, https:\/\/ciudaddelapunta.gob.ar\/01\/wp-content\/uploads\/2025\/04\/1000212830-2-768x512.jpg 768w, https:\/\/ciudaddelapunta.gob.ar\/01\/wp-content\/uploads\/2025\/04\/1000212830-2-1536x1024.jpg 1536w, https:\/\/ciudaddelapunta.gob.ar\/01\/wp-content\/uploads\/2025\/04\/1000212830-2-2048x1365.jpg 2048w\" sizes=\"(max-width: 1024px) 100vw, 1024px\" \/><\/a><\/figure>\n\n\n\n<p>Vivimos con gran celebraci\u00f3n la visita del gobernador de la provincia, Claudio Javier Poggi, al Club Atl\u00e9tico El B\u00fafalo. Un acto que cont\u00f3 con la presencia de nuestro intendente, Luciano Ayala, destacados funcionarios provinciales y municipales, y autoridades legislativas, quedando as\u00ed inauguradas oficialmente las canchas del club, marcando un gran inicio en su desarrollo.<\/p>\n\n\n\n<figure class=\"wp-block-image size-large\"><a href=\"https:\/\/ciudaddelapunta.gob.ar\/01\/wp-content\/uploads\/2025\/04\/1000212900-1-scaled.jpg\"><img decoding=\"async\" width=\"1024\" height=\"683\" src=\"https:\/\/ciudaddelapunta.gob.ar\/01\/wp-content\/uploads\/2025\/04\/1000212900-1-1024x683.jpg\" alt=\"\" class=\"wp-image-3340\" srcset=\"https:\/\/ciudaddelapunta.gob.ar\/01\/wp-content\/uploads\/2025\/04\/1000212900-1-1024x683.jpg 1024w, https:\/\/ciudaddelapunta.gob.ar\/01\/wp-content\/uploads\/2025\/04\/1000212900-1-300x200.jpg 300w, https:\/\/ciudaddelapunta.gob.ar\/01\/wp-content\/uploads\/2025\/04\/1000212900-1-768x512.jpg 768w, https:\/\/ciudaddelapunta.gob.ar\/01\/wp-content\/uploads\/2025\/04\/1000212900-1-1536x1024.jpg 1536w, https:\/\/ciudaddelapunta.gob.ar\/01\/wp-content\/uploads\/2025\/04\/1000212900-1-2048x1365.jpg 2048w\" sizes=\"(max-width: 1024px) 100vw, 1024px\" \/><\/a><\/figure>\n\n\n\n<p>La inauguraci\u00f3n de la nueva cancha de f\u00fatbol 11 marca la culminaci\u00f3n de un proceso que incluy\u00f3 etapas fundamentales como la limpieza y nivelaci\u00f3n del terreno, cerramiento perimetral, combinando una estructura de block en la base con el alambrado ol\u00edmpico para mayor seguridad. Finalmente, se instal\u00f3 la iluminaci\u00f3n, permitiendo as\u00ed la pr\u00e1ctica deportiva en diversos horarios.<\/p>\n\n\n\n<figure class=\"wp-block-image size-large\"><a href=\"https:\/\/ciudaddelapunta.gob.ar\/01\/wp-content\/uploads\/2025\/04\/1000212876-scaled.jpg\"><img decoding=\"async\" width=\"1024\" height=\"683\" src=\"https:\/\/ciudaddelapunta.gob.ar\/01\/wp-content\/uploads\/2025\/04\/1000212876-1024x683.jpg\" alt=\"\" class=\"wp-image-3341\" srcset=\"https:\/\/ciudaddelapunta.gob.ar\/01\/wp-content\/uploads\/2025\/04\/1000212876-1024x683.jpg 1024w, https:\/\/ciudaddelapunta.gob.ar\/01\/wp-content\/uploads\/2025\/04\/1000212876-300x200.jpg 300w, https:\/\/ciudaddelapunta.gob.ar\/01\/wp-content\/uploads\/2025\/04\/1000212876-768x512.jpg 768w, https:\/\/ciudaddelapunta.gob.ar\/01\/wp-content\/uploads\/2025\/04\/1000212876-1536x1024.jpg 1536w, https:\/\/ciudaddelapunta.gob.ar\/01\/wp-content\/uploads\/2025\/04\/1000212876-2048x1365.jpg 2048w\" sizes=\"(max-width: 1024px) 100vw, 1024px\" \/><\/a><\/figure>\n\n\n\n<p>Estas mejoras fueron posibles gracias al exitoso cumplimiento por parte del Club El B\u00fafalo en el Programa de Fortalecimiento Institucional impulsado por el gobierno provincial y nuestra colaboraci\u00f3n municipal, consolidando el compromiso compartido por impulsar a las instituciones deportivas locales.<\/p>\n\n\n\n<figure class=\"wp-block-image size-large\"><a href=\"https:\/\/ciudaddelapunta.gob.ar\/01\/wp-content\/uploads\/2025\/04\/1000212813-scaled.jpg\"><img loading=\"lazy\" decoding=\"async\" width=\"1024\" height=\"683\" src=\"https:\/\/ciudaddelapunta.gob.ar\/01\/wp-content\/uploads\/2025\/04\/1000212813-1024x683.jpg\" alt=\"\" class=\"wp-image-3342\" srcset=\"https:\/\/ciudaddelapunta.gob.ar\/01\/wp-content\/uploads\/2025\/04\/1000212813-1024x683.jpg 1024w, https:\/\/ciudaddelapunta.gob.ar\/01\/wp-content\/uploads\/2025\/04\/1000212813-300x200.jpg 300w, https:\/\/ciudaddelapunta.gob.ar\/01\/wp-content\/uploads\/2025\/04\/1000212813-768x512.jpg 768w, https:\/\/ciudaddelapunta.gob.ar\/01\/wp-content\/uploads\/2025\/04\/1000212813-1536x1024.jpg 1536w, https:\/\/ciudaddelapunta.gob.ar\/01\/wp-content\/uploads\/2025\/04\/1000212813-2048x1365.jpg 2048w\" sizes=\"(max-width: 1024px) 100vw, 1024px\" \/><\/a><\/figure>\n\n\n\n<p>De esta manera, desde la Municipalidad de La Punta reafirmamos nuestro compromiso de apoyar y acompa\u00f1ar continuamente a las instituciones locales, trabajando de la mano con el gobierno provincial para fortalecer el tejido social y deportivo de nuestra ciudad.<\/p>\n","protected":false},"excerpt":{"rendered":"<p>Estas mejoras fueron posibles gracias al exitoso cumplimiento por parte del Club El B\u00fafalo en el Programa de Fortalecimiento Institucional, impulsado por el gobierno provincial y nuestra colaboraci\u00f3n municipal. Vivimos &#8230;<\/p>\n","protected":false},"author":37,"featured_media":3339,"comment_status":"closed","ping_status":"","sticky":false,"template":"","format":"standard","meta":{"footnotes":""},"categories":[19],"tags":[22,31,737,54,30,23,73,738],"class_list":["post-3335","post","type-post","status-publish","format-standard","has-post-thumbnail","hentry","category-noticias","tag-avanza-la-punta","tag-claudio-poggi","tag-club-bufalo","tag-gobierno-de-san-luis","tag-la-punta","tag-luciano-ayala","tag-municipalidad-de-la-punta","tag-recorrido"],"_links":{"self":[{"href":"https:\/\/ciudaddelapunta.gob.ar\/01\/wp-json\/wp\/v2\/posts\/3335","targetHints":{"allow":["GET"]}}],"collection":[{"href":"https:\/\/ciudaddelapunta.gob.ar\/01\/wp-json\/wp\/v2\/posts"}],"about":[{"href":"https:\/\/ciudaddelapunta.gob.ar\/01\/wp-json\/wp\/v2\/types\/post"}],"author":[{"embeddable":true,"href":"https:\/\/ciudaddelapunta.gob.ar\/01\/wp-json\/wp\/v2\/users\/37"}],"replies":[{"embeddable":true,"href":"https:\/\/ciudaddelapunta.gob.ar\/01\/wp-json\/wp\/v2\/comments?post=3335"}],"version-history":[{"count":1,"href":"https:\/\/ciudaddelapunta.gob.ar\/01\/wp-json\/wp\/v2\/posts\/3335\/revisions"}],"predecessor-version":[{"id":3343,"href":"https:\/\/ciudaddelapunta.gob.ar\/01\/wp-json\/wp\/v2\/posts\/3335\/revisions\/3343"}],"wp:featuredmedia":[{"embeddable":true,"href":"https:\/\/ciudaddelapunta.gob.ar\/01\/wp-json\/wp\/v2\/media\/3339"}],"wp:attachment":[{"href":"https:\/\/ciudaddelapunta.gob.ar\/01\/wp-json\/wp\/v2\/media?parent=3335"}],"wp:term":[{"taxonomy":"category","embeddable":true,"href":"https:\/\/ciudaddelapunta.gob.ar\/01\/wp-json\/wp\/v2\/categories?post=3335"},{"taxonomy":"post_tag","embeddable":true,"href":"https:\/\/ciudaddelapunta.gob.ar\/01\/wp-json\/wp\/v2\/tags?post=3335"}],"curies":[{"name":"wp","href":"https:\/\/api.w.org\/{rel}","templated":true}]}}