{"id":3224,"date":"2025-03-27T14:23:53","date_gmt":"2025-03-27T17:23:53","guid":{"rendered":"https:\/\/ciudaddelapunta.gob.ar\/01\/?p=3224"},"modified":"2025-03-27T15:43:51","modified_gmt":"2025-03-27T18:43:51","slug":"en-la-municipalidad-fortalecemos-las-buenas-practicas-en-salud-y-nutricion","status":"publish","type":"post","link":"https:\/\/ciudaddelapunta.gob.ar\/01\/en-la-municipalidad-fortalecemos-las-buenas-practicas-en-salud-y-nutricion\/","title":{"rendered":"EN LA MUNICIPALIDAD FORTALECEMOS LAS BUENAS PR\u00c1CTICAS EN SALUD Y NUTRICI\u00d3N"},"content":{"rendered":"\n<p><strong>La salud y el bienestar de nuestros vecinos son una prioridad<\/strong>.<\/p>\n\n\n\n<figure class=\"wp-block-image size-large\"><a href=\"https:\/\/ciudaddelapunta.gob.ar\/01\/wp-content\/uploads\/2025\/03\/Imagen-de-WhatsApp-2025-03-27-a-las-13.44.33_48e3d8bd.jpg\"><img fetchpriority=\"high\" decoding=\"async\" width=\"1024\" height=\"682\" src=\"https:\/\/ciudaddelapunta.gob.ar\/01\/wp-content\/uploads\/2025\/03\/Imagen-de-WhatsApp-2025-03-27-a-las-13.44.33_48e3d8bd-1024x682.jpg\" alt=\"\" class=\"wp-image-3225\" srcset=\"https:\/\/ciudaddelapunta.gob.ar\/01\/wp-content\/uploads\/2025\/03\/Imagen-de-WhatsApp-2025-03-27-a-las-13.44.33_48e3d8bd-1024x682.jpg 1024w, https:\/\/ciudaddelapunta.gob.ar\/01\/wp-content\/uploads\/2025\/03\/Imagen-de-WhatsApp-2025-03-27-a-las-13.44.33_48e3d8bd-300x200.jpg 300w, https:\/\/ciudaddelapunta.gob.ar\/01\/wp-content\/uploads\/2025\/03\/Imagen-de-WhatsApp-2025-03-27-a-las-13.44.33_48e3d8bd-768x512.jpg 768w, https:\/\/ciudaddelapunta.gob.ar\/01\/wp-content\/uploads\/2025\/03\/Imagen-de-WhatsApp-2025-03-27-a-las-13.44.33_48e3d8bd-1536x1024.jpg 1536w, https:\/\/ciudaddelapunta.gob.ar\/01\/wp-content\/uploads\/2025\/03\/Imagen-de-WhatsApp-2025-03-27-a-las-13.44.33_48e3d8bd-2048x1365.jpg 2048w\" sizes=\"(max-width: 1024px) 100vw, 1024px\" \/><\/a><\/figure>\n\n\n\n<p>Reafirmamos nuestro compromiso con la salud y el bienestar de nuestra comunidad. Somos conscientes de la importancia de la higiene y la salubridad en la manipulaci\u00f3n de alimentos, es por ello que, en la Sala de Reuniones del edificio administrativo municipal, la t\u00e9cnica Romina Espinoza y la licenciada en Nutrici\u00f3n, Agostina Orozco, compartieron sus conocimientos sobre \u201cBuenas Pr\u00e1cticas de Manufactura\u201d.<\/p>\n\n\n\n<figure class=\"wp-block-image size-large\"><a href=\"https:\/\/ciudaddelapunta.gob.ar\/01\/wp-content\/uploads\/2025\/03\/Imagen-de-WhatsApp-2025-03-27-a-las-13.44.35_b52eaf03.jpg\"><img decoding=\"async\" width=\"1024\" height=\"682\" src=\"https:\/\/ciudaddelapunta.gob.ar\/01\/wp-content\/uploads\/2025\/03\/Imagen-de-WhatsApp-2025-03-27-a-las-13.44.35_b52eaf03-1024x682.jpg\" alt=\"\" class=\"wp-image-3226\" srcset=\"https:\/\/ciudaddelapunta.gob.ar\/01\/wp-content\/uploads\/2025\/03\/Imagen-de-WhatsApp-2025-03-27-a-las-13.44.35_b52eaf03-1024x682.jpg 1024w, https:\/\/ciudaddelapunta.gob.ar\/01\/wp-content\/uploads\/2025\/03\/Imagen-de-WhatsApp-2025-03-27-a-las-13.44.35_b52eaf03-300x200.jpg 300w, https:\/\/ciudaddelapunta.gob.ar\/01\/wp-content\/uploads\/2025\/03\/Imagen-de-WhatsApp-2025-03-27-a-las-13.44.35_b52eaf03-768x512.jpg 768w, https:\/\/ciudaddelapunta.gob.ar\/01\/wp-content\/uploads\/2025\/03\/Imagen-de-WhatsApp-2025-03-27-a-las-13.44.35_b52eaf03-1536x1024.jpg 1536w, https:\/\/ciudaddelapunta.gob.ar\/01\/wp-content\/uploads\/2025\/03\/Imagen-de-WhatsApp-2025-03-27-a-las-13.44.35_b52eaf03-2048x1365.jpg 2048w\" sizes=\"(max-width: 1024px) 100vw, 1024px\" \/><\/a><\/figure>\n\n\n\n<p>Tambi\u00e9n estuvieron presentes el intendente Luciano Ayala y representantes de la secretaria de Desarrollo Social, Marina Lucero y Yanina Martinez.<\/p>\n\n\n\n<figure class=\"wp-block-image size-large\"><a href=\"https:\/\/ciudaddelapunta.gob.ar\/01\/wp-content\/uploads\/2025\/03\/Imagen-de-WhatsApp-2025-03-27-a-las-13.44.19_c8173cff.jpg\"><img decoding=\"async\" width=\"1024\" height=\"682\" src=\"https:\/\/ciudaddelapunta.gob.ar\/01\/wp-content\/uploads\/2025\/03\/Imagen-de-WhatsApp-2025-03-27-a-las-13.44.19_c8173cff-1024x682.jpg\" alt=\"\" class=\"wp-image-3227\" srcset=\"https:\/\/ciudaddelapunta.gob.ar\/01\/wp-content\/uploads\/2025\/03\/Imagen-de-WhatsApp-2025-03-27-a-las-13.44.19_c8173cff-1024x682.jpg 1024w, https:\/\/ciudaddelapunta.gob.ar\/01\/wp-content\/uploads\/2025\/03\/Imagen-de-WhatsApp-2025-03-27-a-las-13.44.19_c8173cff-300x200.jpg 300w, https:\/\/ciudaddelapunta.gob.ar\/01\/wp-content\/uploads\/2025\/03\/Imagen-de-WhatsApp-2025-03-27-a-las-13.44.19_c8173cff-768x512.jpg 768w, https:\/\/ciudaddelapunta.gob.ar\/01\/wp-content\/uploads\/2025\/03\/Imagen-de-WhatsApp-2025-03-27-a-las-13.44.19_c8173cff-1536x1024.jpg 1536w, https:\/\/ciudaddelapunta.gob.ar\/01\/wp-content\/uploads\/2025\/03\/Imagen-de-WhatsApp-2025-03-27-a-las-13.44.19_c8173cff-2048x1365.jpg 2048w\" sizes=\"(max-width: 1024px) 100vw, 1024px\" \/><\/a><\/figure>\n\n\n\n<p>La charla estuvo dirigida a los trabajadores que, d\u00eda a d\u00eda, tienen el compromiso de llevar adelante la tarea de manipular alimento en el Comedor Municipal.<\/p>\n\n\n\n<p>Creemos que la salud y el bienestar de nuestros vecinos son una prioridad, por eso reafirmamos estos conocimientos para maximizar cuidados y llevar calidad a la&nbsp;mesa&nbsp;familiar.<\/p>\n","protected":false},"excerpt":{"rendered":"<p>La salud y el bienestar de nuestros vecinos son una prioridad. Reafirmamos nuestro compromiso con la salud y el bienestar de nuestra comunidad. Somos conscientes de la importancia de la &#8230;<\/p>\n","protected":false},"author":37,"featured_media":3227,"comment_status":"closed","ping_status":"","sticky":false,"template":"","format":"standard","meta":{"footnotes":""},"categories":[19],"tags":[701,22,703,182,142,30,23,73,702],"class_list":["post-3224","post","type-post","status-publish","format-standard","has-post-thumbnail","hentry","category-noticias","tag-alimentos","tag-avanza-la-punta","tag-buenas-practicas-de-manufactura","tag-comedor-municipal","tag-desarrollo-social","tag-la-punta","tag-luciano-ayala","tag-municipalidad-de-la-punta","tag-nutricion"],"_links":{"self":[{"href":"https:\/\/ciudaddelapunta.gob.ar\/01\/wp-json\/wp\/v2\/posts\/3224","targetHints":{"allow":["GET"]}}],"collection":[{"href":"https:\/\/ciudaddelapunta.gob.ar\/01\/wp-json\/wp\/v2\/posts"}],"about":[{"href":"https:\/\/ciudaddelapunta.gob.ar\/01\/wp-json\/wp\/v2\/types\/post"}],"author":[{"embeddable":true,"href":"https:\/\/ciudaddelapunta.gob.ar\/01\/wp-json\/wp\/v2\/users\/37"}],"replies":[{"embeddable":true,"href":"https:\/\/ciudaddelapunta.gob.ar\/01\/wp-json\/wp\/v2\/comments?post=3224"}],"version-history":[{"count":2,"href":"https:\/\/ciudaddelapunta.gob.ar\/01\/wp-json\/wp\/v2\/posts\/3224\/revisions"}],"predecessor-version":[{"id":3232,"href":"https:\/\/ciudaddelapunta.gob.ar\/01\/wp-json\/wp\/v2\/posts\/3224\/revisions\/3232"}],"wp:featuredmedia":[{"embeddable":true,"href":"https:\/\/ciudaddelapunta.gob.ar\/01\/wp-json\/wp\/v2\/media\/3227"}],"wp:attachment":[{"href":"https:\/\/ciudaddelapunta.gob.ar\/01\/wp-json\/wp\/v2\/media?parent=3224"}],"wp:term":[{"taxonomy":"category","embeddable":true,"href":"https:\/\/ciudaddelapunta.gob.ar\/01\/wp-json\/wp\/v2\/categories?post=3224"},{"taxonomy":"post_tag","embeddable":true,"href":"https:\/\/ciudaddelapunta.gob.ar\/01\/wp-json\/wp\/v2\/tags?post=3224"}],"curies":[{"name":"wp","href":"https:\/\/api.w.org\/{rel}","templated":true}]}}