{"id":3210,"date":"2025-03-21T21:06:47","date_gmt":"2025-03-22T00:06:47","guid":{"rendered":"https:\/\/ciudaddelapunta.gob.ar\/01\/?p=3210"},"modified":"2025-03-21T21:09:17","modified_gmt":"2025-03-22T00:09:17","slug":"el-colegio-n-40-heroes-de-malvinas-celebro-con-orgullo-el-14-aniversario","status":"publish","type":"post","link":"https:\/\/ciudaddelapunta.gob.ar\/01\/el-colegio-n-40-heroes-de-malvinas-celebro-con-orgullo-el-14-aniversario\/","title":{"rendered":"EL COLEGIO N\u00b0 40 H\u00c9ROES DE MALVINAS CELEBR\u00d3 CON ORGULLO EL 14\u00b0 ANIVERSARIO"},"content":{"rendered":"\n<p><strong>El acto institucional fue una muestra del esp\u00edritu de unidad y colaboraci\u00f3n que caracteriza a la comunidad educativa de la escuela.<\/strong><\/p>\n\n\n\n<figure class=\"wp-block-image size-large\"><a href=\"https:\/\/ciudaddelapunta.gob.ar\/01\/wp-content\/uploads\/2025\/03\/Imagen-de-WhatsApp-2025-03-21-a-las-20.47.45_8ce26f54.jpg\"><img fetchpriority=\"high\" decoding=\"async\" width=\"1024\" height=\"577\" src=\"https:\/\/ciudaddelapunta.gob.ar\/01\/wp-content\/uploads\/2025\/03\/Imagen-de-WhatsApp-2025-03-21-a-las-20.47.45_8ce26f54-1024x577.jpg\" alt=\"\" class=\"wp-image-3211\" srcset=\"https:\/\/ciudaddelapunta.gob.ar\/01\/wp-content\/uploads\/2025\/03\/Imagen-de-WhatsApp-2025-03-21-a-las-20.47.45_8ce26f54-1024x577.jpg 1024w, https:\/\/ciudaddelapunta.gob.ar\/01\/wp-content\/uploads\/2025\/03\/Imagen-de-WhatsApp-2025-03-21-a-las-20.47.45_8ce26f54-300x169.jpg 300w, https:\/\/ciudaddelapunta.gob.ar\/01\/wp-content\/uploads\/2025\/03\/Imagen-de-WhatsApp-2025-03-21-a-las-20.47.45_8ce26f54-768x433.jpg 768w, https:\/\/ciudaddelapunta.gob.ar\/01\/wp-content\/uploads\/2025\/03\/Imagen-de-WhatsApp-2025-03-21-a-las-20.47.45_8ce26f54.jpg 1280w\" sizes=\"(max-width: 1024px) 100vw, 1024px\" \/><\/a><\/figure>\n\n\n\n<p>El sal\u00f3n principal del Colegio N.\u00b0 40 H\u00e9roes de Malvinas se engalan\u00f3 para celebrar su 14.\u00b0 aniversario, un evento cont\u00f3 con la presencia de nuestro primer mandatario Luciano Ayala, quien expres\u00f3 su m\u00e1s sincero reconocimiento a la labor del colegio y su comunidad educativa.<\/p>\n\n\n\n<figure class=\"wp-block-image size-large\"><a href=\"https:\/\/ciudaddelapunta.gob.ar\/01\/wp-content\/uploads\/2025\/03\/Imagen-de-WhatsApp-2025-03-21-a-las-20.47.44_09e8ba5a.jpg\"><img decoding=\"async\" width=\"1024\" height=\"577\" src=\"https:\/\/ciudaddelapunta.gob.ar\/01\/wp-content\/uploads\/2025\/03\/Imagen-de-WhatsApp-2025-03-21-a-las-20.47.44_09e8ba5a-1024x577.jpg\" alt=\"\" class=\"wp-image-3212\" srcset=\"https:\/\/ciudaddelapunta.gob.ar\/01\/wp-content\/uploads\/2025\/03\/Imagen-de-WhatsApp-2025-03-21-a-las-20.47.44_09e8ba5a-1024x577.jpg 1024w, https:\/\/ciudaddelapunta.gob.ar\/01\/wp-content\/uploads\/2025\/03\/Imagen-de-WhatsApp-2025-03-21-a-las-20.47.44_09e8ba5a-300x169.jpg 300w, https:\/\/ciudaddelapunta.gob.ar\/01\/wp-content\/uploads\/2025\/03\/Imagen-de-WhatsApp-2025-03-21-a-las-20.47.44_09e8ba5a-768x433.jpg 768w, https:\/\/ciudaddelapunta.gob.ar\/01\/wp-content\/uploads\/2025\/03\/Imagen-de-WhatsApp-2025-03-21-a-las-20.47.44_09e8ba5a.jpg 1280w\" sizes=\"(max-width: 1024px) 100vw, 1024px\" \/><\/a><\/figure>\n\n\n\n<p>La celebraci\u00f3n tambi\u00e9n fue un espacio para el talento y la creatividad de los alumnos. Los estudiantes, que durante todo el ciclo lectivo participan en actividades de educaci\u00f3n art\u00edstica, ofrecieron un emotivo n\u00famero que fusion\u00f3 m\u00fasica, teatro y danza.<\/p>\n\n\n\n<figure class=\"wp-block-image size-large\"><a href=\"https:\/\/ciudaddelapunta.gob.ar\/01\/wp-content\/uploads\/2025\/03\/Imagen-de-WhatsApp-2025-03-21-a-las-20.47.46_f8b54b93.jpg\"><img decoding=\"async\" width=\"1024\" height=\"577\" src=\"https:\/\/ciudaddelapunta.gob.ar\/01\/wp-content\/uploads\/2025\/03\/Imagen-de-WhatsApp-2025-03-21-a-las-20.47.46_f8b54b93-1024x577.jpg\" alt=\"\" class=\"wp-image-3213\" srcset=\"https:\/\/ciudaddelapunta.gob.ar\/01\/wp-content\/uploads\/2025\/03\/Imagen-de-WhatsApp-2025-03-21-a-las-20.47.46_f8b54b93-1024x577.jpg 1024w, https:\/\/ciudaddelapunta.gob.ar\/01\/wp-content\/uploads\/2025\/03\/Imagen-de-WhatsApp-2025-03-21-a-las-20.47.46_f8b54b93-300x169.jpg 300w, https:\/\/ciudaddelapunta.gob.ar\/01\/wp-content\/uploads\/2025\/03\/Imagen-de-WhatsApp-2025-03-21-a-las-20.47.46_f8b54b93-768x433.jpg 768w, https:\/\/ciudaddelapunta.gob.ar\/01\/wp-content\/uploads\/2025\/03\/Imagen-de-WhatsApp-2025-03-21-a-las-20.47.46_f8b54b93.jpg 1280w\" sizes=\"(max-width: 1024px) 100vw, 1024px\" \/><\/a><\/figure>\n\n\n\n<p>El acto institucional fue una muestra del esp\u00edritu de unidad y colaboraci\u00f3n que caracteriza a la comunidad educativa de la escuela.<\/p>\n\n\n\n<figure class=\"wp-block-image size-large\"><a href=\"https:\/\/ciudaddelapunta.gob.ar\/01\/wp-content\/uploads\/2025\/03\/Imagen-de-WhatsApp-2025-03-21-a-las-20.47.47_3a066dcf.jpg\"><img loading=\"lazy\" decoding=\"async\" width=\"1024\" height=\"577\" src=\"https:\/\/ciudaddelapunta.gob.ar\/01\/wp-content\/uploads\/2025\/03\/Imagen-de-WhatsApp-2025-03-21-a-las-20.47.47_3a066dcf-1024x577.jpg\" alt=\"\" class=\"wp-image-3214\" srcset=\"https:\/\/ciudaddelapunta.gob.ar\/01\/wp-content\/uploads\/2025\/03\/Imagen-de-WhatsApp-2025-03-21-a-las-20.47.47_3a066dcf-1024x577.jpg 1024w, https:\/\/ciudaddelapunta.gob.ar\/01\/wp-content\/uploads\/2025\/03\/Imagen-de-WhatsApp-2025-03-21-a-las-20.47.47_3a066dcf-300x169.jpg 300w, https:\/\/ciudaddelapunta.gob.ar\/01\/wp-content\/uploads\/2025\/03\/Imagen-de-WhatsApp-2025-03-21-a-las-20.47.47_3a066dcf-768x433.jpg 768w, https:\/\/ciudaddelapunta.gob.ar\/01\/wp-content\/uploads\/2025\/03\/Imagen-de-WhatsApp-2025-03-21-a-las-20.47.47_3a066dcf.jpg 1280w\" sizes=\"(max-width: 1024px) 100vw, 1024px\" \/><\/a><\/figure>\n\n\n\n<p>Tambi\u00e9n se hicieron presentes la diputada provincial, Luciana Perano, y funcionarios de la Municipalidad.<\/p>\n\n\n\n<figure class=\"wp-block-image size-large\"><a href=\"https:\/\/ciudaddelapunta.gob.ar\/01\/wp-content\/uploads\/2025\/03\/Imagen-de-WhatsApp-2025-03-21-a-las-20.47.47_88b367b3.jpg\"><img loading=\"lazy\" decoding=\"async\" width=\"1024\" height=\"577\" src=\"https:\/\/ciudaddelapunta.gob.ar\/01\/wp-content\/uploads\/2025\/03\/Imagen-de-WhatsApp-2025-03-21-a-las-20.47.47_88b367b3-1024x577.jpg\" alt=\"\" class=\"wp-image-3215\" srcset=\"https:\/\/ciudaddelapunta.gob.ar\/01\/wp-content\/uploads\/2025\/03\/Imagen-de-WhatsApp-2025-03-21-a-las-20.47.47_88b367b3-1024x577.jpg 1024w, https:\/\/ciudaddelapunta.gob.ar\/01\/wp-content\/uploads\/2025\/03\/Imagen-de-WhatsApp-2025-03-21-a-las-20.47.47_88b367b3-300x169.jpg 300w, https:\/\/ciudaddelapunta.gob.ar\/01\/wp-content\/uploads\/2025\/03\/Imagen-de-WhatsApp-2025-03-21-a-las-20.47.47_88b367b3-768x433.jpg 768w, https:\/\/ciudaddelapunta.gob.ar\/01\/wp-content\/uploads\/2025\/03\/Imagen-de-WhatsApp-2025-03-21-a-las-20.47.47_88b367b3.jpg 1280w\" sizes=\"(max-width: 1024px) 100vw, 1024px\" \/><\/a><\/figure>\n\n\n\n<p>Por su parte, el jefe comunal reafirm\u00f3 el compromiso del municipio de seguir trabajando junto a la instituci\u00f3n para fortalecer la educaci\u00f3n en La Punta, celebrando con orgullo los 14 a\u00f1os de historia y augurando muchos a\u00f1os m\u00e1s de \u00e9xitos&nbsp;compartidos.<\/p>\n","protected":false},"excerpt":{"rendered":"<p>El acto institucional fue una muestra del esp\u00edritu de unidad y colaboraci\u00f3n que caracteriza a la comunidad educativa de la escuela. El sal\u00f3n principal del Colegio N.\u00b0 40 H\u00e9roes de &#8230;<\/p>\n","protected":false},"author":37,"featured_media":3213,"comment_status":"closed","ping_status":"","sticky":false,"template":"","format":"standard","meta":{"footnotes":""},"categories":[19],"tags":[699,22,698,700,54,30,23,73],"class_list":["post-3210","post","type-post","status-publish","format-standard","has-post-thumbnail","hentry","category-noticias","tag-aniversario-de-la-escuela-40","tag-avanza-la-punta","tag-cumpleanos-de-la-escuela-40","tag-escuela-heroes-de-malvinas","tag-gobierno-de-san-luis","tag-la-punta","tag-luciano-ayala","tag-municipalidad-de-la-punta"],"_links":{"self":[{"href":"https:\/\/ciudaddelapunta.gob.ar\/01\/wp-json\/wp\/v2\/posts\/3210","targetHints":{"allow":["GET"]}}],"collection":[{"href":"https:\/\/ciudaddelapunta.gob.ar\/01\/wp-json\/wp\/v2\/posts"}],"about":[{"href":"https:\/\/ciudaddelapunta.gob.ar\/01\/wp-json\/wp\/v2\/types\/post"}],"author":[{"embeddable":true,"href":"https:\/\/ciudaddelapunta.gob.ar\/01\/wp-json\/wp\/v2\/users\/37"}],"replies":[{"embeddable":true,"href":"https:\/\/ciudaddelapunta.gob.ar\/01\/wp-json\/wp\/v2\/comments?post=3210"}],"version-history":[{"count":2,"href":"https:\/\/ciudaddelapunta.gob.ar\/01\/wp-json\/wp\/v2\/posts\/3210\/revisions"}],"predecessor-version":[{"id":3218,"href":"https:\/\/ciudaddelapunta.gob.ar\/01\/wp-json\/wp\/v2\/posts\/3210\/revisions\/3218"}],"wp:featuredmedia":[{"embeddable":true,"href":"https:\/\/ciudaddelapunta.gob.ar\/01\/wp-json\/wp\/v2\/media\/3213"}],"wp:attachment":[{"href":"https:\/\/ciudaddelapunta.gob.ar\/01\/wp-json\/wp\/v2\/media?parent=3210"}],"wp:term":[{"taxonomy":"category","embeddable":true,"href":"https:\/\/ciudaddelapunta.gob.ar\/01\/wp-json\/wp\/v2\/categories?post=3210"},{"taxonomy":"post_tag","embeddable":true,"href":"https:\/\/ciudaddelapunta.gob.ar\/01\/wp-json\/wp\/v2\/tags?post=3210"}],"curies":[{"name":"wp","href":"https:\/\/api.w.org\/{rel}","templated":true}]}}