{"id":3054,"date":"2025-03-07T19:59:29","date_gmt":"2025-03-07T22:59:29","guid":{"rendered":"https:\/\/ciudaddelapunta.gob.ar\/01\/?p=3054"},"modified":"2025-03-07T19:59:29","modified_gmt":"2025-03-07T22:59:29","slug":"la-municipalidad-de-la-punta-lanza-con-exito-el-taller-municipal-de-fotografia","status":"publish","type":"post","link":"https:\/\/ciudaddelapunta.gob.ar\/01\/la-municipalidad-de-la-punta-lanza-con-exito-el-taller-municipal-de-fotografia\/","title":{"rendered":"LA MUNICIPALIDAD DE LA PUNTA LANZA CON \u00c9XITO EL TALLER MUNICIPAL DE FOTOGRAF\u00cdA"},"content":{"rendered":"\n<p><strong>Este taller gratuito es una oportunidad \u00fanica para que los vecinos de La Punta desarrollen su expresi\u00f3n personal y capacidad de ver el mundo desde diferentes perspectivas.<\/strong><\/p>\n\n\n\n<p>La Municipalidad de La Punta, a trav\u00e9s de la Direcci\u00f3n de Pymes, lanz\u00f3 con \u00e9xito el Taller Municipal de Fotograf\u00eda, que comenz\u00f3 con una respuesta abrumadora y cupos agotados. Este taller, impartido por el profesor Fabricio Aguilar, tiene como objetivo brindar oportunidades a los vecinos de desarrollar su creatividad y habilidades fotogr\u00e1ficas.<\/p>\n\n\n\n<p>Durante dos meses, los participantes aprender\u00e1n y perfeccionar\u00e1n los conceptos b\u00e1sicos de fotograf\u00eda, utilizando tanto c\u00e1maras profesionales como tel\u00e9fonos m\u00f3viles. El objetivo es lograr resultados de calidad profesional, y para ello, se llevar\u00e1n a cabo clases los jueves de 18:00 a 20:00hs.<\/p>\n\n\n\n<figure class=\"wp-block-image size-large\"><a href=\"https:\/\/ciudaddelapunta.gob.ar\/01\/wp-content\/uploads\/2025\/03\/Imagen-de-WhatsApp-2025-03-07-a-las-18.25.45_8f264d36.jpg\"><img fetchpriority=\"high\" decoding=\"async\" width=\"1024\" height=\"683\" src=\"https:\/\/ciudaddelapunta.gob.ar\/01\/wp-content\/uploads\/2025\/03\/Imagen-de-WhatsApp-2025-03-07-a-las-18.25.45_8f264d36-1024x683.jpg\" alt=\"\" class=\"wp-image-3055\" srcset=\"https:\/\/ciudaddelapunta.gob.ar\/01\/wp-content\/uploads\/2025\/03\/Imagen-de-WhatsApp-2025-03-07-a-las-18.25.45_8f264d36-1024x683.jpg 1024w, https:\/\/ciudaddelapunta.gob.ar\/01\/wp-content\/uploads\/2025\/03\/Imagen-de-WhatsApp-2025-03-07-a-las-18.25.45_8f264d36-300x200.jpg 300w, https:\/\/ciudaddelapunta.gob.ar\/01\/wp-content\/uploads\/2025\/03\/Imagen-de-WhatsApp-2025-03-07-a-las-18.25.45_8f264d36-768x512.jpg 768w, https:\/\/ciudaddelapunta.gob.ar\/01\/wp-content\/uploads\/2025\/03\/Imagen-de-WhatsApp-2025-03-07-a-las-18.25.45_8f264d36.jpg 1040w\" sizes=\"(max-width: 1024px) 100vw, 1024px\" \/><\/a><\/figure>\n\n\n\n<p>Este taller gratuito es una oportunidad \u00fanica para que los vecinos de La Punta desarrollen su expresi\u00f3n personal y capacidad de ver el mundo desde diferentes perspectivas. Adem\u00e1s, aprender\u00e1n a editar im\u00e1genes y explotar al m\u00e1ximo todas las funciones que ofrecen las c\u00e1maras fotogr\u00e1ficas.<\/p>\n\n\n\n<figure class=\"wp-block-image size-large\"><a href=\"https:\/\/ciudaddelapunta.gob.ar\/01\/wp-content\/uploads\/2025\/03\/Imagen-de-WhatsApp-2025-03-07-a-las-18.25.44_39ece823.jpg\"><img decoding=\"async\" width=\"1024\" height=\"683\" src=\"https:\/\/ciudaddelapunta.gob.ar\/01\/wp-content\/uploads\/2025\/03\/Imagen-de-WhatsApp-2025-03-07-a-las-18.25.44_39ece823-1024x683.jpg\" alt=\"\" class=\"wp-image-3057\" srcset=\"https:\/\/ciudaddelapunta.gob.ar\/01\/wp-content\/uploads\/2025\/03\/Imagen-de-WhatsApp-2025-03-07-a-las-18.25.44_39ece823-1024x683.jpg 1024w, https:\/\/ciudaddelapunta.gob.ar\/01\/wp-content\/uploads\/2025\/03\/Imagen-de-WhatsApp-2025-03-07-a-las-18.25.44_39ece823-300x200.jpg 300w, https:\/\/ciudaddelapunta.gob.ar\/01\/wp-content\/uploads\/2025\/03\/Imagen-de-WhatsApp-2025-03-07-a-las-18.25.44_39ece823-768x512.jpg 768w, https:\/\/ciudaddelapunta.gob.ar\/01\/wp-content\/uploads\/2025\/03\/Imagen-de-WhatsApp-2025-03-07-a-las-18.25.44_39ece823.jpg 1040w\" sizes=\"(max-width: 1024px) 100vw, 1024px\" \/><\/a><\/figure>\n\n\n\n<p>La Municipalidad de La Punta se complace en ofrecer este tipo de iniciativas que fomentan la creatividad y el desarrollo personal de los vecinos. El \u00e9xito del Taller Municipal de Fotograf\u00eda es un ejemplo claro del compromiso de la Municipalidad con la comunidad.<\/p>\n\n\n\n<figure class=\"wp-block-image size-large\"><a href=\"https:\/\/ciudaddelapunta.gob.ar\/01\/wp-content\/uploads\/2025\/03\/Imagen-de-WhatsApp-2025-03-07-a-las-18.25.45_896098eb.jpg\"><img decoding=\"async\" width=\"1024\" height=\"683\" src=\"https:\/\/ciudaddelapunta.gob.ar\/01\/wp-content\/uploads\/2025\/03\/Imagen-de-WhatsApp-2025-03-07-a-las-18.25.45_896098eb-1024x683.jpg\" alt=\"\" class=\"wp-image-3056\" srcset=\"https:\/\/ciudaddelapunta.gob.ar\/01\/wp-content\/uploads\/2025\/03\/Imagen-de-WhatsApp-2025-03-07-a-las-18.25.45_896098eb-1024x683.jpg 1024w, https:\/\/ciudaddelapunta.gob.ar\/01\/wp-content\/uploads\/2025\/03\/Imagen-de-WhatsApp-2025-03-07-a-las-18.25.45_896098eb-300x200.jpg 300w, https:\/\/ciudaddelapunta.gob.ar\/01\/wp-content\/uploads\/2025\/03\/Imagen-de-WhatsApp-2025-03-07-a-las-18.25.45_896098eb-768x512.jpg 768w, https:\/\/ciudaddelapunta.gob.ar\/01\/wp-content\/uploads\/2025\/03\/Imagen-de-WhatsApp-2025-03-07-a-las-18.25.45_896098eb.jpg 1040w\" sizes=\"(max-width: 1024px) 100vw, 1024px\" \/><\/a><\/figure>\n\n\n\n<p>La lista de espera para el taller es un indicador del gran inter\u00e9s que ha generado esta iniciativa. La Municipalidad de La Punta espera que los participantes disfruten de esta experiencia y saquen el m\u00e1ximo provecho&nbsp;de&nbsp;las&nbsp;clases.<\/p>\n","protected":false},"excerpt":{"rendered":"<p>Este taller gratuito es una oportunidad \u00fanica para que los vecinos de La Punta desarrollen su expresi\u00f3n personal y capacidad de ver el mundo desde diferentes perspectivas. La Municipalidad de &#8230;<\/p>\n","protected":false},"author":37,"featured_media":3057,"comment_status":"closed","ping_status":"","sticky":false,"template":"","format":"standard","meta":{"footnotes":""},"categories":[19],"tags":[22,74,30,23,73,627,68,626,625],"class_list":["post-3054","post","type-post","status-publish","format-standard","has-post-thumbnail","hentry","category-noticias","tag-avanza-la-punta","tag-emprendedurismo","tag-la-punta","tag-luciano-ayala","tag-municipalidad-de-la-punta","tag-punto-digital","tag-pymes","tag-taller-de-fotografia","tag-taller-municipal"],"_links":{"self":[{"href":"https:\/\/ciudaddelapunta.gob.ar\/01\/wp-json\/wp\/v2\/posts\/3054","targetHints":{"allow":["GET"]}}],"collection":[{"href":"https:\/\/ciudaddelapunta.gob.ar\/01\/wp-json\/wp\/v2\/posts"}],"about":[{"href":"https:\/\/ciudaddelapunta.gob.ar\/01\/wp-json\/wp\/v2\/types\/post"}],"author":[{"embeddable":true,"href":"https:\/\/ciudaddelapunta.gob.ar\/01\/wp-json\/wp\/v2\/users\/37"}],"replies":[{"embeddable":true,"href":"https:\/\/ciudaddelapunta.gob.ar\/01\/wp-json\/wp\/v2\/comments?post=3054"}],"version-history":[{"count":1,"href":"https:\/\/ciudaddelapunta.gob.ar\/01\/wp-json\/wp\/v2\/posts\/3054\/revisions"}],"predecessor-version":[{"id":3058,"href":"https:\/\/ciudaddelapunta.gob.ar\/01\/wp-json\/wp\/v2\/posts\/3054\/revisions\/3058"}],"wp:featuredmedia":[{"embeddable":true,"href":"https:\/\/ciudaddelapunta.gob.ar\/01\/wp-json\/wp\/v2\/media\/3057"}],"wp:attachment":[{"href":"https:\/\/ciudaddelapunta.gob.ar\/01\/wp-json\/wp\/v2\/media?parent=3054"}],"wp:term":[{"taxonomy":"category","embeddable":true,"href":"https:\/\/ciudaddelapunta.gob.ar\/01\/wp-json\/wp\/v2\/categories?post=3054"},{"taxonomy":"post_tag","embeddable":true,"href":"https:\/\/ciudaddelapunta.gob.ar\/01\/wp-json\/wp\/v2\/tags?post=3054"}],"curies":[{"name":"wp","href":"https:\/\/api.w.org\/{rel}","templated":true}]}}