{"id":3028,"date":"2025-03-02T15:04:32","date_gmt":"2025-03-02T18:04:32","guid":{"rendered":"https:\/\/ciudaddelapunta.gob.ar\/01\/?p=3028"},"modified":"2025-03-02T15:04:32","modified_gmt":"2025-03-02T18:04:32","slug":"emocionante-final-de-la-punta-canta-2025","status":"publish","type":"post","link":"https:\/\/ciudaddelapunta.gob.ar\/01\/emocionante-final-de-la-punta-canta-2025\/","title":{"rendered":"EMOCIONANTE FINAL DE LA PUNTA CANTA 2025"},"content":{"rendered":"\n<p><strong>La gran final de &#8220;La Punta Canta 2025&#8221; ha sido un evento emocionante y lleno de energ\u00eda, que ha dejado un grato recuerdo en la comunidad.<\/strong><\/p>\n\n\n\n<p>La Municipalidad de La Punta se congratula por el \u00e9xito rotundo de la gran final. Este evento, que ha generado una gran expectaci\u00f3n y entusiasmo en la comunidad, ha demostrado un alto nivel de calidad y talento en sus participantes.<\/p>\n\n\n\n<figure class=\"wp-block-image size-large\"><a href=\"https:\/\/ciudaddelapunta.gob.ar\/01\/wp-content\/uploads\/2025\/03\/kkkk-scaled.jpg\"><img fetchpriority=\"high\" decoding=\"async\" width=\"1024\" height=\"683\" src=\"https:\/\/ciudaddelapunta.gob.ar\/01\/wp-content\/uploads\/2025\/03\/kkkk-1024x683.jpg\" alt=\"\" class=\"wp-image-3030\" srcset=\"https:\/\/ciudaddelapunta.gob.ar\/01\/wp-content\/uploads\/2025\/03\/kkkk-1024x683.jpg 1024w, https:\/\/ciudaddelapunta.gob.ar\/01\/wp-content\/uploads\/2025\/03\/kkkk-300x200.jpg 300w, https:\/\/ciudaddelapunta.gob.ar\/01\/wp-content\/uploads\/2025\/03\/kkkk-768x512.jpg 768w, https:\/\/ciudaddelapunta.gob.ar\/01\/wp-content\/uploads\/2025\/03\/kkkk-1536x1024.jpg 1536w, https:\/\/ciudaddelapunta.gob.ar\/01\/wp-content\/uploads\/2025\/03\/kkkk-2048x1365.jpg 2048w\" sizes=\"(max-width: 1024px) 100vw, 1024px\" \/><\/a><\/figure>\n\n\n\n<p>La competencia, que cont\u00f3 con la participaci\u00f3n de 8 finalistas seleccionados en diferentes categor\u00edas musicales, ha sido un verdadero espect\u00e1culo para los espectadores, quienes han disfrutado de una variedad de ritmos musicales, desde lo cl\u00e1sico hasta lo m\u00e1s nuevo.<\/p>\n\n\n\n<p>Entre los ganadores de las diferentes categor\u00edas se encuentran Nazareno Alba en folklore, Sin focus en rock, Ni\u00e1gara en trap, Fernando Ordu\u00f1a en \u00e9xitos latinos, y Brenda Videla en cumbia. La Municipalidad de La Punta felicita a todos los participantes y ganadores por su talento y dedicaci\u00f3n.<\/p>\n\n\n\n<p>La gran final de &#8220;La Punta Canta 2025&#8221; ha sido un evento emocionante y lleno de energ\u00eda, que ha dejado un grato recuerdo en la comunidad. La Municipalidad de La Punta agradece a todos los que han hecho posible este evento y se compromete a seguir promoviendo la cultura y el talento en la ciudad.<\/p>\n\n\n\n<figure class=\"wp-block-image size-large\"><a href=\"https:\/\/ciudaddelapunta.gob.ar\/01\/wp-content\/uploads\/2025\/03\/Imagen-de-WhatsApp-2025-03-02-a-las-12.56.10_df14cae4-1-scaled.jpg\"><img decoding=\"async\" width=\"1024\" height=\"683\" src=\"https:\/\/ciudaddelapunta.gob.ar\/01\/wp-content\/uploads\/2025\/03\/Imagen-de-WhatsApp-2025-03-02-a-las-12.56.10_df14cae4-1-1024x683.jpg\" alt=\"\" class=\"wp-image-3031\" srcset=\"https:\/\/ciudaddelapunta.gob.ar\/01\/wp-content\/uploads\/2025\/03\/Imagen-de-WhatsApp-2025-03-02-a-las-12.56.10_df14cae4-1-1024x683.jpg 1024w, https:\/\/ciudaddelapunta.gob.ar\/01\/wp-content\/uploads\/2025\/03\/Imagen-de-WhatsApp-2025-03-02-a-las-12.56.10_df14cae4-1-300x200.jpg 300w, https:\/\/ciudaddelapunta.gob.ar\/01\/wp-content\/uploads\/2025\/03\/Imagen-de-WhatsApp-2025-03-02-a-las-12.56.10_df14cae4-1-768x512.jpg 768w, https:\/\/ciudaddelapunta.gob.ar\/01\/wp-content\/uploads\/2025\/03\/Imagen-de-WhatsApp-2025-03-02-a-las-12.56.10_df14cae4-1-1536x1024.jpg 1536w, https:\/\/ciudaddelapunta.gob.ar\/01\/wp-content\/uploads\/2025\/03\/Imagen-de-WhatsApp-2025-03-02-a-las-12.56.10_df14cae4-1-2048x1365.jpg 2048w\" sizes=\"(max-width: 1024px) 100vw, 1024px\" \/><\/a><\/figure>\n\n\n\n<p>La Municipalidad de La Punta, a trav\u00e9s del Intendente Luciano Ayala, ha anunciado que los cinco ganadores de &#8220;La Punta Canta 2025&#8221; tendr\u00e1n la oportunidad de grabar en un estudio profesional, La Casa de La M\u00fasica en Villa Mercedes. Sin embargo, debido al alto nivel demostrado por todos los finalistas, el Municipio gestionar\u00e1 para que el resto de los participantes tambi\u00e9n tengan la oportunidad de grabar en un estudio, brind\u00e1ndoles una oportunidad \u00fanica para mostrar su talento y alcanzar nuevos niveles en su carrera&nbsp;musical.<\/p>\n","protected":false},"excerpt":{"rendered":"<p>La gran final de &#8220;La Punta Canta 2025&#8221; ha sido un evento emocionante y lleno de energ\u00eda, que ha dejado un grato recuerdo en la comunidad. La Municipalidad de La &#8230;<\/p>\n","protected":false},"author":37,"featured_media":3029,"comment_status":"closed","ping_status":"","sticky":false,"template":"","format":"standard","meta":{"footnotes":""},"categories":[19],"tags":[22,599,395,598,601,600,594,30,442,23,73,595,597,596],"class_list":["post-3028","post","type-post","status-publish","format-standard","has-post-thumbnail","hentry","category-noticias","tag-avanza-la-punta","tag-brenda-videla","tag-competencia","tag-fernando-orduna","tag-finalistas","tag-ganadores","tag-la-plaza-de-los-ninos","tag-la-punta","tag-la-punta-canta-2025","tag-luciano-ayala","tag-municipalidad-de-la-punta","tag-nazareno-alba","tag-niagara","tag-sin-focus"],"_links":{"self":[{"href":"https:\/\/ciudaddelapunta.gob.ar\/01\/wp-json\/wp\/v2\/posts\/3028","targetHints":{"allow":["GET"]}}],"collection":[{"href":"https:\/\/ciudaddelapunta.gob.ar\/01\/wp-json\/wp\/v2\/posts"}],"about":[{"href":"https:\/\/ciudaddelapunta.gob.ar\/01\/wp-json\/wp\/v2\/types\/post"}],"author":[{"embeddable":true,"href":"https:\/\/ciudaddelapunta.gob.ar\/01\/wp-json\/wp\/v2\/users\/37"}],"replies":[{"embeddable":true,"href":"https:\/\/ciudaddelapunta.gob.ar\/01\/wp-json\/wp\/v2\/comments?post=3028"}],"version-history":[{"count":1,"href":"https:\/\/ciudaddelapunta.gob.ar\/01\/wp-json\/wp\/v2\/posts\/3028\/revisions"}],"predecessor-version":[{"id":3032,"href":"https:\/\/ciudaddelapunta.gob.ar\/01\/wp-json\/wp\/v2\/posts\/3028\/revisions\/3032"}],"wp:featuredmedia":[{"embeddable":true,"href":"https:\/\/ciudaddelapunta.gob.ar\/01\/wp-json\/wp\/v2\/media\/3029"}],"wp:attachment":[{"href":"https:\/\/ciudaddelapunta.gob.ar\/01\/wp-json\/wp\/v2\/media?parent=3028"}],"wp:term":[{"taxonomy":"category","embeddable":true,"href":"https:\/\/ciudaddelapunta.gob.ar\/01\/wp-json\/wp\/v2\/categories?post=3028"},{"taxonomy":"post_tag","embeddable":true,"href":"https:\/\/ciudaddelapunta.gob.ar\/01\/wp-json\/wp\/v2\/tags?post=3028"}],"curies":[{"name":"wp","href":"https:\/\/api.w.org\/{rel}","templated":true}]}}