{"id":2969,"date":"2025-02-23T14:51:45","date_gmt":"2025-02-23T17:51:45","guid":{"rendered":"https:\/\/ciudaddelapunta.gob.ar\/01\/?p=2969"},"modified":"2025-02-23T14:51:45","modified_gmt":"2025-02-23T17:51:45","slug":"los-concursantes-de-la-punta-canta-dejaron-todo-en-el-escenario-previo-a-la-final","status":"publish","type":"post","link":"https:\/\/ciudaddelapunta.gob.ar\/01\/los-concursantes-de-la-punta-canta-dejaron-todo-en-el-escenario-previo-a-la-final\/","title":{"rendered":"LOS CONCURSANTES DE LA PUNTA CANTA DEJARON TODO EN EL ESCENARIO PREVIO A LA FINAL"},"content":{"rendered":"\n<p><strong>La 3\u00b0 edici\u00f3n de esta competencia musical finalizar\u00e1 el pr\u00f3ximo s\u00e1bado 1\u00b0 de marzo.<\/strong><\/p>\n\n\n\n<figure class=\"wp-block-image size-large\"><a href=\"https:\/\/ciudaddelapunta.gob.ar\/01\/wp-content\/uploads\/2025\/02\/WhatsApp-Image-2025-02-23-at-14.23.20-scaled.jpeg\"><img fetchpriority=\"high\" decoding=\"async\" width=\"1024\" height=\"683\" src=\"https:\/\/ciudaddelapunta.gob.ar\/01\/wp-content\/uploads\/2025\/02\/WhatsApp-Image-2025-02-23-at-14.23.20-1024x683.jpeg\" alt=\"\" class=\"wp-image-2971\" srcset=\"https:\/\/ciudaddelapunta.gob.ar\/01\/wp-content\/uploads\/2025\/02\/WhatsApp-Image-2025-02-23-at-14.23.20-1024x683.jpeg 1024w, https:\/\/ciudaddelapunta.gob.ar\/01\/wp-content\/uploads\/2025\/02\/WhatsApp-Image-2025-02-23-at-14.23.20-300x200.jpeg 300w, https:\/\/ciudaddelapunta.gob.ar\/01\/wp-content\/uploads\/2025\/02\/WhatsApp-Image-2025-02-23-at-14.23.20-768x512.jpeg 768w, https:\/\/ciudaddelapunta.gob.ar\/01\/wp-content\/uploads\/2025\/02\/WhatsApp-Image-2025-02-23-at-14.23.20-1536x1024.jpeg 1536w, https:\/\/ciudaddelapunta.gob.ar\/01\/wp-content\/uploads\/2025\/02\/WhatsApp-Image-2025-02-23-at-14.23.20-2048x1365.jpeg 2048w\" sizes=\"(max-width: 1024px) 100vw, 1024px\" \/><\/a><\/figure>\n\n\n\n<p>El p\u00fablico transmiti\u00f3 todo su calor y aliento a los participantes de La Punta Canta 2025 que buscar\u00e1n un lugar en la gran final del pr\u00f3ximo s\u00e1bado 1\u00b0 de marzo. En la Plaza de los Ni\u00f1os se respir\u00f3 un clima competitivo, talentoso y de calidad, con un fant\u00e1stico cierre del grupo \u201cGaby y La Sonora\u201d.<\/p>\n\n\n\n<p>Las calificaciones de los participantes de anoche fueron las siguientes:<\/p>\n\n\n\n<p>\u00c9xitos latinos<\/p>\n\n\n\n<p>&#8211; Fernando Ordu\u00f1a 147 puntos.<\/p>\n\n\n\n<p>&#8211; Brisa Aguilar 142 puntos.<\/p>\n\n\n\n<p>&#8211; Mara Garc\u00eda 141 puntos.<\/p>\n\n\n\n<p>&#8211; Los Hilachentos 119 puntos.<\/p>\n\n\n\n<p>&#8211; Antonia Lucero 144 puntos.<\/p>\n\n\n\n<p>Cuarteto<\/p>\n\n\n\n<p>&#8211; Pilar 133 puntos.<\/p>\n\n\n\n<p>&#8211; Laura Cristal 143 puntos.<\/p>\n\n\n\n<p>&#8211; Joaqu\u00edn Ballesteros 136 puntos.<\/p>\n\n\n\n<p>&#8211; Fernando Lucero 141 puntos.<\/p>\n\n\n\n<p>&#8211; Chris Becerra 155 puntos.<\/p>\n\n\n\n<p>&#8211; Milagros 162 puntos.<\/p>\n\n\n\n<p>&#8211; Andrea Guti\u00e9rrez 148 puntos.<\/p>\n\n\n\n<p>Rock<\/p>\n\n\n\n<p>&#8211; Sin Focus 143 puntos.<\/p>\n\n\n\n<p>&#8211; Piojo 128 puntos.<\/p>\n\n\n\n<p>Folklore<\/p>\n\n\n\n<p>&#8211; Estefan\u00eda Ponce 159 puntos.<\/p>\n\n\n\n<p>Trap<\/p>\n\n\n\n<p>&#8211; Niagara 126 puntos.<\/p>\n\n\n\n<p>El intendente de La Punta, Luciano Ayala, junto a la secretaria de Desarrollo Social, Marina Lucero, y al secretario de Deporte, Turismo y Cultura, Javier Porco, acompa\u00f1aron todas las presentaciones de los artistas.<\/p>\n\n\n\n<p>La Secretar\u00eda de Deporte, Turismo y Cultura de la Municipalidad invita a todos los vecinos a votar a los participantes a trav\u00e9s de la p\u00e1gina Noticias de la Ciudad de La Punta, en Facebook, y los espera a todos a la gran final del pr\u00f3ximo s\u00e1bado.<\/p>\n\n\n\n<p><\/p>\n\n\n\n<figure class=\"wp-block-image size-large\"><a href=\"https:\/\/ciudaddelapunta.gob.ar\/01\/wp-content\/uploads\/2025\/02\/WhatsApp-Image-2025-02-23-at-14.23.21-scaled.jpeg\"><img decoding=\"async\" width=\"1024\" height=\"683\" src=\"https:\/\/ciudaddelapunta.gob.ar\/01\/wp-content\/uploads\/2025\/02\/WhatsApp-Image-2025-02-23-at-14.23.21-1024x683.jpeg\" alt=\"\" class=\"wp-image-2972\" srcset=\"https:\/\/ciudaddelapunta.gob.ar\/01\/wp-content\/uploads\/2025\/02\/WhatsApp-Image-2025-02-23-at-14.23.21-1024x683.jpeg 1024w, https:\/\/ciudaddelapunta.gob.ar\/01\/wp-content\/uploads\/2025\/02\/WhatsApp-Image-2025-02-23-at-14.23.21-300x200.jpeg 300w, https:\/\/ciudaddelapunta.gob.ar\/01\/wp-content\/uploads\/2025\/02\/WhatsApp-Image-2025-02-23-at-14.23.21-768x512.jpeg 768w, https:\/\/ciudaddelapunta.gob.ar\/01\/wp-content\/uploads\/2025\/02\/WhatsApp-Image-2025-02-23-at-14.23.21-1536x1024.jpeg 1536w, https:\/\/ciudaddelapunta.gob.ar\/01\/wp-content\/uploads\/2025\/02\/WhatsApp-Image-2025-02-23-at-14.23.21-2048x1365.jpeg 2048w\" sizes=\"(max-width: 1024px) 100vw, 1024px\" \/><\/a><\/figure>\n\n\n\n<figure class=\"wp-block-image size-large\"><a href=\"https:\/\/ciudaddelapunta.gob.ar\/01\/wp-content\/uploads\/2025\/02\/WhatsApp-Image-2025-02-23-at-14.31.28-scaled.jpeg\"><img decoding=\"async\" width=\"1024\" height=\"576\" src=\"https:\/\/ciudaddelapunta.gob.ar\/01\/wp-content\/uploads\/2025\/02\/WhatsApp-Image-2025-02-23-at-14.31.28-1024x576.jpeg\" alt=\"\" class=\"wp-image-2973\" srcset=\"https:\/\/ciudaddelapunta.gob.ar\/01\/wp-content\/uploads\/2025\/02\/WhatsApp-Image-2025-02-23-at-14.31.28-1024x576.jpeg 1024w, https:\/\/ciudaddelapunta.gob.ar\/01\/wp-content\/uploads\/2025\/02\/WhatsApp-Image-2025-02-23-at-14.31.28-300x169.jpeg 300w, https:\/\/ciudaddelapunta.gob.ar\/01\/wp-content\/uploads\/2025\/02\/WhatsApp-Image-2025-02-23-at-14.31.28-768x432.jpeg 768w, https:\/\/ciudaddelapunta.gob.ar\/01\/wp-content\/uploads\/2025\/02\/WhatsApp-Image-2025-02-23-at-14.31.28-1536x864.jpeg 1536w, https:\/\/ciudaddelapunta.gob.ar\/01\/wp-content\/uploads\/2025\/02\/WhatsApp-Image-2025-02-23-at-14.31.28-2048x1152.jpeg 2048w\" sizes=\"(max-width: 1024px) 100vw, 1024px\" \/><\/a><\/figure>\n","protected":false},"excerpt":{"rendered":"<p>La 3\u00b0 edici\u00f3n de esta competencia musical finalizar\u00e1 el pr\u00f3ximo s\u00e1bado 1\u00b0 de marzo. El p\u00fablico transmiti\u00f3 todo su calor y aliento a los participantes de La Punta Canta 2025 &#8230;<\/p>\n","protected":false},"author":38,"featured_media":2970,"comment_status":"closed","ping_status":"","sticky":false,"template":"","format":"standard","meta":{"footnotes":""},"categories":[19],"tags":[518,48,512,516,514,517,395,340,339,520,453,30,442,23,73,343,332,335,37],"class_list":["post-2969","post","type-post","status-publish","format-standard","has-post-thumbnail","hentry","category-noticias","tag-gaby-y-la-sonora","tag-3-edicion","tag-aliento","tag-calidad","tag-calor","tag-cierre","tag-competencia","tag-cuarteto","tag-exitos-latinos","tag-folklore","tag-gran-final","tag-la-punta","tag-la-punta-canta-2025","tag-luciano-ayala","tag-municipalidad-de-la-punta","tag-participantes","tag-talento","tag-trap","tag-turismo"],"_links":{"self":[{"href":"https:\/\/ciudaddelapunta.gob.ar\/01\/wp-json\/wp\/v2\/posts\/2969","targetHints":{"allow":["GET"]}}],"collection":[{"href":"https:\/\/ciudaddelapunta.gob.ar\/01\/wp-json\/wp\/v2\/posts"}],"about":[{"href":"https:\/\/ciudaddelapunta.gob.ar\/01\/wp-json\/wp\/v2\/types\/post"}],"author":[{"embeddable":true,"href":"https:\/\/ciudaddelapunta.gob.ar\/01\/wp-json\/wp\/v2\/users\/38"}],"replies":[{"embeddable":true,"href":"https:\/\/ciudaddelapunta.gob.ar\/01\/wp-json\/wp\/v2\/comments?post=2969"}],"version-history":[{"count":1,"href":"https:\/\/ciudaddelapunta.gob.ar\/01\/wp-json\/wp\/v2\/posts\/2969\/revisions"}],"predecessor-version":[{"id":2974,"href":"https:\/\/ciudaddelapunta.gob.ar\/01\/wp-json\/wp\/v2\/posts\/2969\/revisions\/2974"}],"wp:featuredmedia":[{"embeddable":true,"href":"https:\/\/ciudaddelapunta.gob.ar\/01\/wp-json\/wp\/v2\/media\/2970"}],"wp:attachment":[{"href":"https:\/\/ciudaddelapunta.gob.ar\/01\/wp-json\/wp\/v2\/media?parent=2969"}],"wp:term":[{"taxonomy":"category","embeddable":true,"href":"https:\/\/ciudaddelapunta.gob.ar\/01\/wp-json\/wp\/v2\/categories?post=2969"},{"taxonomy":"post_tag","embeddable":true,"href":"https:\/\/ciudaddelapunta.gob.ar\/01\/wp-json\/wp\/v2\/tags?post=2969"}],"curies":[{"name":"wp","href":"https:\/\/api.w.org\/{rel}","templated":true}]}}