{"id":2924,"date":"2025-02-15T10:57:12","date_gmt":"2025-02-15T13:57:12","guid":{"rendered":"https:\/\/ciudaddelapunta.gob.ar\/01\/?p=2924"},"modified":"2025-02-15T11:34:12","modified_gmt":"2025-02-15T14:34:12","slug":"apertura-oficial-de-la-v-edicion-de-la-copa-ciudad-de-la-punta-de-futbol-seniors","status":"publish","type":"post","link":"https:\/\/ciudaddelapunta.gob.ar\/01\/apertura-oficial-de-la-v-edicion-de-la-copa-ciudad-de-la-punta-de-futbol-seniors\/","title":{"rendered":"APERTURA OFICIAL DE LA V EDICI\u00d3N DE LA COPA CIUDAD DE LA PUNTA DE F\u00daTBOL SENIORS"},"content":{"rendered":"\n<p class=\"wp-block-paragraph\"><strong>La Punta: la nueva casa del f\u00fatbol seniors a nivel nacional.<\/strong><\/p>\n\n\n\n<figure class=\"wp-block-image size-large\"><a href=\"https:\/\/ciudaddelapunta.gob.ar\/01\/wp-content\/uploads\/2025\/02\/WhatsApp-Image-2025-02-15-at-10.48.59-scaled.jpeg\"><img fetchpriority=\"high\" decoding=\"async\" width=\"1024\" height=\"576\" src=\"https:\/\/ciudaddelapunta.gob.ar\/01\/wp-content\/uploads\/2025\/02\/WhatsApp-Image-2025-02-15-at-10.48.59-1024x576.jpeg\" alt=\"\" class=\"wp-image-2926\" srcset=\"https:\/\/ciudaddelapunta.gob.ar\/01\/wp-content\/uploads\/2025\/02\/WhatsApp-Image-2025-02-15-at-10.48.59-1024x576.jpeg 1024w, https:\/\/ciudaddelapunta.gob.ar\/01\/wp-content\/uploads\/2025\/02\/WhatsApp-Image-2025-02-15-at-10.48.59-300x169.jpeg 300w, https:\/\/ciudaddelapunta.gob.ar\/01\/wp-content\/uploads\/2025\/02\/WhatsApp-Image-2025-02-15-at-10.48.59-768x432.jpeg 768w, https:\/\/ciudaddelapunta.gob.ar\/01\/wp-content\/uploads\/2025\/02\/WhatsApp-Image-2025-02-15-at-10.48.59-1536x864.jpeg 1536w, https:\/\/ciudaddelapunta.gob.ar\/01\/wp-content\/uploads\/2025\/02\/WhatsApp-Image-2025-02-15-at-10.48.59-2048x1152.jpeg 2048w\" sizes=\"(max-width: 1024px) 100vw, 1024px\" \/><\/a><\/figure>\n\n\n\n<p class=\"wp-block-paragraph\">En el Estadio Provincial \u201cJuan Gilberto Funes\u201d se realiz\u00f3 el tradicional Acto de Apertura de la Copa Ciudad de La Punta, la V edici\u00f3n de una competencia que promete llevar la disciplina a lo m\u00e1s alto.<\/p>\n\n\n\n<p class=\"wp-block-paragraph\">La ceremonia, que se llev\u00f3 a cabo luego de que se acreditaran los 16 equipos que van a competir en el torneo, fue encabezada por el Intendente de La Punta, Luciano Ayala, quien brind\u00f3 unas palabras a los presentes: &#8220;Me llena de orgullo y emoci\u00f3n ver c\u00f3mo nuestra ciudad se convierte en un escenario deportivo de excelencia con la Copa Ciudad de La Punta. La participaci\u00f3n de equipos locales y de otras provincias en el Estadio y en el CARD (Centro de Alto Rendimiento Deportivo) es un testimonio del creciente inter\u00e9s por este tipo de eventos y de la pasi\u00f3n que nos une como comunidad&#8221;.<\/p>\n\n\n\n<p class=\"wp-block-paragraph\">Tambi\u00e9n estuvieron presentes en el Acto el Senador Provincial, Mart\u00edn Olivero, la Diputada Provincial, Luciana Perano, la Diputada por Ayacucho, Aida Beatriz L\u00f3pez, el Intendente de Luj\u00e1n, Pablo Oscar L\u00f3pez, el Director de F\u00fatbol Seniors de la Secretar\u00eda de Deportes del Gobierno de San Luis, Daniel Hugo Vera, autoridades del Estadio Provincial, autoridades del CARD, Secretarios y Directivos de la Municipalidad de La Punta.<\/p>\n\n\n\n<p class=\"wp-block-paragraph\">Tras la ceremonia, se jugaron los primeros 4 partidos, uno de cada zona de la cabeza de serie.<\/p>\n\n\n\n<figure class=\"wp-block-image size-large\"><a href=\"https:\/\/ciudaddelapunta.gob.ar\/01\/wp-content\/uploads\/2025\/02\/WhatsApp-Image-2025-02-15-at-10.49.01-scaled.jpeg\"><img decoding=\"async\" width=\"1024\" height=\"576\" src=\"https:\/\/ciudaddelapunta.gob.ar\/01\/wp-content\/uploads\/2025\/02\/WhatsApp-Image-2025-02-15-at-10.49.01-1024x576.jpeg\" alt=\"\" class=\"wp-image-2927\" srcset=\"https:\/\/ciudaddelapunta.gob.ar\/01\/wp-content\/uploads\/2025\/02\/WhatsApp-Image-2025-02-15-at-10.49.01-1024x576.jpeg 1024w, https:\/\/ciudaddelapunta.gob.ar\/01\/wp-content\/uploads\/2025\/02\/WhatsApp-Image-2025-02-15-at-10.49.01-300x169.jpeg 300w, https:\/\/ciudaddelapunta.gob.ar\/01\/wp-content\/uploads\/2025\/02\/WhatsApp-Image-2025-02-15-at-10.49.01-768x432.jpeg 768w, https:\/\/ciudaddelapunta.gob.ar\/01\/wp-content\/uploads\/2025\/02\/WhatsApp-Image-2025-02-15-at-10.49.01-1536x864.jpeg 1536w, https:\/\/ciudaddelapunta.gob.ar\/01\/wp-content\/uploads\/2025\/02\/WhatsApp-Image-2025-02-15-at-10.49.01-2048x1152.jpeg 2048w\" sizes=\"(max-width: 1024px) 100vw, 1024px\" \/><\/a><\/figure>\n\n\n\n<figure class=\"wp-block-image size-large\"><a href=\"https:\/\/ciudaddelapunta.gob.ar\/01\/wp-content\/uploads\/2025\/02\/WhatsApp-Image-2025-02-15-at-10.49.01-1-scaled.jpeg\"><img decoding=\"async\" width=\"1024\" height=\"576\" src=\"https:\/\/ciudaddelapunta.gob.ar\/01\/wp-content\/uploads\/2025\/02\/WhatsApp-Image-2025-02-15-at-10.49.01-1-1024x576.jpeg\" alt=\"\" class=\"wp-image-2928\" srcset=\"https:\/\/ciudaddelapunta.gob.ar\/01\/wp-content\/uploads\/2025\/02\/WhatsApp-Image-2025-02-15-at-10.49.01-1-1024x576.jpeg 1024w, https:\/\/ciudaddelapunta.gob.ar\/01\/wp-content\/uploads\/2025\/02\/WhatsApp-Image-2025-02-15-at-10.49.01-1-300x169.jpeg 300w, https:\/\/ciudaddelapunta.gob.ar\/01\/wp-content\/uploads\/2025\/02\/WhatsApp-Image-2025-02-15-at-10.49.01-1-768x432.jpeg 768w, https:\/\/ciudaddelapunta.gob.ar\/01\/wp-content\/uploads\/2025\/02\/WhatsApp-Image-2025-02-15-at-10.49.01-1-1536x864.jpeg 1536w, https:\/\/ciudaddelapunta.gob.ar\/01\/wp-content\/uploads\/2025\/02\/WhatsApp-Image-2025-02-15-at-10.49.01-1-2048x1152.jpeg 2048w\" sizes=\"(max-width: 1024px) 100vw, 1024px\" \/><\/a><\/figure>\n\n\n\n<figure class=\"wp-block-image size-large\"><a href=\"https:\/\/ciudaddelapunta.gob.ar\/01\/wp-content\/uploads\/2025\/02\/WhatsApp-Image-2025-02-15-at-10.49.02-scaled.jpeg\"><img loading=\"lazy\" decoding=\"async\" width=\"1024\" height=\"454\" src=\"https:\/\/ciudaddelapunta.gob.ar\/01\/wp-content\/uploads\/2025\/02\/WhatsApp-Image-2025-02-15-at-10.49.02-1024x454.jpeg\" alt=\"\" class=\"wp-image-2929\" srcset=\"https:\/\/ciudaddelapunta.gob.ar\/01\/wp-content\/uploads\/2025\/02\/WhatsApp-Image-2025-02-15-at-10.49.02-1024x454.jpeg 1024w, https:\/\/ciudaddelapunta.gob.ar\/01\/wp-content\/uploads\/2025\/02\/WhatsApp-Image-2025-02-15-at-10.49.02-300x133.jpeg 300w, https:\/\/ciudaddelapunta.gob.ar\/01\/wp-content\/uploads\/2025\/02\/WhatsApp-Image-2025-02-15-at-10.49.02-768x340.jpeg 768w, https:\/\/ciudaddelapunta.gob.ar\/01\/wp-content\/uploads\/2025\/02\/WhatsApp-Image-2025-02-15-at-10.49.02-1536x681.jpeg 1536w, https:\/\/ciudaddelapunta.gob.ar\/01\/wp-content\/uploads\/2025\/02\/WhatsApp-Image-2025-02-15-at-10.49.02-2048x908.jpeg 2048w\" sizes=\"(max-width: 1024px) 100vw, 1024px\" \/><\/a><\/figure>\n\n\n\n<figure class=\"wp-block-image size-large\"><a href=\"https:\/\/ciudaddelapunta.gob.ar\/01\/wp-content\/uploads\/2025\/02\/WhatsApp-Image-2025-02-15-at-10.49.02-1-scaled.jpeg\"><img loading=\"lazy\" decoding=\"async\" width=\"1024\" height=\"454\" src=\"https:\/\/ciudaddelapunta.gob.ar\/01\/wp-content\/uploads\/2025\/02\/WhatsApp-Image-2025-02-15-at-10.49.02-1-1024x454.jpeg\" alt=\"\" class=\"wp-image-2930\" srcset=\"https:\/\/ciudaddelapunta.gob.ar\/01\/wp-content\/uploads\/2025\/02\/WhatsApp-Image-2025-02-15-at-10.49.02-1-1024x454.jpeg 1024w, https:\/\/ciudaddelapunta.gob.ar\/01\/wp-content\/uploads\/2025\/02\/WhatsApp-Image-2025-02-15-at-10.49.02-1-300x133.jpeg 300w, https:\/\/ciudaddelapunta.gob.ar\/01\/wp-content\/uploads\/2025\/02\/WhatsApp-Image-2025-02-15-at-10.49.02-1-768x340.jpeg 768w, https:\/\/ciudaddelapunta.gob.ar\/01\/wp-content\/uploads\/2025\/02\/WhatsApp-Image-2025-02-15-at-10.49.02-1-1536x681.jpeg 1536w, https:\/\/ciudaddelapunta.gob.ar\/01\/wp-content\/uploads\/2025\/02\/WhatsApp-Image-2025-02-15-at-10.49.02-1-2048x908.jpeg 2048w\" sizes=\"(max-width: 1024px) 100vw, 1024px\" \/><\/a><\/figure>\n","protected":false},"excerpt":{"rendered":"<p>La Punta: la nueva casa del f\u00fatbol seniors a nivel nacional. En el Estadio Provincial \u201cJuan Gilberto Funes\u201d se realiz\u00f3 el tradicional Acto de Apertura de la Copa Ciudad de &#8230;<\/p>\n","protected":false},"author":38,"featured_media":2925,"comment_status":"closed","ping_status":"","sticky":false,"template":"","format":"standard","meta":{"footnotes":""},"categories":[19],"tags":[413,409,235,398,374,372,373,412,312,419,55,320,420,421,411,415,416,61,54,417,422,30,117,23,116,73,418,423,159,424,319,414,410,371],"class_list":["post-2924","post","type-post","status-publish","format-standard","has-post-thumbnail","hentry","category-noticias","tag-16-equipos","tag-acto-de-apertura-de-la-copa-ciudad-de-la-punta","tag-articulacion-entre-provincia-y-municipio","tag-autoridades-deportivas","tag-card","tag-categoria-senior-43","tag-centro-de-alto-rendimiento-deportivo","tag-ceremonia","tag-comunidad","tag-daniel-hugo-vera","tag-deporte","tag-diputada-provincial","tag-director-de-futbol-seniors-de-la-secretaria-de-deportes-del-gobierno-de-san-luis","tag-director-del-card","tag-disciplina","tag-equipos-locales","tag-equipos-nacionales","tag-estadio-provincial-juan-gilberto-funes","tag-gobierno-de-san-luis","tag-intendente-de-lujan","tag-jorge-villegas","tag-la-punta","tag-luciana-perano","tag-luciano-ayala","tag-martin-olivero","tag-municipalidad-de-la-punta","tag-pablo-oscar-lopez","tag-partidos","tag-salud","tag-secretarios-de-la-municipalidad-de-la-punta","tag-senador-provincial","tag-torneo","tag-v-edicion","tag-v-edicion-de-la-copa-ciudad-de-la-punta"],"_links":{"self":[{"href":"https:\/\/ciudaddelapunta.gob.ar\/01\/wp-json\/wp\/v2\/posts\/2924","targetHints":{"allow":["GET"]}}],"collection":[{"href":"https:\/\/ciudaddelapunta.gob.ar\/01\/wp-json\/wp\/v2\/posts"}],"about":[{"href":"https:\/\/ciudaddelapunta.gob.ar\/01\/wp-json\/wp\/v2\/types\/post"}],"author":[{"embeddable":true,"href":"https:\/\/ciudaddelapunta.gob.ar\/01\/wp-json\/wp\/v2\/users\/38"}],"replies":[{"embeddable":true,"href":"https:\/\/ciudaddelapunta.gob.ar\/01\/wp-json\/wp\/v2\/comments?post=2924"}],"version-history":[{"count":3,"href":"https:\/\/ciudaddelapunta.gob.ar\/01\/wp-json\/wp\/v2\/posts\/2924\/revisions"}],"predecessor-version":[{"id":2933,"href":"https:\/\/ciudaddelapunta.gob.ar\/01\/wp-json\/wp\/v2\/posts\/2924\/revisions\/2933"}],"wp:featuredmedia":[{"embeddable":true,"href":"https:\/\/ciudaddelapunta.gob.ar\/01\/wp-json\/wp\/v2\/media\/2925"}],"wp:attachment":[{"href":"https:\/\/ciudaddelapunta.gob.ar\/01\/wp-json\/wp\/v2\/media?parent=2924"}],"wp:term":[{"taxonomy":"category","embeddable":true,"href":"https:\/\/ciudaddelapunta.gob.ar\/01\/wp-json\/wp\/v2\/categories?post=2924"},{"taxonomy":"post_tag","embeddable":true,"href":"https:\/\/ciudaddelapunta.gob.ar\/01\/wp-json\/wp\/v2\/tags?post=2924"}],"curies":[{"name":"wp","href":"https:\/\/api.w.org\/{rel}","templated":true}]}}