{"id":2883,"date":"2025-02-02T12:21:40","date_gmt":"2025-02-02T15:21:40","guid":{"rendered":"https:\/\/ciudaddelapunta.gob.ar\/01\/?p=2883"},"modified":"2025-02-02T12:21:40","modified_gmt":"2025-02-02T15:21:40","slug":"la-punta-canta-talento-y-pasion-en-la-plaza-de-los-ninos","status":"publish","type":"post","link":"https:\/\/ciudaddelapunta.gob.ar\/01\/la-punta-canta-talento-y-pasion-en-la-plaza-de-los-ninos\/","title":{"rendered":"LA PUNTA CANTA: TALENTO Y PASI\u00d3N EN LA PLAZA DE LOS NI\u00d1OS"},"content":{"rendered":"\n<p><strong>El mandatario local acompa\u00f1\u00f3 y apoy\u00f3 a cada uno de los artistas, entregando certificados de participaci\u00f3n y brindando su apoyo y un emotivo abrazo a los ganadores.<\/strong><\/p>\n\n\n\n<figure class=\"wp-block-image size-large\"><a href=\"https:\/\/ciudaddelapunta.gob.ar\/01\/wp-content\/uploads\/2025\/02\/WhatsApp-Image-2025-02-02-at-11.12.47-scaled.jpeg\"><img fetchpriority=\"high\" decoding=\"async\" width=\"1024\" height=\"576\" src=\"https:\/\/ciudaddelapunta.gob.ar\/01\/wp-content\/uploads\/2025\/02\/WhatsApp-Image-2025-02-02-at-11.12.47-1024x576.jpeg\" alt=\"\" class=\"wp-image-2884\" srcset=\"https:\/\/ciudaddelapunta.gob.ar\/01\/wp-content\/uploads\/2025\/02\/WhatsApp-Image-2025-02-02-at-11.12.47-1024x576.jpeg 1024w, https:\/\/ciudaddelapunta.gob.ar\/01\/wp-content\/uploads\/2025\/02\/WhatsApp-Image-2025-02-02-at-11.12.47-300x169.jpeg 300w, https:\/\/ciudaddelapunta.gob.ar\/01\/wp-content\/uploads\/2025\/02\/WhatsApp-Image-2025-02-02-at-11.12.47-768x432.jpeg 768w, https:\/\/ciudaddelapunta.gob.ar\/01\/wp-content\/uploads\/2025\/02\/WhatsApp-Image-2025-02-02-at-11.12.47-1536x864.jpeg 1536w, https:\/\/ciudaddelapunta.gob.ar\/01\/wp-content\/uploads\/2025\/02\/WhatsApp-Image-2025-02-02-at-11.12.47-2048x1152.jpeg 2048w\" sizes=\"(max-width: 1024px) 100vw, 1024px\" \/><\/a><\/figure>\n\n\n\n<p>El comienzo de La Punta Canta 2025 fue un \u00e9xito sin precedentes. La noche de m\u00fasica y emociones reuni\u00f3 a una diversa gama de talentosos m\u00fasicos locales en la Plaza de los Ni\u00f1os, ante una audiencia entusiasta y numerosa. El Intendente de La Punta, Luciano Ayala, el Senador Provincial, Mart\u00edn Olivero, la Diputada Provincial, Luciana Perano, Secretarios y Funcionarios Municipales se hicieron presentes para disfrutar del gran espect\u00e1culo.<\/p>\n\n\n\n<p>El jurado, integrado por destacadas figuras del mundo musical como Alejandro Pedernera, Sasha Garc\u00eda, Germ\u00e1n Aranda, Celia Maschi y Teresa Cardenas, evalu\u00f3 las presentaciones. Cada uno de los jurados aport\u00f3 su experiencia y conocimiento para seleccionar a los ganadores. Las calificaciones finales fueron las siguientes: Folklore y tango: Nazareno Alba (175 puntos), Daniel Siniscalco (152 puntos) y Guillermina y Jimena (132 puntos); Trap, rap, reggaet\u00f3n y rkt: Rom\u00e1n Garro (135 puntos) y Jony Rimo (132 puntos); \u00c9xitos latinos: Isaias Vel\u00e1zquez (124 puntos) y Miguel Puliafito (130 puntos); Cuarteto, cumbia y otros ritmos tropicales: Nicol\u00e1s Gonz\u00e1lez (116 puntos), Lucas Barroso (125 puntos), Patricio Segovia (137 puntos), Marcelo Escudero (133 puntos), Catalina Salinas (168 puntos) y Diego Vega (111 puntos).<\/p>\n\n\n\n<p>La Municipalidad de La Punta agradece a todos los participantes, jurados y espectadores que hicieron posible este evento exitoso. De esta manera, La Punta Canta consolid\u00f3 su posici\u00f3n como un espacio de promoci\u00f3n y difusi\u00f3n de la m\u00fasica local.<\/p>\n","protected":false},"excerpt":{"rendered":"<p>El mandatario local acompa\u00f1\u00f3 y apoy\u00f3 a cada uno de los artistas, entregando certificados de participaci\u00f3n y brindando su apoyo y un emotivo abrazo a los ganadores. El comienzo de &#8230;<\/p>\n","protected":false},"author":38,"featured_media":2885,"comment_status":"closed","ping_status":"","sticky":false,"template":"","format":"standard","meta":{"footnotes":""},"categories":[19],"tags":[226,344,340,341,320,345,346,263,339,334,330,333,30,347,117,23,116,253,342,343,164,336,337,338,319,108,335],"class_list":["post-2883","post","type-post","status-publish","format-standard","has-post-thumbnail","hentry","category-noticias","tag-artistas-locales","tag-concursantes","tag-cuarteto","tag-cumbia","tag-diputada-provincial","tag-espectadores","tag-evento-exitoso","tag-exito","tag-exitos-latinos","tag-folklore-y-tango","tag-funcionarios","tag-jurado","tag-la-punta","tag-la-punta-canta","tag-luciana-perano","tag-luciano-ayala","tag-martin-olivero","tag-musica","tag-otros-ritmos-tropicales","tag-participantes","tag-plaza-de-los-ninos","tag-rap","tag-reggaeton","tag-rkt","tag-senador-provincial","tag-talentos","tag-trap"],"_links":{"self":[{"href":"https:\/\/ciudaddelapunta.gob.ar\/01\/wp-json\/wp\/v2\/posts\/2883","targetHints":{"allow":["GET"]}}],"collection":[{"href":"https:\/\/ciudaddelapunta.gob.ar\/01\/wp-json\/wp\/v2\/posts"}],"about":[{"href":"https:\/\/ciudaddelapunta.gob.ar\/01\/wp-json\/wp\/v2\/types\/post"}],"author":[{"embeddable":true,"href":"https:\/\/ciudaddelapunta.gob.ar\/01\/wp-json\/wp\/v2\/users\/38"}],"replies":[{"embeddable":true,"href":"https:\/\/ciudaddelapunta.gob.ar\/01\/wp-json\/wp\/v2\/comments?post=2883"}],"version-history":[{"count":1,"href":"https:\/\/ciudaddelapunta.gob.ar\/01\/wp-json\/wp\/v2\/posts\/2883\/revisions"}],"predecessor-version":[{"id":2886,"href":"https:\/\/ciudaddelapunta.gob.ar\/01\/wp-json\/wp\/v2\/posts\/2883\/revisions\/2886"}],"wp:featuredmedia":[{"embeddable":true,"href":"https:\/\/ciudaddelapunta.gob.ar\/01\/wp-json\/wp\/v2\/media\/2885"}],"wp:attachment":[{"href":"https:\/\/ciudaddelapunta.gob.ar\/01\/wp-json\/wp\/v2\/media?parent=2883"}],"wp:term":[{"taxonomy":"category","embeddable":true,"href":"https:\/\/ciudaddelapunta.gob.ar\/01\/wp-json\/wp\/v2\/categories?post=2883"},{"taxonomy":"post_tag","embeddable":true,"href":"https:\/\/ciudaddelapunta.gob.ar\/01\/wp-json\/wp\/v2\/tags?post=2883"}],"curies":[{"name":"wp","href":"https:\/\/api.w.org\/{rel}","templated":true}]}}