{"id":2657,"date":"2024-12-19T16:22:23","date_gmt":"2024-12-19T19:22:23","guid":{"rendered":"https:\/\/ciudaddelapunta.gob.ar\/01\/?p=2657"},"modified":"2024-12-19T16:22:23","modified_gmt":"2024-12-19T19:22:23","slug":"gran-progreso-en-obras-claves-para-mejorar-la-calidad-de-vida-de-los-vecinos-de-la-punta","status":"publish","type":"post","link":"https:\/\/ciudaddelapunta.gob.ar\/01\/gran-progreso-en-obras-claves-para-mejorar-la-calidad-de-vida-de-los-vecinos-de-la-punta\/","title":{"rendered":"GRAN PROGRESO EN OBRAS CLAVES PARA MEJORAR LA CALIDAD DE VIDA DE LOS VECINOS DE LA PUNTA"},"content":{"rendered":"\n<p><strong>La ampliaci\u00f3n del SUM ubicado en el Barrio 900 Viviendas avanza de forma r\u00e1pida y eficaz. El principal objetivo es mejorar la capacidad de atenci\u00f3n del Comedor Municipal.<\/strong><\/p>\n\n\n\n<figure class=\"wp-block-image size-large\"><a href=\"https:\/\/ciudaddelapunta.gob.ar\/01\/wp-content\/uploads\/2024\/12\/WhatsApp-Image-2024-12-19-at-15.49.15-scaled.jpeg\"><img fetchpriority=\"high\" decoding=\"async\" width=\"1024\" height=\"683\" src=\"https:\/\/ciudaddelapunta.gob.ar\/01\/wp-content\/uploads\/2024\/12\/WhatsApp-Image-2024-12-19-at-15.49.15-1024x683.jpeg\" alt=\"\" class=\"wp-image-2659\" srcset=\"https:\/\/ciudaddelapunta.gob.ar\/01\/wp-content\/uploads\/2024\/12\/WhatsApp-Image-2024-12-19-at-15.49.15-1024x683.jpeg 1024w, https:\/\/ciudaddelapunta.gob.ar\/01\/wp-content\/uploads\/2024\/12\/WhatsApp-Image-2024-12-19-at-15.49.15-300x200.jpeg 300w, https:\/\/ciudaddelapunta.gob.ar\/01\/wp-content\/uploads\/2024\/12\/WhatsApp-Image-2024-12-19-at-15.49.15-768x512.jpeg 768w, https:\/\/ciudaddelapunta.gob.ar\/01\/wp-content\/uploads\/2024\/12\/WhatsApp-Image-2024-12-19-at-15.49.15-1536x1024.jpeg 1536w, https:\/\/ciudaddelapunta.gob.ar\/01\/wp-content\/uploads\/2024\/12\/WhatsApp-Image-2024-12-19-at-15.49.15-2048x1365.jpeg 2048w\" sizes=\"(max-width: 1024px) 100vw, 1024px\" \/><\/a><\/figure>\n\n\n\n<p>El Intendente de La Punta, Luciano Ayala, acompa\u00f1ado por el Jefe de Gabinete, Gabriel Messina, y el Arquitecto a cargo del proyecto, Secretario de Urbanismo y Obras Mart\u00edn Saad, realizaron una intensa jornada de trabajo visitando obras de gran trascendencia que se est\u00e1n llevando a cabo en la ciudad.<\/p>\n\n\n\n<p>Una de las obras que visit\u00f3 fue la ampliaci\u00f3n del SUM ubicado en el Barrio 900 Viviendas. Este proyecto contempla una ampliaci\u00f3n de 52 metros cuadrados, cubierta de losa con altura interior de 2,70 metros, y la incorporaci\u00f3n de sistemas de ventilaci\u00f3n e iluminaci\u00f3n para garantizar un ambiente agradable.<\/p>\n\n\n\n<p>El principal objetivo es mejorar la capacidad de atenci\u00f3n del Comedor Municipal, permitiendo brindar un servicio m\u00e1s eficiente y de mayor calidad a las m\u00e1s de 500 familias que asisten diariamente. La ampliaci\u00f3n del SUM no solo ayudar\u00e1 a optimizar los recursos disponibles, sino que tambi\u00e9n contribuir\u00e1 a sostener y apoyar a las familias vulnerables, garantizando una mayor comodidad.<\/p>\n","protected":false},"excerpt":{"rendered":"<p>La ampliaci\u00f3n del SUM ubicado en el Barrio 900 Viviendas avanza de forma r\u00e1pida y eficaz. El principal objetivo es mejorar la capacidad de atenci\u00f3n del Comedor Municipal. El Intendente &#8230;<\/p>\n","protected":false},"author":38,"featured_media":2658,"comment_status":"closed","ping_status":"","sticky":false,"template":"","format":"standard","meta":{"footnotes":""},"categories":[19],"tags":[178,186,22,179,182,187,118,181,180,30,23,169,183,184,185],"class_list":["post-2657","post","type-post","status-publish","format-standard","has-post-thumbnail","hentry","category-noticias","tag-ampliacion-del-sum","tag-asistencia","tag-avanza-la-punta","tag-barrio-900-viviendas","tag-comedor-municipal","tag-contencion","tag-gabriel-messina","tag-garantizar-un-ambiente-agradable","tag-incorporacion-de-sistemas-de-ventilacion-e-iluminacion","tag-la-punta","tag-luciano-ayala","tag-martin-saad","tag-mas-de-500-familias-que-asisten-diariamente","tag-mayor-comodidad","tag-mejorar-el-servicio"],"_links":{"self":[{"href":"https:\/\/ciudaddelapunta.gob.ar\/01\/wp-json\/wp\/v2\/posts\/2657","targetHints":{"allow":["GET"]}}],"collection":[{"href":"https:\/\/ciudaddelapunta.gob.ar\/01\/wp-json\/wp\/v2\/posts"}],"about":[{"href":"https:\/\/ciudaddelapunta.gob.ar\/01\/wp-json\/wp\/v2\/types\/post"}],"author":[{"embeddable":true,"href":"https:\/\/ciudaddelapunta.gob.ar\/01\/wp-json\/wp\/v2\/users\/38"}],"replies":[{"embeddable":true,"href":"https:\/\/ciudaddelapunta.gob.ar\/01\/wp-json\/wp\/v2\/comments?post=2657"}],"version-history":[{"count":1,"href":"https:\/\/ciudaddelapunta.gob.ar\/01\/wp-json\/wp\/v2\/posts\/2657\/revisions"}],"predecessor-version":[{"id":2660,"href":"https:\/\/ciudaddelapunta.gob.ar\/01\/wp-json\/wp\/v2\/posts\/2657\/revisions\/2660"}],"wp:featuredmedia":[{"embeddable":true,"href":"https:\/\/ciudaddelapunta.gob.ar\/01\/wp-json\/wp\/v2\/media\/2658"}],"wp:attachment":[{"href":"https:\/\/ciudaddelapunta.gob.ar\/01\/wp-json\/wp\/v2\/media?parent=2657"}],"wp:term":[{"taxonomy":"category","embeddable":true,"href":"https:\/\/ciudaddelapunta.gob.ar\/01\/wp-json\/wp\/v2\/categories?post=2657"},{"taxonomy":"post_tag","embeddable":true,"href":"https:\/\/ciudaddelapunta.gob.ar\/01\/wp-json\/wp\/v2\/tags?post=2657"}],"curies":[{"name":"wp","href":"https:\/\/api.w.org\/{rel}","templated":true}]}}