{"id":2597,"date":"2024-12-09T10:53:11","date_gmt":"2024-12-09T13:53:11","guid":{"rendered":"https:\/\/ciudaddelapunta.gob.ar\/01\/?p=2597"},"modified":"2024-12-09T10:53:11","modified_gmt":"2024-12-09T13:53:11","slug":"la-ciudad-de-la-punta-se-ilumino-con-la-magia-de-la-navidad","status":"publish","type":"post","link":"https:\/\/ciudaddelapunta.gob.ar\/01\/la-ciudad-de-la-punta-se-ilumino-con-la-magia-de-la-navidad\/","title":{"rendered":"LA CIUDAD DE LA PUNTA SE ILUMIN\u00d3 CON LA MAGIA DE LA NAVIDAD"},"content":{"rendered":"\n<p><strong>\u00a1Se dio inicio a la temporada m\u00e1s esperada del a\u00f1o!<\/strong><\/p>\n\n\n\n<figure class=\"wp-block-image size-large\"><a href=\"https:\/\/ciudaddelapunta.gob.ar\/01\/wp-content\/uploads\/2024\/12\/WhatsApp-Image-2024-12-09-at-10.27.01-scaled.jpeg\"><img fetchpriority=\"high\" decoding=\"async\" width=\"1024\" height=\"768\" src=\"https:\/\/ciudaddelapunta.gob.ar\/01\/wp-content\/uploads\/2024\/12\/WhatsApp-Image-2024-12-09-at-10.27.01-1024x768.jpeg\" alt=\"\" class=\"wp-image-2598\" srcset=\"https:\/\/ciudaddelapunta.gob.ar\/01\/wp-content\/uploads\/2024\/12\/WhatsApp-Image-2024-12-09-at-10.27.01-1024x768.jpeg 1024w, https:\/\/ciudaddelapunta.gob.ar\/01\/wp-content\/uploads\/2024\/12\/WhatsApp-Image-2024-12-09-at-10.27.01-300x225.jpeg 300w, https:\/\/ciudaddelapunta.gob.ar\/01\/wp-content\/uploads\/2024\/12\/WhatsApp-Image-2024-12-09-at-10.27.01-768x576.jpeg 768w, https:\/\/ciudaddelapunta.gob.ar\/01\/wp-content\/uploads\/2024\/12\/WhatsApp-Image-2024-12-09-at-10.27.01-1536x1152.jpeg 1536w, https:\/\/ciudaddelapunta.gob.ar\/01\/wp-content\/uploads\/2024\/12\/WhatsApp-Image-2024-12-09-at-10.27.01-2048x1536.jpeg 2048w\" sizes=\"(max-width: 1024px) 100vw, 1024px\" \/><\/a><\/figure>\n\n\n\n<p>En una noche llena de ilusi\u00f3n, se encendi\u00f3 el imponente \u00e1rbol navide\u00f1o en la Rotonda de los Vientos de la ciudad de La Punta, dando inicio a la temporada m\u00e1s esperada del a\u00f1o. El Coro Municipal de Adultos Mayores deleit\u00f3 a todos con sus tradicionales villancicos, creando un ambiente festivo y c\u00e1lido. Vecinos de todas las edades se reunieron en familia para disfrutar de este momento especial, compartiendo sonrisas y abrazos.<\/p>\n\n\n\n<p><\/p>\n\n\n\n<figure class=\"wp-block-image size-large\"><a href=\"https:\/\/ciudaddelapunta.gob.ar\/01\/wp-content\/uploads\/2024\/12\/WhatsApp-Image-2024-12-09-at-10.28.27.jpeg\"><img decoding=\"async\" width=\"1024\" height=\"768\" src=\"https:\/\/ciudaddelapunta.gob.ar\/01\/wp-content\/uploads\/2024\/12\/WhatsApp-Image-2024-12-09-at-10.28.27-1024x768.jpeg\" alt=\"\" class=\"wp-image-2599\" srcset=\"https:\/\/ciudaddelapunta.gob.ar\/01\/wp-content\/uploads\/2024\/12\/WhatsApp-Image-2024-12-09-at-10.28.27-1024x768.jpeg 1024w, https:\/\/ciudaddelapunta.gob.ar\/01\/wp-content\/uploads\/2024\/12\/WhatsApp-Image-2024-12-09-at-10.28.27-300x225.jpeg 300w, https:\/\/ciudaddelapunta.gob.ar\/01\/wp-content\/uploads\/2024\/12\/WhatsApp-Image-2024-12-09-at-10.28.27-768x576.jpeg 768w, https:\/\/ciudaddelapunta.gob.ar\/01\/wp-content\/uploads\/2024\/12\/WhatsApp-Image-2024-12-09-at-10.28.27.jpeg 1280w\" sizes=\"(max-width: 1024px) 100vw, 1024px\" \/><\/a><\/figure>\n\n\n\n<p><\/p>\n\n\n\n<p>El Senador Provincial, Mart\u00edn Olivero, la Diputada Provincial, Luciana Perano, el Jefe de Gabinete, Gabriel Messina, la Vicepresidenta del Honorable Concejo Deliberante de la Ciudad de La Punta (HCDLP), Roxana Oros y funcionarios municipales acompa\u00f1aron a la comunidad en esta celebraci\u00f3n tan significativa.<\/p>\n","protected":false},"excerpt":{"rendered":"<p>\u00a1Se dio inicio a la temporada m\u00e1s esperada del a\u00f1o! En una noche llena de ilusi\u00f3n, se encendi\u00f3 el imponente \u00e1rbol navide\u00f1o en la Rotonda de los Vientos de la &#8230;<\/p>\n","protected":false},"author":38,"featured_media":2600,"comment_status":"closed","ping_status":"","sticky":false,"template":"","format":"standard","meta":{"footnotes":""},"categories":[19],"tags":[115,110,111,82,120,118,30,117,116,114,73,121,122,109,119,113,112],"class_list":["post-2597","post","type-post","status-publish","format-standard","has-post-thumbnail","hentry","category-noticias","tag-abrazos","tag-arbol-navideno","tag-coro-municipal-de-adultos-mayores","tag-familias","tag-funcionarios-municipales","tag-gabriel-messina","tag-la-punta","tag-luciana-perano","tag-martin-olivero","tag-momento-especial","tag-municipalidad-de-la-punta","tag-navidad","tag-papa-noel","tag-rotonda-de-los-vientos","tag-roxana-oros","tag-vecinos","tag-villancicos"],"_links":{"self":[{"href":"https:\/\/ciudaddelapunta.gob.ar\/01\/wp-json\/wp\/v2\/posts\/2597","targetHints":{"allow":["GET"]}}],"collection":[{"href":"https:\/\/ciudaddelapunta.gob.ar\/01\/wp-json\/wp\/v2\/posts"}],"about":[{"href":"https:\/\/ciudaddelapunta.gob.ar\/01\/wp-json\/wp\/v2\/types\/post"}],"author":[{"embeddable":true,"href":"https:\/\/ciudaddelapunta.gob.ar\/01\/wp-json\/wp\/v2\/users\/38"}],"replies":[{"embeddable":true,"href":"https:\/\/ciudaddelapunta.gob.ar\/01\/wp-json\/wp\/v2\/comments?post=2597"}],"version-history":[{"count":1,"href":"https:\/\/ciudaddelapunta.gob.ar\/01\/wp-json\/wp\/v2\/posts\/2597\/revisions"}],"predecessor-version":[{"id":2601,"href":"https:\/\/ciudaddelapunta.gob.ar\/01\/wp-json\/wp\/v2\/posts\/2597\/revisions\/2601"}],"wp:featuredmedia":[{"embeddable":true,"href":"https:\/\/ciudaddelapunta.gob.ar\/01\/wp-json\/wp\/v2\/media\/2600"}],"wp:attachment":[{"href":"https:\/\/ciudaddelapunta.gob.ar\/01\/wp-json\/wp\/v2\/media?parent=2597"}],"wp:term":[{"taxonomy":"category","embeddable":true,"href":"https:\/\/ciudaddelapunta.gob.ar\/01\/wp-json\/wp\/v2\/categories?post=2597"},{"taxonomy":"post_tag","embeddable":true,"href":"https:\/\/ciudaddelapunta.gob.ar\/01\/wp-json\/wp\/v2\/tags?post=2597"}],"curies":[{"name":"wp","href":"https:\/\/api.w.org\/{rel}","templated":true}]}}