{"id":2592,"date":"2024-12-07T16:38:36","date_gmt":"2024-12-07T19:38:36","guid":{"rendered":"https:\/\/ciudaddelapunta.gob.ar\/01\/?p=2592"},"modified":"2024-12-07T16:38:36","modified_gmt":"2024-12-07T19:38:36","slug":"el-campeonato-de-boxeo-jose-maria-gatica-vivio-un-cierre-memorable","status":"publish","type":"post","link":"https:\/\/ciudaddelapunta.gob.ar\/01\/el-campeonato-de-boxeo-jose-maria-gatica-vivio-un-cierre-memorable\/","title":{"rendered":"EL CAMPEONATO DE BOXEO &#8220;JOS\u00c9 MAR\u00cdA GATICA&#8221; VIVI\u00d3 UN CIERRE MEMORABLE"},"content":{"rendered":"\n<p><strong>Con la presencia del Intendente de La Punta, Luciano Ayala, el torneo tuvo un cierre a lo grande en el Palacio de los Deportes de Villa Mercedes.<\/strong><\/p>\n\n\n\n<figure class=\"wp-block-image size-large\"><a href=\"https:\/\/ciudaddelapunta.gob.ar\/01\/wp-content\/uploads\/2024\/12\/WhatsApp-Image-2024-12-07-at-15.32.10-1-scaled.jpeg\"><img fetchpriority=\"high\" decoding=\"async\" width=\"1024\" height=\"576\" src=\"https:\/\/ciudaddelapunta.gob.ar\/01\/wp-content\/uploads\/2024\/12\/WhatsApp-Image-2024-12-07-at-15.32.10-1-1024x576.jpeg\" alt=\"\" class=\"wp-image-2593\" srcset=\"https:\/\/ciudaddelapunta.gob.ar\/01\/wp-content\/uploads\/2024\/12\/WhatsApp-Image-2024-12-07-at-15.32.10-1-1024x576.jpeg 1024w, https:\/\/ciudaddelapunta.gob.ar\/01\/wp-content\/uploads\/2024\/12\/WhatsApp-Image-2024-12-07-at-15.32.10-1-300x169.jpeg 300w, https:\/\/ciudaddelapunta.gob.ar\/01\/wp-content\/uploads\/2024\/12\/WhatsApp-Image-2024-12-07-at-15.32.10-1-768x432.jpeg 768w, https:\/\/ciudaddelapunta.gob.ar\/01\/wp-content\/uploads\/2024\/12\/WhatsApp-Image-2024-12-07-at-15.32.10-1-1536x864.jpeg 1536w, https:\/\/ciudaddelapunta.gob.ar\/01\/wp-content\/uploads\/2024\/12\/WhatsApp-Image-2024-12-07-at-15.32.10-1-2048x1152.jpeg 2048w\" sizes=\"(max-width: 1024px) 100vw, 1024px\" \/><\/a><\/figure>\n\n\n\n<p>El Campeonato Provincial de Boxeo Amateur &#8220;Jos\u00e9 Mar\u00eda Gatica&#8221; tuvo un cierre a lo grande en el Palacio de los Deportes de Villa Mercedes, con la presencia del Intendente de La Punta, Luciano Ayala.<\/p>\n\n\n\n<p>El Gobernador de San Luis, Claudio Poggi, presidi\u00f3 la \u00faltima fecha del torneo, que cont\u00f3 con homenajes, reconocimientos y anuncios: se confirm\u00f3 que el 14 de febrero de 2025 inicia la edici\u00f3n 2025 del Campeonato Provincial.<\/p>\n\n\n\n<p>RESULTADOS:<\/p>\n\n\n\n<p>1\u00b0 pelea: Mariano Cuesta (Villa Mercedes) vs. Lucas Guti\u00e9rrez (San Luis). Guti\u00e9rrez ganador por puntos.<\/p>\n\n\n\n<p>2\u00b0 pelea: Priscila Romero (Villa Mercedes) vs. Jazm\u00edn Guti\u00e9rrez (San Luis). Romero gan\u00f3 por puntos.<\/p>\n\n\n\n<p>3\u00b0 pelea: Javier Rosales (Villa Mercedes) vs. Agust\u00edn G\u00f3mez (Villa Mercedes). Gan\u00f3 Rosales por puntos.<\/p>\n\n\n\n<p>4\u00b0 pelea: Maximiliano Camargo (Villa Mercedes) vs. Isa\u00edas Aguilera (San Luis). Camargo gan\u00f3 por puntos.<\/p>\n\n\n\n<p>5\u00b0 pelea: Rom\u00e1n Amitrano (Villa Mercedes) vs. Joaqu\u00edn Baes (R\u00edo Cuarto). Gan\u00f3 Amitrano por puntos.<\/p>\n\n\n\n<p>6\u00b0 pelea: David Orozco (Villa Mercedes) vs. Gabriel Aguilera (Villa Mercedes). Orozco gan\u00f3 por puntos.<\/p>\n\n\n\n<p>7\u00b0 pelea: Jair Assat (Villa Mercedes) vs. Santiago Giordano (San Luis). Assat gan\u00f3 por puntos.<\/p>\n\n\n\n<figure class=\"wp-block-image size-large\"><a href=\"https:\/\/ciudaddelapunta.gob.ar\/01\/wp-content\/uploads\/2024\/12\/WhatsApp-Image-2024-12-07-at-15.32.08-scaled.jpeg\"><img decoding=\"async\" width=\"1024\" height=\"543\" src=\"https:\/\/ciudaddelapunta.gob.ar\/01\/wp-content\/uploads\/2024\/12\/WhatsApp-Image-2024-12-07-at-15.32.08-1024x543.jpeg\" alt=\"\" class=\"wp-image-2595\" srcset=\"https:\/\/ciudaddelapunta.gob.ar\/01\/wp-content\/uploads\/2024\/12\/WhatsApp-Image-2024-12-07-at-15.32.08-1024x543.jpeg 1024w, https:\/\/ciudaddelapunta.gob.ar\/01\/wp-content\/uploads\/2024\/12\/WhatsApp-Image-2024-12-07-at-15.32.08-300x159.jpeg 300w, https:\/\/ciudaddelapunta.gob.ar\/01\/wp-content\/uploads\/2024\/12\/WhatsApp-Image-2024-12-07-at-15.32.08-768x407.jpeg 768w, https:\/\/ciudaddelapunta.gob.ar\/01\/wp-content\/uploads\/2024\/12\/WhatsApp-Image-2024-12-07-at-15.32.08-1536x814.jpeg 1536w, https:\/\/ciudaddelapunta.gob.ar\/01\/wp-content\/uploads\/2024\/12\/WhatsApp-Image-2024-12-07-at-15.32.08-2048x1086.jpeg 2048w\" sizes=\"(max-width: 1024px) 100vw, 1024px\" \/><\/a><\/figure>\n\n\n\n<p>Posteriormente a las peleas, se premi\u00f3 a los 27 campeones de las distintas categor\u00edas.<\/p>\n\n\n\n<p>La finalizaci\u00f3n de este certamen tambi\u00e9n cont\u00f3 con la asistencia del reconocido comentarista deportivo Osvaldo Pr\u00edncipi, autoridades provinciales y municipales y boxeadores de la ciudad de La Punta que estuvieron participando a lo largo del Campeonato.<\/p>\n","protected":false},"excerpt":{"rendered":"<p>Con la presencia del Intendente de La Punta, Luciano Ayala, el torneo tuvo un cierre a lo grande en el Palacio de los Deportes de Villa Mercedes. El Campeonato Provincial &#8230;<\/p>\n","protected":false},"author":38,"featured_media":2594,"comment_status":"closed","ping_status":"","sticky":false,"template":"","format":"standard","meta":{"footnotes":""},"categories":[19],"tags":[104,106,107,97,31,55,100,102,30,23,105,98,103,108,101,99],"class_list":["post-2592","post","type-post","status-publish","format-standard","has-post-thumbnail","hentry","category-noticias","tag-anuncio","tag-autoridades-provinciales-y-municipales","tag-boxeadores-de-la-punta","tag-campeonato-provincial-de-boxeo-amateur-jose-maria-gatica","tag-claudio-poggi","tag-deporte","tag-gobernador-de-san-luis","tag-homenajes","tag-la-punta","tag-luciano-ayala","tag-osvaldo-principi","tag-palacio-de-los-deportes","tag-reconocimientos","tag-talentos","tag-ultima-fecha","tag-villa-mercedes"],"_links":{"self":[{"href":"https:\/\/ciudaddelapunta.gob.ar\/01\/wp-json\/wp\/v2\/posts\/2592","targetHints":{"allow":["GET"]}}],"collection":[{"href":"https:\/\/ciudaddelapunta.gob.ar\/01\/wp-json\/wp\/v2\/posts"}],"about":[{"href":"https:\/\/ciudaddelapunta.gob.ar\/01\/wp-json\/wp\/v2\/types\/post"}],"author":[{"embeddable":true,"href":"https:\/\/ciudaddelapunta.gob.ar\/01\/wp-json\/wp\/v2\/users\/38"}],"replies":[{"embeddable":true,"href":"https:\/\/ciudaddelapunta.gob.ar\/01\/wp-json\/wp\/v2\/comments?post=2592"}],"version-history":[{"count":1,"href":"https:\/\/ciudaddelapunta.gob.ar\/01\/wp-json\/wp\/v2\/posts\/2592\/revisions"}],"predecessor-version":[{"id":2596,"href":"https:\/\/ciudaddelapunta.gob.ar\/01\/wp-json\/wp\/v2\/posts\/2592\/revisions\/2596"}],"wp:featuredmedia":[{"embeddable":true,"href":"https:\/\/ciudaddelapunta.gob.ar\/01\/wp-json\/wp\/v2\/media\/2594"}],"wp:attachment":[{"href":"https:\/\/ciudaddelapunta.gob.ar\/01\/wp-json\/wp\/v2\/media?parent=2592"}],"wp:term":[{"taxonomy":"category","embeddable":true,"href":"https:\/\/ciudaddelapunta.gob.ar\/01\/wp-json\/wp\/v2\/categories?post=2592"},{"taxonomy":"post_tag","embeddable":true,"href":"https:\/\/ciudaddelapunta.gob.ar\/01\/wp-json\/wp\/v2\/tags?post=2592"}],"curies":[{"name":"wp","href":"https:\/\/api.w.org\/{rel}","templated":true}]}}