{"id":2584,"date":"2024-12-04T10:32:24","date_gmt":"2024-12-04T13:32:24","guid":{"rendered":"https:\/\/ciudaddelapunta.gob.ar\/01\/?p=2584"},"modified":"2024-12-04T10:46:13","modified_gmt":"2024-12-04T13:46:13","slug":"comienza-a-vivirse-la-previa-de-la-5ta-vuelta-san-luis-internacional-2024","status":"publish","type":"post","link":"https:\/\/ciudaddelapunta.gob.ar\/01\/comienza-a-vivirse-la-previa-de-la-5ta-vuelta-san-luis-internacional-2024\/","title":{"rendered":"COMIENZA A VIVIRSE LA PREVIA DE LA 5TA VUELTA SAN LUIS INTERNACIONAL 2024"},"content":{"rendered":"\n<p><strong>\u00a1Los fan\u00e1ticos del ciclismo tienen una atractiva cita para agendar!<\/strong><\/p>\n\n\n\n<figure class=\"wp-block-image size-large\"><a href=\"https:\/\/ciudaddelapunta.gob.ar\/01\/wp-content\/uploads\/2024\/12\/WhatsApp-Image-2024-12-04-at-10.14.49.jpeg\"><img fetchpriority=\"high\" decoding=\"async\" width=\"1024\" height=\"1024\" src=\"https:\/\/ciudaddelapunta.gob.ar\/01\/wp-content\/uploads\/2024\/12\/WhatsApp-Image-2024-12-04-at-10.14.49-1024x1024.jpeg\" alt=\"\" class=\"wp-image-2586\" srcset=\"https:\/\/ciudaddelapunta.gob.ar\/01\/wp-content\/uploads\/2024\/12\/WhatsApp-Image-2024-12-04-at-10.14.49-1024x1024.jpeg 1024w, https:\/\/ciudaddelapunta.gob.ar\/01\/wp-content\/uploads\/2024\/12\/WhatsApp-Image-2024-12-04-at-10.14.49-300x300.jpeg 300w, https:\/\/ciudaddelapunta.gob.ar\/01\/wp-content\/uploads\/2024\/12\/WhatsApp-Image-2024-12-04-at-10.14.49-150x150.jpeg 150w, https:\/\/ciudaddelapunta.gob.ar\/01\/wp-content\/uploads\/2024\/12\/WhatsApp-Image-2024-12-04-at-10.14.49-768x768.jpeg 768w, https:\/\/ciudaddelapunta.gob.ar\/01\/wp-content\/uploads\/2024\/12\/WhatsApp-Image-2024-12-04-at-10.14.49.jpeg 1280w\" sizes=\"(max-width: 1024px) 100vw, 1024px\" \/><\/a><\/figure>\n\n\n\n<p>El pr\u00f3ximo fin de semana, s\u00e1bado 7 y domingo 8 de diciembre, se llevar\u00e1 adelante la 5ta Vuelta San Luis Internacional.<\/p>\n\n\n\n<p>Las categor\u00edas M\u00e1ster, Damas, Junior y Elite II competir\u00e1n en dos etapas con mucha adrenalina.<\/p>\n\n\n\n<p>En los dos d\u00edas, la carrera comenzar\u00e1 desde el Polideportivo &#8220;Manuel Garc\u00eda Ferr\u00e9&#8221;.<\/p>\n\n\n\n<p>Los recorridos incluyen las localidades de La Punta, Villa de la Quebrada y Nogol\u00ed.<\/p>\n\n\n\n<p>\u00a1Los fan\u00e1ticos del ciclismo tienen una atractiva cita para agendar!<\/p>\n","protected":false},"excerpt":{"rendered":"<p>\u00a1Los fan\u00e1ticos del ciclismo tienen una atractiva cita para agendar! El pr\u00f3ximo fin de semana, s\u00e1bado 7 y domingo 8 de diciembre, se llevar\u00e1 adelante la 5ta Vuelta San Luis &#8230;<\/p>\n","protected":false},"author":38,"featured_media":2585,"comment_status":"closed","ping_status":"","sticky":false,"template":"","format":"standard","meta":{"footnotes":""},"categories":[19],"tags":[58,92,88,94,55,91,96,95,30,93,90,38,37,89],"class_list":["post-2584","post","type-post","status-publish","format-standard","has-post-thumbnail","hentry","category-noticias","tag-5ta-vuelta-san-luis-internacional","tag-adrenalina","tag-ciclismo","tag-damas","tag-deporte","tag-dos-etapas","tag-elite-ii","tag-junior","tag-la-punta","tag-master","tag-nogoli","tag-polideportivo-manuel-garcia-ferre","tag-turismo","tag-villa-de-la-quebrada"],"_links":{"self":[{"href":"https:\/\/ciudaddelapunta.gob.ar\/01\/wp-json\/wp\/v2\/posts\/2584","targetHints":{"allow":["GET"]}}],"collection":[{"href":"https:\/\/ciudaddelapunta.gob.ar\/01\/wp-json\/wp\/v2\/posts"}],"about":[{"href":"https:\/\/ciudaddelapunta.gob.ar\/01\/wp-json\/wp\/v2\/types\/post"}],"author":[{"embeddable":true,"href":"https:\/\/ciudaddelapunta.gob.ar\/01\/wp-json\/wp\/v2\/users\/38"}],"replies":[{"embeddable":true,"href":"https:\/\/ciudaddelapunta.gob.ar\/01\/wp-json\/wp\/v2\/comments?post=2584"}],"version-history":[{"count":3,"href":"https:\/\/ciudaddelapunta.gob.ar\/01\/wp-json\/wp\/v2\/posts\/2584\/revisions"}],"predecessor-version":[{"id":2588,"href":"https:\/\/ciudaddelapunta.gob.ar\/01\/wp-json\/wp\/v2\/posts\/2584\/revisions\/2588"}],"wp:featuredmedia":[{"embeddable":true,"href":"https:\/\/ciudaddelapunta.gob.ar\/01\/wp-json\/wp\/v2\/media\/2585"}],"wp:attachment":[{"href":"https:\/\/ciudaddelapunta.gob.ar\/01\/wp-json\/wp\/v2\/media?parent=2584"}],"wp:term":[{"taxonomy":"category","embeddable":true,"href":"https:\/\/ciudaddelapunta.gob.ar\/01\/wp-json\/wp\/v2\/categories?post=2584"},{"taxonomy":"post_tag","embeddable":true,"href":"https:\/\/ciudaddelapunta.gob.ar\/01\/wp-json\/wp\/v2\/tags?post=2584"}],"curies":[{"name":"wp","href":"https:\/\/api.w.org\/{rel}","templated":true}]}}