{"id":2571,"date":"2024-12-02T14:32:10","date_gmt":"2024-12-02T17:32:10","guid":{"rendered":"https:\/\/ciudaddelapunta.gob.ar\/01\/?p=2571"},"modified":"2024-12-02T14:32:10","modified_gmt":"2024-12-02T17:32:10","slug":"la-moda-transforma-la-punta-un-desfile-inolvidable","status":"publish","type":"post","link":"https:\/\/ciudaddelapunta.gob.ar\/01\/la-moda-transforma-la-punta-un-desfile-inolvidable\/","title":{"rendered":"LA MODA TRANSFORMA LA PUNTA, UN DESFILE INOLVIDABLE"},"content":{"rendered":"\n<p><strong>&#8220;Hilvanando Ideas, Transformando Sue\u00f1os en Realidades&#8221; fue el lema de una jornada repleta de actividades que incluyeron un desfile de moda, una muestra fotogr\u00e1fica, exposici\u00f3n de talleres y dem\u00e1s actividades.<\/strong><\/p>\n\n\n\n<figure class=\"wp-block-image size-large\"><a href=\"https:\/\/ciudaddelapunta.gob.ar\/01\/wp-content\/uploads\/2024\/12\/WhatsApp-Image-2024-12-02-at-14.26.10-scaled.jpeg\"><img fetchpriority=\"high\" decoding=\"async\" width=\"1024\" height=\"576\" src=\"https:\/\/ciudaddelapunta.gob.ar\/01\/wp-content\/uploads\/2024\/12\/WhatsApp-Image-2024-12-02-at-14.26.10-1024x576.jpeg\" alt=\"\" class=\"wp-image-2573\" srcset=\"https:\/\/ciudaddelapunta.gob.ar\/01\/wp-content\/uploads\/2024\/12\/WhatsApp-Image-2024-12-02-at-14.26.10-1024x576.jpeg 1024w, https:\/\/ciudaddelapunta.gob.ar\/01\/wp-content\/uploads\/2024\/12\/WhatsApp-Image-2024-12-02-at-14.26.10-300x169.jpeg 300w, https:\/\/ciudaddelapunta.gob.ar\/01\/wp-content\/uploads\/2024\/12\/WhatsApp-Image-2024-12-02-at-14.26.10-768x432.jpeg 768w, https:\/\/ciudaddelapunta.gob.ar\/01\/wp-content\/uploads\/2024\/12\/WhatsApp-Image-2024-12-02-at-14.26.10-1536x864.jpeg 1536w, https:\/\/ciudaddelapunta.gob.ar\/01\/wp-content\/uploads\/2024\/12\/WhatsApp-Image-2024-12-02-at-14.26.10-2048x1152.jpeg 2048w\" sizes=\"(max-width: 1024px) 100vw, 1024px\" \/><\/a><\/figure>\n\n\n\n<p>El Municipio de La Punta, a trav\u00e9s de la Secretar\u00eda de Comercio, Trabajo y Producci\u00f3n, a cargo de Hugo Rojos, junto a Celia Sosa, Directora de Pymes, celebraron con gran \u00e9xito la 3\u00b0 Edici\u00f3n de Dise\u00f1adoras Punte\u00f1as. El evento, realizado en el Centro de Convenciones, cont\u00f3 con una destacada participaci\u00f3n del p\u00fablico y el talento de emprendedores locales.<\/p>\n\n\n\n<p>Bajo el lema &#8220;Hilvanando Ideas, Transformando Sue\u00f1os en Realidades&#8221;, una jornada repleta de actividades que incluyeron un desfile de moda, una muestra fotogr\u00e1fica, exposici\u00f3n de talleres, entrega de certificados, patio de comida, sector de emprendedores, n\u00fameros art\u00edsticos y sorteos.<\/p>\n\n\n\n<p>El momento destacado de la noche fue con la presentaci\u00f3n de propuestas innovadoras de M\u00f3nica Baldi, del Taller Municipal de Corte y Confecci\u00f3n, que cautiv\u00f3 al p\u00fablico con su visi\u00f3n de la &#8220;moda circular&#8221;, transformando prendas usadas en creaciones \u00fanicas. Por su parte, Griselda Virili, especialista en molder\u00eda y alta costura, demostr\u00f3 su maestr\u00eda en el dise\u00f1o de prendas exclusivas.<\/p>\n\n\n\n<figure class=\"wp-block-image size-large\"><a href=\"https:\/\/ciudaddelapunta.gob.ar\/01\/wp-content\/uploads\/2024\/12\/WhatsApp-Image-2024-12-02-at-14.26.11-scaled.jpeg\"><img decoding=\"async\" width=\"1024\" height=\"576\" src=\"https:\/\/ciudaddelapunta.gob.ar\/01\/wp-content\/uploads\/2024\/12\/WhatsApp-Image-2024-12-02-at-14.26.11-1024x576.jpeg\" alt=\"\" class=\"wp-image-2574\" srcset=\"https:\/\/ciudaddelapunta.gob.ar\/01\/wp-content\/uploads\/2024\/12\/WhatsApp-Image-2024-12-02-at-14.26.11-1024x576.jpeg 1024w, https:\/\/ciudaddelapunta.gob.ar\/01\/wp-content\/uploads\/2024\/12\/WhatsApp-Image-2024-12-02-at-14.26.11-300x169.jpeg 300w, https:\/\/ciudaddelapunta.gob.ar\/01\/wp-content\/uploads\/2024\/12\/WhatsApp-Image-2024-12-02-at-14.26.11-768x432.jpeg 768w, https:\/\/ciudaddelapunta.gob.ar\/01\/wp-content\/uploads\/2024\/12\/WhatsApp-Image-2024-12-02-at-14.26.11-1536x864.jpeg 1536w, https:\/\/ciudaddelapunta.gob.ar\/01\/wp-content\/uploads\/2024\/12\/WhatsApp-Image-2024-12-02-at-14.26.11-2048x1152.jpeg 2048w\" sizes=\"(max-width: 1024px) 100vw, 1024px\" \/><\/a><\/figure>\n\n\n\n<p>Durante su discurso de apertura, el Intendente de La Punta, Luciano Ayala, destac\u00f3 la importancia de la capacitaci\u00f3n continua: \u201cCreemos mucho que la \u00fanica manera de progresar es capacit\u00e1ndose, realizando cursos y siempre teniendo como objetivo una pronta salida laboral. El Municipio invierte en profesores, queremos pol\u00edticas de Estado que apoyen el emprendimiento y fomenten el trabajo\u201d.<\/p>\n\n\n\n<p>Por su parte, el Secretario de Comercio, Trabajo y Producci\u00f3n expres\u00f3 su gratitud a todos los involucrados, resaltando el compromiso de los talleristas, estudiantes y emprendedores, quienes con dedicaci\u00f3n y pasi\u00f3n han trabajado arduamente durante todo el a\u00f1o para hacer realidad sus proyectos. Asimismo, agradeci\u00f3 el invaluable apoyo del Gobierno Provincial, cuya colaboraci\u00f3n ha sido fundamental para el \u00e9xito de esta iniciativa.<\/p>\n\n\n\n<p>La 3\u00b0 Edici\u00f3n de Dise\u00f1adoras Punte\u00f1as reafirma el compromiso de la Municipalidad de La Punta por fomentar la creatividad, el arte y el emprendimiento local, brindando un espacio para que los talentos locales puedan mostrar su trabajo y conectar con la comunidad.<\/p>\n","protected":false},"excerpt":{"rendered":"<p>&#8220;Hilvanando Ideas, Transformando Sue\u00f1os en Realidades&#8221; fue el lema de una jornada repleta de actividades que incluyeron un desfile de moda, una muestra fotogr\u00e1fica, exposici\u00f3n de talleres y dem\u00e1s actividades. &#8230;<\/p>\n","protected":false},"author":38,"featured_media":2572,"comment_status":"closed","ping_status":"","sticky":false,"template":"","format":"standard","meta":{"footnotes":""},"categories":[19],"tags":[66,29,72,74,70,30,23,67,71,73,68,69],"class_list":["post-2571","post","type-post","status-publish","format-standard","has-post-thumbnail","hentry","category-noticias","tag-3-edicion-de-disenadoras-puntenas","tag-centro-de-convenciones","tag-emprendedores","tag-emprendedurismo","tag-exposicion","tag-la-punta","tag-luciano-ayala","tag-moda","tag-muestra","tag-municipalidad-de-la-punta","tag-pymes","tag-talleres"],"_links":{"self":[{"href":"https:\/\/ciudaddelapunta.gob.ar\/01\/wp-json\/wp\/v2\/posts\/2571","targetHints":{"allow":["GET"]}}],"collection":[{"href":"https:\/\/ciudaddelapunta.gob.ar\/01\/wp-json\/wp\/v2\/posts"}],"about":[{"href":"https:\/\/ciudaddelapunta.gob.ar\/01\/wp-json\/wp\/v2\/types\/post"}],"author":[{"embeddable":true,"href":"https:\/\/ciudaddelapunta.gob.ar\/01\/wp-json\/wp\/v2\/users\/38"}],"replies":[{"embeddable":true,"href":"https:\/\/ciudaddelapunta.gob.ar\/01\/wp-json\/wp\/v2\/comments?post=2571"}],"version-history":[{"count":1,"href":"https:\/\/ciudaddelapunta.gob.ar\/01\/wp-json\/wp\/v2\/posts\/2571\/revisions"}],"predecessor-version":[{"id":2575,"href":"https:\/\/ciudaddelapunta.gob.ar\/01\/wp-json\/wp\/v2\/posts\/2571\/revisions\/2575"}],"wp:featuredmedia":[{"embeddable":true,"href":"https:\/\/ciudaddelapunta.gob.ar\/01\/wp-json\/wp\/v2\/media\/2572"}],"wp:attachment":[{"href":"https:\/\/ciudaddelapunta.gob.ar\/01\/wp-json\/wp\/v2\/media?parent=2571"}],"wp:term":[{"taxonomy":"category","embeddable":true,"href":"https:\/\/ciudaddelapunta.gob.ar\/01\/wp-json\/wp\/v2\/categories?post=2571"},{"taxonomy":"post_tag","embeddable":true,"href":"https:\/\/ciudaddelapunta.gob.ar\/01\/wp-json\/wp\/v2\/tags?post=2571"}],"curies":[{"name":"wp","href":"https:\/\/api.w.org\/{rel}","templated":true}]}}