{"id":2560,"date":"2024-11-29T13:11:04","date_gmt":"2024-11-29T16:11:04","guid":{"rendered":"https:\/\/ciudaddelapunta.gob.ar\/01\/?p=2560"},"modified":"2024-11-29T13:11:04","modified_gmt":"2024-11-29T16:11:04","slug":"la-punta-se-convierte-en-la-capital-deportiva-de-san-luis-con-una-agenda-cargada-de-eventos","status":"publish","type":"post","link":"https:\/\/ciudaddelapunta.gob.ar\/01\/la-punta-se-convierte-en-la-capital-deportiva-de-san-luis-con-una-agenda-cargada-de-eventos\/","title":{"rendered":"LA PUNTA SE CONVIERTE EN LA CAPITAL DEPORTIVA DE SAN LUIS CON UNA AGENDA CARGADA DE EVENTOS"},"content":{"rendered":"\n<p><strong>En conferencia de prensa, se dio a conocer una gran cantidad de actividades que prometen congregar a deportistas y aficionados de toda la regi\u00f3n.<\/strong><\/p>\n\n\n\n<figure class=\"wp-block-image size-large\"><a href=\"https:\/\/ciudaddelapunta.gob.ar\/01\/wp-content\/uploads\/2024\/11\/WhatsApp-Image-2024-11-29-at-13.03.08.jpeg\"><img fetchpriority=\"high\" decoding=\"async\" width=\"1024\" height=\"682\" src=\"https:\/\/ciudaddelapunta.gob.ar\/01\/wp-content\/uploads\/2024\/11\/WhatsApp-Image-2024-11-29-at-13.03.08-1024x682.jpeg\" alt=\"\" class=\"wp-image-2562\" srcset=\"https:\/\/ciudaddelapunta.gob.ar\/01\/wp-content\/uploads\/2024\/11\/WhatsApp-Image-2024-11-29-at-13.03.08-1024x682.jpeg 1024w, https:\/\/ciudaddelapunta.gob.ar\/01\/wp-content\/uploads\/2024\/11\/WhatsApp-Image-2024-11-29-at-13.03.08-300x200.jpeg 300w, https:\/\/ciudaddelapunta.gob.ar\/01\/wp-content\/uploads\/2024\/11\/WhatsApp-Image-2024-11-29-at-13.03.08-768x512.jpeg 768w, https:\/\/ciudaddelapunta.gob.ar\/01\/wp-content\/uploads\/2024\/11\/WhatsApp-Image-2024-11-29-at-13.03.08-1536x1024.jpeg 1536w, https:\/\/ciudaddelapunta.gob.ar\/01\/wp-content\/uploads\/2024\/11\/WhatsApp-Image-2024-11-29-at-13.03.08-2048x1365.jpeg 2048w\" sizes=\"(max-width: 1024px) 100vw, 1024px\" \/><\/a><\/figure>\n\n\n\n<p>La ciudad de La Punta se prepara para vivir un fin de semana intenso de actividad deportiva. En una conferencia de prensa realizada en Terrazas del Portezuelo, el Intendente de La Punta, Luciano Ayala, junto a la Secretaria de Deportes del Gobierno de San Luis, Adelaida Mu\u00f1iz, dio a conocer una agenda cargada de eventos que prometen congregar a deportistas y aficionados de toda la regi\u00f3n.<\/p>\n\n\n\n<p>Los amantes del ciclismo de monta\u00f1a tendr\u00e1n una cita ineludible con el Rally La Punta MTB, que se llevar\u00e1 a cabo el s\u00e1bado 30 de noviembre y domingo 1\u00b0 de diciembre en el Balneario Municipal. Con diferentes categor\u00edas y distancias, la competencia promete un gran desaf\u00edo para todos los participantes.<\/p>\n\n\n\n<p>En paralelo, se llevar\u00e1 adelante la 5ta Vuelta San Luis Internacional, una competencia de ciclismo de ruta que recorrer\u00e1 distintos puntos de la provincia. La carrera se desarrollar\u00e1 en dos etapas, el s\u00e1bado 7 y domingo 8 de diciembre, con circuitos que pondr\u00e1n a prueba la resistencia y habilidad de los ciclistas.<\/p>\n\n\n\n<p>Tambi\u00e9n tendr\u00e1 su lugar el f\u00fatbol, con las finales de la Copa Argentina de F\u00fatbol Senior que se disputar\u00e1n el domingo 8 de diciembre en el Estadio Provincial \u201cJuan Gilberto Funes\u201d. Adem\u00e1s, confirmaron que el domingo 15 de diciembre se dar\u00e1 inicio a la temporada de verano con un acto especial en el Balneario Municipal.<\/p>\n\n\n\n<p>La agenda deportiva de La Punta se extiende m\u00e1s all\u00e1 de este fin de semana. La ciudad ser\u00e1 sede de la Copa Ciudad de La Punta de F\u00fatbol Senior en febrero y de la Copa Argentina Senior en mayo de 2024.<\/p>\n\n\n\n<p>Con esta amplia oferta, La Punta se convierte en el epicentro de la actividad deportiva en la provincia, atrayendo a deportistas y aficionados de todo el pa\u00eds. La ciudad se consolida como el destino deportivo por excelencia en San Luis, convocando a miles de participantes y espectadores.<\/p>\n\n\n\n<p>Tambi\u00e9n estuvieron presentes en la conferencia el Secretario de Deporte, Cultura y Turismo del Municipio de La Punta, Javier Porco, el Director de Deporte y Recreaci\u00f3n, Franco Jofr\u00e9, y uno de los organizadores del Rally La Punta MTB, Alejandro Escudero.<\/p>\n","protected":false},"excerpt":{"rendered":"<p>En conferencia de prensa, se dio a conocer una gran cantidad de actividades que prometen congregar a deportistas y aficionados de toda la regi\u00f3n. La ciudad de La Punta se &#8230;<\/p>\n","protected":false},"author":38,"featured_media":2561,"comment_status":"closed","ping_status":"","sticky":false,"template":"","format":"standard","meta":{"footnotes":""},"categories":[19],"tags":[58,53,56,60,51,59,64,63,55,65,61,62,30,23,57,52],"class_list":["post-2560","post","type-post","status-publish","format-standard","has-post-thumbnail","hentry","category-noticias","tag-5ta-vuelta-san-luis-internacional","tag-adelaida-muniz","tag-agenda-deportiva","tag-balneario-municipal","tag-conferencia-de-prensa","tag-copa-argentina-de-futbol-senior","tag-copa-argentina-senior","tag-copa-ciudad-de-la-punta-de-futbol-senior","tag-deporte","tag-deportistas","tag-estadio-provincial-juan-gilberto-funes","tag-inicio-a-la-temporada-de-verano","tag-la-punta","tag-luciano-ayala","tag-rally-la-punta-mtb","tag-terrazas-del-portezuelo"],"_links":{"self":[{"href":"https:\/\/ciudaddelapunta.gob.ar\/01\/wp-json\/wp\/v2\/posts\/2560","targetHints":{"allow":["GET"]}}],"collection":[{"href":"https:\/\/ciudaddelapunta.gob.ar\/01\/wp-json\/wp\/v2\/posts"}],"about":[{"href":"https:\/\/ciudaddelapunta.gob.ar\/01\/wp-json\/wp\/v2\/types\/post"}],"author":[{"embeddable":true,"href":"https:\/\/ciudaddelapunta.gob.ar\/01\/wp-json\/wp\/v2\/users\/38"}],"replies":[{"embeddable":true,"href":"https:\/\/ciudaddelapunta.gob.ar\/01\/wp-json\/wp\/v2\/comments?post=2560"}],"version-history":[{"count":1,"href":"https:\/\/ciudaddelapunta.gob.ar\/01\/wp-json\/wp\/v2\/posts\/2560\/revisions"}],"predecessor-version":[{"id":2563,"href":"https:\/\/ciudaddelapunta.gob.ar\/01\/wp-json\/wp\/v2\/posts\/2560\/revisions\/2563"}],"wp:featuredmedia":[{"embeddable":true,"href":"https:\/\/ciudaddelapunta.gob.ar\/01\/wp-json\/wp\/v2\/media\/2561"}],"wp:attachment":[{"href":"https:\/\/ciudaddelapunta.gob.ar\/01\/wp-json\/wp\/v2\/media?parent=2560"}],"wp:term":[{"taxonomy":"category","embeddable":true,"href":"https:\/\/ciudaddelapunta.gob.ar\/01\/wp-json\/wp\/v2\/categories?post=2560"},{"taxonomy":"post_tag","embeddable":true,"href":"https:\/\/ciudaddelapunta.gob.ar\/01\/wp-json\/wp\/v2\/tags?post=2560"}],"curies":[{"name":"wp","href":"https:\/\/api.w.org\/{rel}","templated":true}]}}