{"id":2554,"date":"2024-11-28T20:05:54","date_gmt":"2024-11-28T23:05:54","guid":{"rendered":"https:\/\/ciudaddelapunta.gob.ar\/01\/?p=2554"},"modified":"2024-11-28T20:05:54","modified_gmt":"2024-11-28T23:05:54","slug":"rally-la-punta-mtb-vive-la-adrenalina-sobre-dos-ruedas","status":"publish","type":"post","link":"https:\/\/ciudaddelapunta.gob.ar\/01\/rally-la-punta-mtb-vive-la-adrenalina-sobre-dos-ruedas\/","title":{"rendered":"RALLY LA PUNTA MTB: VIVE LA ADRENALINA SOBRE DOS RUEDAS"},"content":{"rendered":"\n<p><strong>El 30 de noviembre y el 1\u00b0 de diciembre, la ciudad de La Punta se convertir\u00e1 en el epicentro del ciclismo de monta\u00f1a.<\/strong><\/p>\n\n\n\n<figure class=\"wp-block-image size-large\"><a href=\"https:\/\/ciudaddelapunta.gob.ar\/01\/wp-content\/uploads\/2024\/11\/WhatsApp-Image-2024-11-25-at-10.59.04.jpeg\"><img fetchpriority=\"high\" decoding=\"async\" width=\"1024\" height=\"992\" src=\"https:\/\/ciudaddelapunta.gob.ar\/01\/wp-content\/uploads\/2024\/11\/WhatsApp-Image-2024-11-25-at-10.59.04-1024x992.jpeg\" alt=\"\" class=\"wp-image-2556\" srcset=\"https:\/\/ciudaddelapunta.gob.ar\/01\/wp-content\/uploads\/2024\/11\/WhatsApp-Image-2024-11-25-at-10.59.04-1024x992.jpeg 1024w, https:\/\/ciudaddelapunta.gob.ar\/01\/wp-content\/uploads\/2024\/11\/WhatsApp-Image-2024-11-25-at-10.59.04-300x291.jpeg 300w, https:\/\/ciudaddelapunta.gob.ar\/01\/wp-content\/uploads\/2024\/11\/WhatsApp-Image-2024-11-25-at-10.59.04-768x744.jpeg 768w, https:\/\/ciudaddelapunta.gob.ar\/01\/wp-content\/uploads\/2024\/11\/WhatsApp-Image-2024-11-25-at-10.59.04-1536x1487.jpeg 1536w, https:\/\/ciudaddelapunta.gob.ar\/01\/wp-content\/uploads\/2024\/11\/WhatsApp-Image-2024-11-25-at-10.59.04-2048x1983.jpeg 2048w\" sizes=\"(max-width: 1024px) 100vw, 1024px\" \/><\/a><\/figure>\n\n\n\n<p>Un fin de semana donde el paisaje se transforma en una pista llena de esp\u00edritu deportivo. As\u00ed es el Rally La Punta MTB 2024.<\/p>\n\n\n\n<p>El 30 de noviembre y el 1\u00b0 de diciembre, el Parque Acu\u00e1tico de La Punta se convertir\u00e1 en el epicentro del ciclismo de monta\u00f1a. Los mejores atletas de la regi\u00f3n se dar\u00e1n cita para desafiar un circuito dise\u00f1ado para poner a prueba su resistencia, habilidad y pasi\u00f3n por la bicicleta.<\/p>\n\n\n\n<p>Imagina ver a los ciclistas surcando los senderos con agilidad y destreza, superando obst\u00e1culos y alcanzando cada curva de la carrera desde los mejores puntos de observaci\u00f3n. Desde las 09:00hs., podr\u00e1s verlos pasar a toda velocidad por la calle detr\u00e1s del Club Atl\u00e9tico El B\u00fafalo, a la altura de los Bomberos Voluntarios, por atr\u00e1s del predio de Vialidad, frente al Estadio Provincial \u201cJuan Gilberto Funes\u201d, el Acceso Diego Armando Maradona, la Ruta Nacional N\u00b0 146, hacia el Data Center, la F\u00e1brica de Alfombras y Planeta Juego Plaza Fundacional.<\/p>\n\n\n\n<p>Prep\u00e1rate para vivir una experiencia inolvidable y contagiarte de la pasi\u00f3n por el ciclismo.<\/p>\n","protected":false},"excerpt":{"rendered":"<p>El 30 de noviembre y el 1\u00b0 de diciembre, la ciudad de La Punta se convertir\u00e1 en el epicentro del ciclismo de monta\u00f1a. Un fin de semana donde el paisaje &#8230;<\/p>\n","protected":false},"author":38,"featured_media":2555,"comment_status":"closed","ping_status":"","sticky":false,"template":"","format":"standard","meta":{"footnotes":""},"categories":[19],"tags":[48,46,50,30,23,47,45],"class_list":["post-2554","post","type-post","status-publish","format-standard","has-post-thumbnail","hentry","category-noticias","tag-3-edicion","tag-ciclismo-de-montana","tag-domingo-1-de-diciembre","tag-la-punta","tag-luciano-ayala","tag-parque-acuatico-la-punta","tag-rally-la-punta-mtb-2024"],"_links":{"self":[{"href":"https:\/\/ciudaddelapunta.gob.ar\/01\/wp-json\/wp\/v2\/posts\/2554","targetHints":{"allow":["GET"]}}],"collection":[{"href":"https:\/\/ciudaddelapunta.gob.ar\/01\/wp-json\/wp\/v2\/posts"}],"about":[{"href":"https:\/\/ciudaddelapunta.gob.ar\/01\/wp-json\/wp\/v2\/types\/post"}],"author":[{"embeddable":true,"href":"https:\/\/ciudaddelapunta.gob.ar\/01\/wp-json\/wp\/v2\/users\/38"}],"replies":[{"embeddable":true,"href":"https:\/\/ciudaddelapunta.gob.ar\/01\/wp-json\/wp\/v2\/comments?post=2554"}],"version-history":[{"count":1,"href":"https:\/\/ciudaddelapunta.gob.ar\/01\/wp-json\/wp\/v2\/posts\/2554\/revisions"}],"predecessor-version":[{"id":2557,"href":"https:\/\/ciudaddelapunta.gob.ar\/01\/wp-json\/wp\/v2\/posts\/2554\/revisions\/2557"}],"wp:featuredmedia":[{"embeddable":true,"href":"https:\/\/ciudaddelapunta.gob.ar\/01\/wp-json\/wp\/v2\/media\/2555"}],"wp:attachment":[{"href":"https:\/\/ciudaddelapunta.gob.ar\/01\/wp-json\/wp\/v2\/media?parent=2554"}],"wp:term":[{"taxonomy":"category","embeddable":true,"href":"https:\/\/ciudaddelapunta.gob.ar\/01\/wp-json\/wp\/v2\/categories?post=2554"},{"taxonomy":"post_tag","embeddable":true,"href":"https:\/\/ciudaddelapunta.gob.ar\/01\/wp-json\/wp\/v2\/tags?post=2554"}],"curies":[{"name":"wp","href":"https:\/\/api.w.org\/{rel}","templated":true}]}}